{"id":9995,"date":"2023-08-15T13:17:45","date_gmt":"2023-08-15T13:17:45","guid":{"rendered":"https:\/\/diariodigitalnea.com\/?p=9995"},"modified":"2023-08-15T13:17:46","modified_gmt":"2023-08-15T13:17:46","slug":"suspenden-la-venta-de-autos-y-se-espera-una-suba-del-15","status":"publish","type":"post","link":"https:\/\/diariodigitalnea.com\/index.php\/2023\/08\/15\/suspenden-la-venta-de-autos-y-se-espera-una-suba-del-15\/","title":{"rendered":"Suspenden la venta de autos y se espera una suba del 15%"},"content":{"rendered":"\n<p>Este incremento se suma al ajuste que ya tuvieron los autos, a comienzos de mes, como consecuencia del recargo impositivo de 7,5%.<\/p>\n\n\n\n<p><br>El efecto electoral golpe\u00f3 fuerte al mercado automotor. La decisi\u00f3n del Gobierno de devaluar el peso este lunes por la ma\u00f1ana paraliz\u00f3 inmediatamente las operaciones en el sector.<\/p>\n\n\n\n<p><br>Desde varias terminales comunicaron a su red de concesionarias que se suspend\u00eda la facturaci\u00f3n hasta que se decidiera la pol\u00edtica comercial a seguir.<\/p>\n\n\n\n<figure class=\"wp-block-image size-large\"><img fetchpriority=\"high\" decoding=\"async\" width=\"1024\" height=\"612\" src=\"https:\/\/diariodigitalnea.com\/wp-content\/uploads\/2023\/08\/auto2-1024x612.jpg\" alt=\"\" class=\"wp-image-9997\" srcset=\"https:\/\/diariodigitalnea.com\/wp-content\/uploads\/2023\/08\/auto2-1024x612.jpg 1024w, https:\/\/diariodigitalnea.com\/wp-content\/uploads\/2023\/08\/auto2-300x179.jpg 300w, https:\/\/diariodigitalnea.com\/wp-content\/uploads\/2023\/08\/auto2-768x459.jpg 768w, https:\/\/diariodigitalnea.com\/wp-content\/uploads\/2023\/08\/auto2.jpg 1300w\" sizes=\"(max-width: 1024px) 100vw, 1024px\" \/><\/figure>\n\n\n\n<p>Stellantis, Ford y Volkswagen fueron las que m\u00e1s r\u00e1pido reaccionaron a la suba del d\u00f3lar. En otras marcas se sigui\u00f3 operando con los veh\u00edculos que estaban asignados, pero no se tomaron nuevos pedidos.<\/p>\n\n\n\n<p><\/p>\n\n\n\n<p>Seg\u00fan distintas agencias, se espera que en las pr\u00f3ximas horas lleguen las nuevas listas de precios con aumentos que se estiman entre 13% y 15%, para los 0k que expresan su cotizaci\u00f3n en pesos.<\/p>\n\n\n\n<p><br>Este incremento se suma al ajuste que ya tuvieron los autos, a comienzos de mes, como consecuencia del recargo impositivo de 7,5% que se aplica sobre la importaci\u00f3n de 0km y piezas.<\/p>\n\n\n\n<figure class=\"wp-block-image size-large\"><img decoding=\"async\" width=\"1024\" height=\"513\" src=\"http:\/\/diariodigitalnea.com\/wp-content\/uploads\/2023\/05\/ENCUENTRO-IG-Verde-copy-1024x513.jpg\" alt=\"PUBLICIDAD\" class=\"wp-image-8132\" srcset=\"https:\/\/diariodigitalnea.com\/wp-content\/uploads\/2023\/05\/ENCUENTRO-IG-Verde-copy-1024x513.jpg 1024w, https:\/\/diariodigitalnea.com\/wp-content\/uploads\/2023\/05\/ENCUENTRO-IG-Verde-copy-300x150.jpg 300w, https:\/\/diariodigitalnea.com\/wp-content\/uploads\/2023\/05\/ENCUENTRO-IG-Verde-copy-768x385.jpg 768w, https:\/\/diariodigitalnea.com\/wp-content\/uploads\/2023\/05\/ENCUENTRO-IG-Verde-copy-1536x769.jpg 1536w, https:\/\/diariodigitalnea.com\/wp-content\/uploads\/2023\/05\/ENCUENTRO-IG-Verde-copy-2048x1026.jpg 2048w\" sizes=\"(max-width: 1024px) 100vw, 1024px\" \/><figcaption>Publicidad: Encuentro Tienda de Bebidas, Chile 190 Local 4 \u2013 Tel: 3624386655 &#8211; Gral San Mart\u00edn<\/figcaption><\/figure>\n\n\n\n<p><\/p>\n\n\n\n<p>El 40% del mercado se abastece con modelos que llegan del exterior, mientras que los nacionales sienten el impacto de un encarecimiento de los insumos importados, que representan alrededor del 60% de las piezas que se utilizan para la fabricaci\u00f3n.<\/p>\n\n\n\n<p><br>Entre las dos actualizaciones de precios, los 0km acumular\u00e1n una suba cercana al 30%, comparado con los valores de julio.<\/p>\n\n\n\n<p><\/p>\n\n\n\n<p>En julio se patentaron cerca de 44.000 unidades. Para agosto, se esperaba un mercado de 36.000 debido al recargo impositivo. Ahora, las proyecciones son menos optimistas y se se\u00f1ala que estar\u00e1 por debajo de 35.000.<\/p>\n\n\n\n<p><\/p>\n\n\n\n<p>La suba de precios va a frenar la demanda, pero tambi\u00e9n los vendedores cuidar\u00e1n sus stocks ante la incertidumbre de los precios de reposici\u00f3n.<\/p>\n\n\n\n<figure class=\"wp-block-image size-large\"><img decoding=\"async\" width=\"1024\" height=\"446\" src=\"http:\/\/diariodigitalnea.com\/wp-content\/uploads\/2023\/05\/CONSTRUCAL-CON-FABRICA-2-1024x446.jpg\" alt=\"publicidad Construcal 2\" class=\"wp-image-8211\" srcset=\"https:\/\/diariodigitalnea.com\/wp-content\/uploads\/2023\/05\/CONSTRUCAL-CON-FABRICA-2-1024x446.jpg 1024w, https:\/\/diariodigitalnea.com\/wp-content\/uploads\/2023\/05\/CONSTRUCAL-CON-FABRICA-2-300x131.jpg 300w, https:\/\/diariodigitalnea.com\/wp-content\/uploads\/2023\/05\/CONSTRUCAL-CON-FABRICA-2-768x334.jpg 768w, https:\/\/diariodigitalnea.com\/wp-content\/uploads\/2023\/05\/CONSTRUCAL-CON-FABRICA-2-1536x669.jpg 1536w, https:\/\/diariodigitalnea.com\/wp-content\/uploads\/2023\/05\/CONSTRUCAL-CON-FABRICA-2-2048x892.jpg 2048w\" sizes=\"(max-width: 1024px) 100vw, 1024px\" \/><figcaption>Publicidad: ConstruCal Cales hidratas y vivas para uso vial y construcci\u00f3n TEL: 3624602737\n<\/figcaption><\/figure>\n","protected":false},"excerpt":{"rendered":"<p>Este incremento se suma al ajuste que ya tuvieron los autos, a comienzos de mes, como consecuencia del recargo impositivo de 7,5%. El efecto electoral golpe\u00f3 fuerte al mercado automotor. La decisi\u00f3n del Gobierno de devaluar el peso este lunes por la ma\u00f1ana paraliz\u00f3 inmediatamente las operaciones en el sector. Desde varias terminales comunicaron a [&hellip;]<\/p>\n","protected":false},"author":4,"featured_media":9996,"comment_status":"closed","ping_status":"closed","sticky":false,"template":"","format":"standard","meta":{"om_disable_all_campaigns":false,"_monsterinsights_skip_tracking":false,"_monsterinsights_sitenote_active":false,"_monsterinsights_sitenote_note":"","_monsterinsights_sitenote_category":0,"footnotes":""},"categories":[5,95],"tags":[771,3293],"class_list":["post-9995","post","type-post","status-publish","format-standard","has-post-thumbnail","hentry","category-economia","category-informacion-general","tag-autos","tag-venta-autos"],"aioseo_notices":[],"amp_enabled":true,"_links":{"self":[{"href":"https:\/\/diariodigitalnea.com\/index.php\/wp-json\/wp\/v2\/posts\/9995","targetHints":{"allow":["GET"]}}],"collection":[{"href":"https:\/\/diariodigitalnea.com\/index.php\/wp-json\/wp\/v2\/posts"}],"about":[{"href":"https:\/\/diariodigitalnea.com\/index.php\/wp-json\/wp\/v2\/types\/post"}],"author":[{"embeddable":true,"href":"https:\/\/diariodigitalnea.com\/index.php\/wp-json\/wp\/v2\/users\/4"}],"replies":[{"embeddable":true,"href":"https:\/\/diariodigitalnea.com\/index.php\/wp-json\/wp\/v2\/comments?post=9995"}],"version-history":[{"count":1,"href":"https:\/\/diariodigitalnea.com\/index.php\/wp-json\/wp\/v2\/posts\/9995\/revisions"}],"predecessor-version":[{"id":9998,"href":"https:\/\/diariodigitalnea.com\/index.php\/wp-json\/wp\/v2\/posts\/9995\/revisions\/9998"}],"wp:featuredmedia":[{"embeddable":true,"href":"https:\/\/diariodigitalnea.com\/index.php\/wp-json\/wp\/v2\/media\/9996"}],"wp:attachment":[{"href":"https:\/\/diariodigitalnea.com\/index.php\/wp-json\/wp\/v2\/media?parent=9995"}],"wp:term":[{"taxonomy":"category","embeddable":true,"href":"https:\/\/diariodigitalnea.com\/index.php\/wp-json\/wp\/v2\/categories?post=9995"},{"taxonomy":"post_tag","embeddable":true,"href":"https:\/\/diariodigitalnea.com\/index.php\/wp-json\/wp\/v2\/tags?post=9995"}],"curies":[{"name":"wp","href":"https:\/\/api.w.org\/{rel}","templated":true}]}}