{"id":9986,"date":"2023-08-14T03:54:51","date_gmt":"2023-08-14T03:54:51","guid":{"rendered":"https:\/\/diariodigitalnea.com\/?p=9986"},"modified":"2023-08-14T03:54:52","modified_gmt":"2023-08-14T03:54:52","slug":"javier-milei-se-impone-con-la-libertad-avanza-como-el-espacio-mas-votado-jxc-en-segundo-lugar","status":"publish","type":"post","link":"https:\/\/diariodigitalnea.com\/index.php\/2023\/08\/14\/javier-milei-se-impone-con-la-libertad-avanza-como-el-espacio-mas-votado-jxc-en-segundo-lugar\/","title":{"rendered":"Javier Milei se impone con la Libertad Avanza como el espacio m\u00e1s votado: JxC en segundo lugar"},"content":{"rendered":"\n<p>Con m\u00e1s del 87% de las mesas escrutadas, La Libertad Avanza da la sorpresa de la noche y se posiciona como la primera fuerza en el pa\u00eds. Juntos por el Cambio y Uni\u00f3n por la Patria en segundo y tercer lugar respectivamente.<\/p>\n\n\n\n<p><br>Este domingo se realizaron las elecciones Primarias Abiertas Simult\u00e1neas y Obligatorias (PASO) donde la ciudadan\u00eda eligi\u00f3 a sus candidatos a Presidente y Vicepresidente que competir\u00e1n en las generales del pr\u00f3ximo 22 de octubre. Adem\u00e1s, tambi\u00e9n votaron para elegir a representantes del Parlasur, 130 diputados y 24 senadores.<\/p>\n\n\n\n<figure class=\"wp-block-image size-large\"><img fetchpriority=\"high\" decoding=\"async\" width=\"1024\" height=\"577\" src=\"https:\/\/diariodigitalnea.com\/wp-content\/uploads\/2023\/08\/MILEI2-1024x577.jpg\" alt=\"\" class=\"wp-image-9988\" srcset=\"https:\/\/diariodigitalnea.com\/wp-content\/uploads\/2023\/08\/MILEI2-1024x577.jpg 1024w, https:\/\/diariodigitalnea.com\/wp-content\/uploads\/2023\/08\/MILEI2-300x169.jpg 300w, https:\/\/diariodigitalnea.com\/wp-content\/uploads\/2023\/08\/MILEI2-768x433.jpg 768w, https:\/\/diariodigitalnea.com\/wp-content\/uploads\/2023\/08\/MILEI2.jpg 1061w\" sizes=\"(max-width: 1024px) 100vw, 1024px\" \/><\/figure>\n\n\n\n<p>Con el 87,15% de las mesas escrutadas, La Libertad Avanza saca un 30,59% de los votos. Juntos por el Cambio obtiene el 28,17% y Uni\u00f3n por la Patria el 26,89%.<\/p>\n\n\n\n<p><\/p>\n\n\n\n<p>Pasadas las 22:30 horas, la C\u00e1mara Electoral Nacional dio a conocer los primeros resultados y Javier Milei da la sorpresa de la noche. El l\u00edder de La Libertad Avanza se ubica en el primer lugar. Juntos por el Cambio y Uni\u00f3n por la Patria en el segundo y tercer lugar respectivamente.<\/p>\n\n\n\n<figure class=\"wp-block-image size-large\"><img decoding=\"async\" width=\"1024\" height=\"513\" src=\"http:\/\/diariodigitalnea.com\/wp-content\/uploads\/2023\/05\/ENCUENTRO-IG-Verde-copy-1024x513.jpg\" alt=\"PUBLICIDAD\" class=\"wp-image-8132\" srcset=\"https:\/\/diariodigitalnea.com\/wp-content\/uploads\/2023\/05\/ENCUENTRO-IG-Verde-copy-1024x513.jpg 1024w, https:\/\/diariodigitalnea.com\/wp-content\/uploads\/2023\/05\/ENCUENTRO-IG-Verde-copy-300x150.jpg 300w, https:\/\/diariodigitalnea.com\/wp-content\/uploads\/2023\/05\/ENCUENTRO-IG-Verde-copy-768x385.jpg 768w, https:\/\/diariodigitalnea.com\/wp-content\/uploads\/2023\/05\/ENCUENTRO-IG-Verde-copy-1536x769.jpg 1536w, https:\/\/diariodigitalnea.com\/wp-content\/uploads\/2023\/05\/ENCUENTRO-IG-Verde-copy-2048x1026.jpg 2048w\" sizes=\"(max-width: 1024px) 100vw, 1024px\" \/><figcaption>Publicidad: Encuentro Tienda de Bebidas, Chile 190 Local 4 \u2013 Tel: 3624386655 &#8211; Gral San Mart\u00edn<\/figcaption><\/figure>\n\n\n\n<p><strong>RESULTADOS PARCIALES DE LAS PRINCIPALES FUERZAS<\/strong><\/p>\n\n\n\n<ul class=\"wp-block-list\"><li><strong>La Libertad Avanza (Javier Milei \u2013 Patricia Villaruel): 30,59%<\/strong><\/li><\/ul>\n\n\n\n<p><strong>-Juntos por el Cambio: 28,17%<\/strong><\/p>\n\n\n\n<p>\u2022 Patricia Bullrich \u2013 Luis Petri<br>\u2022 Horacio Rodr\u00edguez Larreta &#8211; Gerardo Morales<\/p>\n\n\n\n<p><strong>-Uni\u00f3n por la Patria: 26,89%.<\/strong><\/p>\n\n\n\n<p>\u2022 Sergio Massa \u2013 Agust\u00edn Rossi<br>\u2022 Juan Grabois &#8211; Paula Abal Medina<\/p>\n\n\n\n<p><strong>-Hacemos por Nuestro Pa\u00eds (Juan Schiaretti \u2013 Florencio Randazzo): 4,12%<\/strong><\/p>\n\n\n\n<ul class=\"wp-block-list\"><li><strong>Frente de Izquierda y de los Trabajadores \u2013 Unidad: 2,60%<\/strong><\/li><\/ul>\n\n\n\n<p>\u2022 Myriam Bregman y Nicol\u00e1s Del Ca\u00f1o<br>\u2022 Gabriel Solano y Vilma Ripoll<\/p>\n\n\n\n<figure class=\"wp-block-image size-large\"><img decoding=\"async\" width=\"1024\" height=\"446\" src=\"http:\/\/diariodigitalnea.com\/wp-content\/uploads\/2023\/05\/CONSTRUCAL-CON-FABRICA-2-1024x446.jpg\" alt=\"publicidad Construcal 2\" class=\"wp-image-8211\" srcset=\"https:\/\/diariodigitalnea.com\/wp-content\/uploads\/2023\/05\/CONSTRUCAL-CON-FABRICA-2-1024x446.jpg 1024w, https:\/\/diariodigitalnea.com\/wp-content\/uploads\/2023\/05\/CONSTRUCAL-CON-FABRICA-2-300x131.jpg 300w, https:\/\/diariodigitalnea.com\/wp-content\/uploads\/2023\/05\/CONSTRUCAL-CON-FABRICA-2-768x334.jpg 768w, https:\/\/diariodigitalnea.com\/wp-content\/uploads\/2023\/05\/CONSTRUCAL-CON-FABRICA-2-1536x669.jpg 1536w, https:\/\/diariodigitalnea.com\/wp-content\/uploads\/2023\/05\/CONSTRUCAL-CON-FABRICA-2-2048x892.jpg 2048w\" sizes=\"(max-width: 1024px) 100vw, 1024px\" \/><figcaption>Publicidad: ConstruCal Cales hidratas y vivas para uso vial y construcci\u00f3n TEL: 3624602737\n<\/figcaption><\/figure>\n","protected":false},"excerpt":{"rendered":"<p>Con m\u00e1s del 87% de las mesas escrutadas, La Libertad Avanza da la sorpresa de la noche y se posiciona como la primera fuerza en el pa\u00eds. Juntos por el Cambio y Uni\u00f3n por la Patria en segundo y tercer lugar respectivamente. Este domingo se realizaron las elecciones Primarias Abiertas Simult\u00e1neas y Obligatorias (PASO) donde [&hellip;]<\/p>\n","protected":false},"author":4,"featured_media":9987,"comment_status":"closed","ping_status":"closed","sticky":false,"template":"","format":"standard","meta":{"om_disable_all_campaigns":false,"_monsterinsights_skip_tracking":false,"_monsterinsights_sitenote_active":false,"_monsterinsights_sitenote_note":"","_monsterinsights_sitenote_category":0,"footnotes":""},"categories":[2799,90,4],"tags":[1480,2397],"class_list":["post-9986","post","type-post","status-publish","format-standard","has-post-thumbnail","hentry","category-mas-leidas","category-nacionales","category-politica","tag-milei","tag-paso"],"aioseo_notices":[],"amp_enabled":true,"_links":{"self":[{"href":"https:\/\/diariodigitalnea.com\/index.php\/wp-json\/wp\/v2\/posts\/9986","targetHints":{"allow":["GET"]}}],"collection":[{"href":"https:\/\/diariodigitalnea.com\/index.php\/wp-json\/wp\/v2\/posts"}],"about":[{"href":"https:\/\/diariodigitalnea.com\/index.php\/wp-json\/wp\/v2\/types\/post"}],"author":[{"embeddable":true,"href":"https:\/\/diariodigitalnea.com\/index.php\/wp-json\/wp\/v2\/users\/4"}],"replies":[{"embeddable":true,"href":"https:\/\/diariodigitalnea.com\/index.php\/wp-json\/wp\/v2\/comments?post=9986"}],"version-history":[{"count":1,"href":"https:\/\/diariodigitalnea.com\/index.php\/wp-json\/wp\/v2\/posts\/9986\/revisions"}],"predecessor-version":[{"id":9989,"href":"https:\/\/diariodigitalnea.com\/index.php\/wp-json\/wp\/v2\/posts\/9986\/revisions\/9989"}],"wp:featuredmedia":[{"embeddable":true,"href":"https:\/\/diariodigitalnea.com\/index.php\/wp-json\/wp\/v2\/media\/9987"}],"wp:attachment":[{"href":"https:\/\/diariodigitalnea.com\/index.php\/wp-json\/wp\/v2\/media?parent=9986"}],"wp:term":[{"taxonomy":"category","embeddable":true,"href":"https:\/\/diariodigitalnea.com\/index.php\/wp-json\/wp\/v2\/categories?post=9986"},{"taxonomy":"post_tag","embeddable":true,"href":"https:\/\/diariodigitalnea.com\/index.php\/wp-json\/wp\/v2\/tags?post=9986"}],"curies":[{"name":"wp","href":"https:\/\/api.w.org\/{rel}","templated":true}]}}