{"id":9889,"date":"2023-08-09T16:24:36","date_gmt":"2023-08-09T16:24:36","guid":{"rendered":"https:\/\/diariodigitalnea.com\/?p=9889"},"modified":"2023-08-09T16:24:36","modified_gmt":"2023-08-09T16:24:36","slug":"confirman-que-osuna-no-defendera-mas-a-cesar-sena-y-las-apelaciones-se-reanudan-la-semana-proxima","status":"publish","type":"post","link":"https:\/\/diariodigitalnea.com\/index.php\/2023\/08\/09\/confirman-que-osuna-no-defendera-mas-a-cesar-sena-y-las-apelaciones-se-reanudan-la-semana-proxima\/","title":{"rendered":"Confirman que Osuna no defender\u00e1 m\u00e1s a C\u00e9sar Sena y las apelaciones se reanudan la semana pr\u00f3xima"},"content":{"rendered":"\n<p>La C\u00e1mara del Crimen de Resistencia apart\u00f3 hoy al abogado Ricardo Osuna de la defensa de C\u00e9sar Sena y dispuso un cuarto intermedio hasta el 15 de agosto pr\u00f3ximo para que otro letrado se haga cargo de su representaci\u00f3n en la audiencia de apelaci\u00f3n de la prisi\u00f3n preventiva por el homicidio triplemente agravado de Cecilia Strzyzowski por el que est\u00e1 acusado.<\/p>\n\n\n\n<p>Fuentes judiciales informaron que, al reanudarse hoy las audiencias de apelaci\u00f3n ante la C\u00e1mara, los magistrados hicieron lugar al planteo del Equipo Fiscal Especial para que Osuna no siga representando al menor de los Sena debido a que existen intereses contrapuestos entre \u00e9l y sus padres, Emerenciano Sena y Marcela Acu\u00f1a, detenidos en la misma causa y patrocinados por el mismo letrado.<\/p>\n\n\n\n<p>Por ende, tras esta resoluci\u00f3n, los camaristas le asignaron a C\u00e9sar Sena dos defensoras oficiales y dispusieron un cuarto intermedio hasta las 8 de la ma\u00f1ana del 15 de este mes para que puedan prepararse y formular los argumentos de apelaci\u00f3n a la prisi\u00f3n preventiva del imputado, a\u00f1adieron los voceros consultados por T\u00e9lam.<\/p>\n\n\n\n<p>Sena hijo est\u00e1 acusado del \u00abhomicidio triplemente agravado por el v\u00ednculo, por femicidio y por el concurso premeditado de dos o m\u00e1s personas\u00bb y apel\u00f3 su prisi\u00f3n preventiva, al igual que los cuatro acusados del \u00abencubrimiento agravado\u00bb del crimen de Cecilia, Gustavo Obreg\u00f3n, Fabiana Gonz\u00e1lez, Griselda Reinoso y Gustavo Melgarejo.<\/p>\n\n\n\n<p>A diferencia de Acu\u00f1a y Emerenciano Sena, que cuestionaron sus prisiones preventivas mediante un planteo de oposici\u00f3n ante el juez de Garant\u00edas, los restantes apelaron a C\u00e1mara a trav\u00e9s de sus abogados: Osuna -ahora apartado de esa defensa- y H\u00e9ctor Geijo, Daniela Meiri\u00f1o y Ernesto Azcona por los dem\u00e1s.<\/p>\n\n\n\n<p>La semana pasada, el juez de Garant\u00edas de la causa, H\u00e9ctor Sandoval, rechaz\u00f3 las oposiciones planteadas por el matrimonio Sena, que por ende permanecer\u00e1 detenido.<\/p>\n\n\n\n<p>Por el momento, Emerenciano Senado permanece alojado en una celda de la comisar\u00eda 3a. de Resistencia, mientras que Acu\u00f1a est\u00e1 en la seccional 6a. de la capital provincial, aunque se encuentran a disposici\u00f3n del Servicio Penitenciario de Chaco, que podr\u00eda decidir su traslado a alg\u00fan penal si encuentran disponibilidad.<\/p>\n\n\n\n<p>Cecilia fue vista por \u00faltima vez a las 9.16 del 2 de junio \u00faltimo, cuando una c\u00e1mara de seguridad registr\u00f3 su ingreso, en compa\u00f1\u00eda de su marido C\u00e9sar Sena, a la casa de sus suegros Emerenciano Sena y Marcela Acu\u00f1a, en la calle Santa Mar\u00eda de Oro 1.460, de Resistencia.<\/p>\n\n\n\n<p>Seg\u00fan la resoluci\u00f3n de los fiscales, la joven fue asesinada entre las 12.13 y las 13.01 de ese d\u00eda en una de las habitaciones de la casa, aparentemente por estrangulamiento, en momentos en que se hallaba junto a C\u00e9sar, Emerenciano y Acu\u00f1a.<\/p>\n\n\n\n<p>De acuerdo con la causa, su cuerpo habr\u00eda sido trasladado por Gustavo Obreg\u00f3n -colaborador de la familia Sena y detenido como \u00abencubridor\u00bb del crimen- y C\u00e9sar Sena, envuelto en una frazada a bordo de una camioneta Toyota Hilux hasta la chancher\u00eda propiedad de los principales imputados, donde habr\u00eda sido calcinada.<\/p>\n\n\n\n<p>Finalmente, sus restos habr\u00edan sido esparcidos en distintos sectores, entre ellos junto a uno de las m\u00e1rgenes del R\u00edo Tragadero, que linda con la chancher\u00eda de los Sena.<\/p>\n","protected":false},"excerpt":{"rendered":"<p>La C\u00e1mara del Crimen de Resistencia apart\u00f3 hoy al abogado Ricardo Osuna de la defensa de C\u00e9sar Sena y dispuso un cuarto intermedio hasta el 15 de agosto pr\u00f3ximo para que otro letrado se haga cargo de su representaci\u00f3n en la audiencia de apelaci\u00f3n de la prisi\u00f3n preventiva por el homicidio triplemente agravado de Cecilia [&hellip;]<\/p>\n","protected":false},"author":3,"featured_media":9890,"comment_status":"closed","ping_status":"closed","sticky":false,"template":"","format":"standard","meta":{"om_disable_all_campaigns":false,"_monsterinsights_skip_tracking":false,"_monsterinsights_sitenote_active":false,"_monsterinsights_sitenote_note":"","_monsterinsights_sitenote_category":0,"footnotes":""},"categories":[33,52],"tags":[3026,3032,3022,3272],"class_list":["post-9889","post","type-post","status-publish","format-standard","has-post-thumbnail","hentry","category-chaco","category-policiales","tag-caso-cecilia","tag-caso-cecilia-strzyzowski","tag-cesar-sena","tag-ricardo-osuna"],"aioseo_notices":[],"amp_enabled":true,"_links":{"self":[{"href":"https:\/\/diariodigitalnea.com\/index.php\/wp-json\/wp\/v2\/posts\/9889","targetHints":{"allow":["GET"]}}],"collection":[{"href":"https:\/\/diariodigitalnea.com\/index.php\/wp-json\/wp\/v2\/posts"}],"about":[{"href":"https:\/\/diariodigitalnea.com\/index.php\/wp-json\/wp\/v2\/types\/post"}],"author":[{"embeddable":true,"href":"https:\/\/diariodigitalnea.com\/index.php\/wp-json\/wp\/v2\/users\/3"}],"replies":[{"embeddable":true,"href":"https:\/\/diariodigitalnea.com\/index.php\/wp-json\/wp\/v2\/comments?post=9889"}],"version-history":[{"count":1,"href":"https:\/\/diariodigitalnea.com\/index.php\/wp-json\/wp\/v2\/posts\/9889\/revisions"}],"predecessor-version":[{"id":9891,"href":"https:\/\/diariodigitalnea.com\/index.php\/wp-json\/wp\/v2\/posts\/9889\/revisions\/9891"}],"wp:featuredmedia":[{"embeddable":true,"href":"https:\/\/diariodigitalnea.com\/index.php\/wp-json\/wp\/v2\/media\/9890"}],"wp:attachment":[{"href":"https:\/\/diariodigitalnea.com\/index.php\/wp-json\/wp\/v2\/media?parent=9889"}],"wp:term":[{"taxonomy":"category","embeddable":true,"href":"https:\/\/diariodigitalnea.com\/index.php\/wp-json\/wp\/v2\/categories?post=9889"},{"taxonomy":"post_tag","embeddable":true,"href":"https:\/\/diariodigitalnea.com\/index.php\/wp-json\/wp\/v2\/tags?post=9889"}],"curies":[{"name":"wp","href":"https:\/\/api.w.org\/{rel}","templated":true}]}}