{"id":985,"date":"2022-09-07T12:58:13","date_gmt":"2022-09-07T12:58:13","guid":{"rendered":"https:\/\/diariodigitalnea.com\/?p=985"},"modified":"2022-09-07T13:01:21","modified_gmt":"2022-09-07T13:01:21","slug":"el-arquero-chaqueno-walter-benitez-espera-llamado-de-lionel-scaloni","status":"publish","type":"post","link":"https:\/\/diariodigitalnea.com\/index.php\/2022\/09\/07\/el-arquero-chaqueno-walter-benitez-espera-llamado-de-lionel-scaloni\/","title":{"rendered":"El arquero chaque\u00f1o Walter Ben\u00edtez espera llamado de Lionel Scaloni"},"content":{"rendered":"\n<p>Muy joven parti\u00f3 al continente europeo. Hoy sobresale en su equipo y no pierde las esperanzas de integrar el seleccionado argentino.<\/p>\n\n\n\n<p>El arquero oriundo de General San Mart\u00edn (Chaco), de 29 a\u00f1os de edad, y con paso por Quilmes, hoy en el PSV de Pa\u00edses Bajos, Walter Ben\u00edtez, afirm\u00f3 que se siente con \u2019capacidad\u2019 para estar en la Selecci\u00f3n nacional, aunque aclar\u00f3 que el entrenador, Lionel Scaloni, elige a los que \u2019mejor ve\u2019 en relaci\u00f3n con los que necesita.<\/p>\n\n\n\n<figure class=\"wp-block-image size-large is-resized\"><img fetchpriority=\"high\" decoding=\"async\" src=\"https:\/\/diariodigitalnea.com\/wp-content\/uploads\/2022\/09\/ben-1-1024x485.jpg\" alt=\"\" class=\"wp-image-991\" width=\"556\" height=\"263\" srcset=\"https:\/\/diariodigitalnea.com\/wp-content\/uploads\/2022\/09\/ben-1-1024x485.jpg 1024w, https:\/\/diariodigitalnea.com\/wp-content\/uploads\/2022\/09\/ben-1-300x142.jpg 300w, https:\/\/diariodigitalnea.com\/wp-content\/uploads\/2022\/09\/ben-1-768x364.jpg 768w, https:\/\/diariodigitalnea.com\/wp-content\/uploads\/2022\/09\/ben-1-1296x616.jpg 1296w, https:\/\/diariodigitalnea.com\/wp-content\/uploads\/2022\/09\/ben-1.jpg 1300w\" sizes=\"(max-width: 556px) 100vw, 556px\" \/><\/figure>\n\n\n\n<p>Me siento con capacidad para estar en la Selecci\u00f3n, antes dec\u00edan que hab\u00eda que irse a Europa para jugar en la Selecci\u00f3n y ahora otros dicen que hay que estar en el f\u00fatbol argentino\u2019, analiz\u00f3 Ben\u00edtez en una entrevista con T\u00e9lam.<\/p>\n\n\n\n<p>El sol acompa\u00f1\u00f3 la charla con el futbolista de f\u00edsico imponente, con su 1,91 metro de altura, quien coment\u00f3, con un tono tranquilo y entremezclado entre el espa\u00f1ol y el franc\u00e9s, que est\u00e1 \u2019en paz\u2019 en el trabajo diario porque se encuentra en un \u2019club importante\u2019.<\/p>\n\n\n\n<p>\u2019El entrenador se queda con los que ve mejor y \u00e9l sabe qu\u00e9 es lo mejor para el equipo\u2019, opin\u00f3 el arquero con respecto a una posible convocatoria al seleccionado.<\/p>\n\n\n\n<p>Ben\u00edtez, mantuvo la segunda valla menos vencida en la temporada pasada de la Ligue 1 de Francia, con apenas 35 goles en contra en 37 partidos jugados en el Niza, y esto llev\u00f3 al PSV de Pa\u00edses Bajos a posar sus ojos en el arquero, y aprovech\u00f3 tambi\u00e9n la finalizaci\u00f3n de su contrato el 30 de junio pasado para hacerse de sus servicios.<\/p>\n\n\n\n<p>Y si bien tuvo un buen inicio, a pesar de la eliminaci\u00f3n de la Champions, no lleg\u00f3 el llamado para los amistosos contra Jamaica y Honduras, los dos \u00faltimos antes de Qatar 2022.<\/p>\n\n\n\n<p>\u2019Nunca pierdo las esperanzas. El entrenador eligi\u00f3 a otros jugadores en estas citaciones pero de mi lado continuar\u00e9 trabajando para ver que se de la posibilidad. No bajo los brazos. Ojal\u00e1 se pueda dar\u2019, sostuvo.<\/p>\n\n\n\n<figure class=\"wp-block-image size-large is-resized\"><img decoding=\"async\" src=\"https:\/\/diariodigitalnea.com\/wp-content\/uploads\/2022\/09\/ben1-1-1024x683.jpg\" alt=\"\" class=\"wp-image-988\" width=\"551\" height=\"367\" srcset=\"https:\/\/diariodigitalnea.com\/wp-content\/uploads\/2022\/09\/ben1-1-1024x683.jpg 1024w, https:\/\/diariodigitalnea.com\/wp-content\/uploads\/2022\/09\/ben1-1-300x200.jpg 300w, https:\/\/diariodigitalnea.com\/wp-content\/uploads\/2022\/09\/ben1-1-768x512.jpg 768w, https:\/\/diariodigitalnea.com\/wp-content\/uploads\/2022\/09\/ben1-1-900x600.jpg 900w, https:\/\/diariodigitalnea.com\/wp-content\/uploads\/2022\/09\/ben1-1.jpg 1536w\" sizes=\"(max-width: 551px) 100vw, 551px\" \/><\/figure>\n\n\n\n<p>\u2019Veo a la Selecci\u00f3n de muy buen presente y llega en un gran momento. Los arqueros est\u00e1n haciendo un enorme trabajo, Emiliano Mart\u00ednez est\u00e1 en un nivel alto en su club y en la Selecci\u00f3n\u2019, destac\u00f3 acerca de uno de sus competidores.<\/p>\n\n\n\n<p>Scaloni actualmente se apoya en el arquero del Aston Villa , titular indiscutido de la \u2019albiceleste\u2019; y en Ger\u00f3nimo Rulli (Villarreal de Espa\u00f1a).<\/p>\n\n\n\n<p><\/p>\n","protected":false},"excerpt":{"rendered":"<p>Muy joven parti\u00f3 al continente europeo. Hoy sobresale en su equipo y no pierde las esperanzas de integrar el seleccionado argentino. El arquero oriundo de General San Mart\u00edn (Chaco), de 29 a\u00f1os de edad, y con paso por Quilmes, hoy en el PSV de Pa\u00edses Bajos, Walter Ben\u00edtez, afirm\u00f3 que se siente con \u2019capacidad\u2019 para [&hellip;]<\/p>\n","protected":false},"author":4,"featured_media":986,"comment_status":"closed","ping_status":"closed","sticky":false,"template":"","format":"standard","meta":{"om_disable_all_campaigns":false,"_monsterinsights_skip_tracking":false,"_monsterinsights_sitenote_active":false,"_monsterinsights_sitenote_note":"","_monsterinsights_sitenote_category":0,"footnotes":""},"categories":[33,6],"tags":[188,74,187,94,189],"class_list":["post-985","post","type-post","status-publish","format-standard","has-post-thumbnail","hentry","category-chaco","category-deporte","tag-arquero","tag-chaco","tag-chaqueno","tag-deportes","tag-walter-benitez"],"aioseo_notices":[],"amp_enabled":true,"_links":{"self":[{"href":"https:\/\/diariodigitalnea.com\/index.php\/wp-json\/wp\/v2\/posts\/985","targetHints":{"allow":["GET"]}}],"collection":[{"href":"https:\/\/diariodigitalnea.com\/index.php\/wp-json\/wp\/v2\/posts"}],"about":[{"href":"https:\/\/diariodigitalnea.com\/index.php\/wp-json\/wp\/v2\/types\/post"}],"author":[{"embeddable":true,"href":"https:\/\/diariodigitalnea.com\/index.php\/wp-json\/wp\/v2\/users\/4"}],"replies":[{"embeddable":true,"href":"https:\/\/diariodigitalnea.com\/index.php\/wp-json\/wp\/v2\/comments?post=985"}],"version-history":[{"count":2,"href":"https:\/\/diariodigitalnea.com\/index.php\/wp-json\/wp\/v2\/posts\/985\/revisions"}],"predecessor-version":[{"id":993,"href":"https:\/\/diariodigitalnea.com\/index.php\/wp-json\/wp\/v2\/posts\/985\/revisions\/993"}],"wp:featuredmedia":[{"embeddable":true,"href":"https:\/\/diariodigitalnea.com\/index.php\/wp-json\/wp\/v2\/media\/986"}],"wp:attachment":[{"href":"https:\/\/diariodigitalnea.com\/index.php\/wp-json\/wp\/v2\/media?parent=985"}],"wp:term":[{"taxonomy":"category","embeddable":true,"href":"https:\/\/diariodigitalnea.com\/index.php\/wp-json\/wp\/v2\/categories?post=985"},{"taxonomy":"post_tag","embeddable":true,"href":"https:\/\/diariodigitalnea.com\/index.php\/wp-json\/wp\/v2\/tags?post=985"}],"curies":[{"name":"wp","href":"https:\/\/api.w.org\/{rel}","templated":true}]}}