{"id":9823,"date":"2023-08-07T14:46:45","date_gmt":"2023-08-07T14:46:45","guid":{"rendered":"https:\/\/diariodigitalnea.com\/?p=9823"},"modified":"2023-08-07T14:46:46","modified_gmt":"2023-08-07T14:46:46","slug":"evaluan-la-separacion-de-los-sena-como-docentes-publicos-en-chaco","status":"publish","type":"post","link":"https:\/\/diariodigitalnea.com\/index.php\/2023\/08\/07\/evaluan-la-separacion-de-los-sena-como-docentes-publicos-en-chaco\/","title":{"rendered":"Eval\u00faan la separaci\u00f3n de los Sena como docentes p\u00fablicos en Chaco"},"content":{"rendered":"\n<p>El Ministerio de Educaci\u00f3n, Cultura y Ciencia de Chaco pidi\u00f3 conocer el estado de la causa que tiene como imputados a los integrantes del clan Sena por el homicidio de Cecilia Stryzozwski a ra\u00edz de que son docentes p\u00fablicos en la provincia, por lo cual se eval\u00faa su separaci\u00f3n de los cargos.<\/p>\n\n\n\n<p><br>Los que est\u00e1n inscriptos como docentes son: Emerenciano Sena, Marcela Acu\u00f1a y C\u00e9sar Sena, detenidos por el homicidio de la joven, y Fabiana Gonz\u00e1lez y su ex pareja Gustavo Obreg\u00f3n, estos \u00faltimos por encubrimiento.<\/p>\n\n\n\n<figure class=\"wp-block-gallery has-nested-images columns-default is-cropped wp-block-gallery-1 is-layout-flex wp-block-gallery-is-layout-flex\">\n<figure class=\"wp-block-image size-large\"><img fetchpriority=\"high\" decoding=\"async\" width=\"1000\" height=\"745\" data-id=\"9827\" src=\"https:\/\/diariodigitalnea.com\/wp-content\/uploads\/2023\/08\/ESCUELA1-1.jpg\" alt=\"\" class=\"wp-image-9827\" srcset=\"https:\/\/diariodigitalnea.com\/wp-content\/uploads\/2023\/08\/ESCUELA1-1.jpg 1000w, https:\/\/diariodigitalnea.com\/wp-content\/uploads\/2023\/08\/ESCUELA1-1-300x224.jpg 300w, https:\/\/diariodigitalnea.com\/wp-content\/uploads\/2023\/08\/ESCUELA1-1-768x572.jpg 768w\" sizes=\"(max-width: 1000px) 100vw, 1000px\" \/><\/figure>\n\n\n\n<figure class=\"wp-block-image size-large\"><img decoding=\"async\" width=\"1023\" height=\"606\" data-id=\"9826\" src=\"https:\/\/diariodigitalnea.com\/wp-content\/uploads\/2023\/08\/ESCUELA2.jpg\" alt=\"\" class=\"wp-image-9826\" srcset=\"https:\/\/diariodigitalnea.com\/wp-content\/uploads\/2023\/08\/ESCUELA2.jpg 1023w, https:\/\/diariodigitalnea.com\/wp-content\/uploads\/2023\/08\/ESCUELA2-300x178.jpg 300w, https:\/\/diariodigitalnea.com\/wp-content\/uploads\/2023\/08\/ESCUELA2-768x455.jpg 768w\" sizes=\"(max-width: 1023px) 100vw, 1023px\" \/><\/figure>\n<\/figure>\n\n\n\n<p><br>El sumario es a fin de investigar la existencia de irregularidades referidas a la situaci\u00f3n de agentes o docentes sometidos a proceso por hechos ajenos al servicio, siendo la naturaleza del delito que se les imputar\u00eda, incompatible con su desempe\u00f1o en la funci\u00f3n.<\/p>\n\n\n\n<figure class=\"wp-block-image size-large\"><img decoding=\"async\" width=\"1024\" height=\"513\" src=\"http:\/\/diariodigitalnea.com\/wp-content\/uploads\/2023\/05\/ENCUENTRO-IG-Verde-copy-1024x513.jpg\" alt=\"PUBLICIDAD\" class=\"wp-image-8132\" srcset=\"https:\/\/diariodigitalnea.com\/wp-content\/uploads\/2023\/05\/ENCUENTRO-IG-Verde-copy-1024x513.jpg 1024w, https:\/\/diariodigitalnea.com\/wp-content\/uploads\/2023\/05\/ENCUENTRO-IG-Verde-copy-300x150.jpg 300w, https:\/\/diariodigitalnea.com\/wp-content\/uploads\/2023\/05\/ENCUENTRO-IG-Verde-copy-768x385.jpg 768w, https:\/\/diariodigitalnea.com\/wp-content\/uploads\/2023\/05\/ENCUENTRO-IG-Verde-copy-1536x769.jpg 1536w, https:\/\/diariodigitalnea.com\/wp-content\/uploads\/2023\/05\/ENCUENTRO-IG-Verde-copy-2048x1026.jpg 2048w\" sizes=\"(max-width: 1024px) 100vw, 1024px\" \/><figcaption>Publicidad: Encuentro Tienda de Bebidas, Chile 190 Local 4 \u2013 Tel: 3624386655 &#8211; Gral San Mart\u00edn<\/figcaption><\/figure>\n\n\n\n<p><br>As\u00ed, desde el Ministerio se pide informaci\u00f3n sobre el estado de la causa para tomar una decisi\u00f3n sobre los imputados de homicidio y quienes siguen siendo docentes en la provincia del Chaco, pues todos poseen cargos en distintos niveles de la Instituci\u00f3n Educativa Escuela P\u00fablica de Gesti\u00f3n Social N 2.<\/p>\n\n\n\n<p><br>Por la investigaci\u00f3n del crimen de Cecilia, hay detenidas siete personas: tres por el homicidio y cuatro por la trama de encubrimiento.<br>La semana pasada, el juez H\u00e9ctor Sandoval confirm\u00f3 la prisi\u00f3n preventiva de Emerenciano Sena y Marcela Acu\u00f1a y en los pr\u00f3ximos d\u00edas se evaluar\u00e1 la situaci\u00f3n de su hijo C\u00e9sar junto a los dem\u00e1s detenidos.<\/p>\n\n\n\n<figure class=\"wp-block-image size-large\"><img loading=\"lazy\" decoding=\"async\" width=\"1024\" height=\"446\" src=\"http:\/\/diariodigitalnea.com\/wp-content\/uploads\/2023\/05\/CONSTRUCAL-CON-FABRICA-2-1024x446.jpg\" alt=\"publicidad Construcal 2\" class=\"wp-image-8211\" srcset=\"https:\/\/diariodigitalnea.com\/wp-content\/uploads\/2023\/05\/CONSTRUCAL-CON-FABRICA-2-1024x446.jpg 1024w, https:\/\/diariodigitalnea.com\/wp-content\/uploads\/2023\/05\/CONSTRUCAL-CON-FABRICA-2-300x131.jpg 300w, https:\/\/diariodigitalnea.com\/wp-content\/uploads\/2023\/05\/CONSTRUCAL-CON-FABRICA-2-768x334.jpg 768w, https:\/\/diariodigitalnea.com\/wp-content\/uploads\/2023\/05\/CONSTRUCAL-CON-FABRICA-2-1536x669.jpg 1536w, https:\/\/diariodigitalnea.com\/wp-content\/uploads\/2023\/05\/CONSTRUCAL-CON-FABRICA-2-2048x892.jpg 2048w\" sizes=\"(max-width: 1024px) 100vw, 1024px\" \/><figcaption>Publicidad: ConstruCal Cales hidratas y vivas para uso vial y construcci\u00f3n TEL: 3624602737\n<\/figcaption><\/figure>\n","protected":false},"excerpt":{"rendered":"<p>El Ministerio de Educaci\u00f3n, Cultura y Ciencia de Chaco pidi\u00f3 conocer el estado de la causa que tiene como imputados a los integrantes del clan Sena por el homicidio de Cecilia Stryzozwski a ra\u00edz de que son docentes p\u00fablicos en la provincia, por lo cual se eval\u00faa su separaci\u00f3n de los cargos. Los que est\u00e1n [&hellip;]<\/p>\n","protected":false},"author":4,"featured_media":9828,"comment_status":"closed","ping_status":"closed","sticky":false,"template":"","format":"standard","meta":{"om_disable_all_campaigns":false,"_monsterinsights_skip_tracking":false,"_monsterinsights_sitenote_active":false,"_monsterinsights_sitenote_note":"","_monsterinsights_sitenote_category":0,"footnotes":""},"categories":[33,95,4],"tags":[192,3034],"class_list":["post-9823","post","type-post","status-publish","format-standard","has-post-thumbnail","hentry","category-chaco","category-informacion-general","category-politica","tag-educacion","tag-emerenciano-sena"],"aioseo_notices":[],"amp_enabled":true,"_links":{"self":[{"href":"https:\/\/diariodigitalnea.com\/index.php\/wp-json\/wp\/v2\/posts\/9823","targetHints":{"allow":["GET"]}}],"collection":[{"href":"https:\/\/diariodigitalnea.com\/index.php\/wp-json\/wp\/v2\/posts"}],"about":[{"href":"https:\/\/diariodigitalnea.com\/index.php\/wp-json\/wp\/v2\/types\/post"}],"author":[{"embeddable":true,"href":"https:\/\/diariodigitalnea.com\/index.php\/wp-json\/wp\/v2\/users\/4"}],"replies":[{"embeddable":true,"href":"https:\/\/diariodigitalnea.com\/index.php\/wp-json\/wp\/v2\/comments?post=9823"}],"version-history":[{"count":1,"href":"https:\/\/diariodigitalnea.com\/index.php\/wp-json\/wp\/v2\/posts\/9823\/revisions"}],"predecessor-version":[{"id":9829,"href":"https:\/\/diariodigitalnea.com\/index.php\/wp-json\/wp\/v2\/posts\/9823\/revisions\/9829"}],"wp:featuredmedia":[{"embeddable":true,"href":"https:\/\/diariodigitalnea.com\/index.php\/wp-json\/wp\/v2\/media\/9828"}],"wp:attachment":[{"href":"https:\/\/diariodigitalnea.com\/index.php\/wp-json\/wp\/v2\/media?parent=9823"}],"wp:term":[{"taxonomy":"category","embeddable":true,"href":"https:\/\/diariodigitalnea.com\/index.php\/wp-json\/wp\/v2\/categories?post=9823"},{"taxonomy":"post_tag","embeddable":true,"href":"https:\/\/diariodigitalnea.com\/index.php\/wp-json\/wp\/v2\/tags?post=9823"}],"curies":[{"name":"wp","href":"https:\/\/api.w.org\/{rel}","templated":true}]}}