{"id":9817,"date":"2023-08-07T13:29:14","date_gmt":"2023-08-07T13:29:14","guid":{"rendered":"https:\/\/diariodigitalnea.com\/?p=9817"},"modified":"2023-08-07T13:29:15","modified_gmt":"2023-08-07T13:29:15","slug":"un-automovil-y-una-camioneta-protagonizaron-un-tragico-accidente-en-ruta-89","status":"publish","type":"post","link":"https:\/\/diariodigitalnea.com\/index.php\/2023\/08\/07\/un-automovil-y-una-camioneta-protagonizaron-un-tragico-accidente-en-ruta-89\/","title":{"rendered":"Un autom\u00f3vil y una camioneta protagonizaron un tr\u00e1gico accidente en ruta 89"},"content":{"rendered":"\n<p>El veh\u00edculo que conduc\u00eda la v\u00edctima fatal choc\u00f3 de frente con una camioneta, en el kil\u00f3metro 256 de la ruta 89. El hombre, de 46 a\u00f1os, perdi\u00f3 la vida adentro de su auto, que qued\u00f3 con serios da\u00f1os en el frente y en uno de los laterales.<\/p>\n\n\n\n<p>Un hombre de 46 a\u00f1os falleci\u00f3 anoche tras protagonizar un siniestro vial, en el kil\u00f3metro 256 de la Ruta 89, a la altura de General Pinedo.<\/p>\n\n\n\n<p>Durante las primeras horas de la noche del domingo, minutos despu\u00e9s de las 20, por causas que intentan establecerse el Renault Logan conducido por Gustavo Pennisi colision\u00f3 frontalmente con una camioneta Toyota Hilux.<\/p>\n\n\n\n<p>En el veh\u00edculo de mayor porte, se trasladan dos hombres, de 46 y 38, que resultaron con heridas menores.<\/p>\n\n\n\n<p>Pennisi fue encontrado sin signos vitales dentro de su autom\u00f3vil, que presentaba serios da\u00f1os en el frente y en el lateral izquierdo.<\/p>\n\n\n\n<p>Finalmente, conforme lo dispuesto por el juez de turno, tom\u00f3 intervenci\u00f3n el Gabinete Cient\u00edfico y el M\u00e9dico Forense del Poder Judicial.&nbsp;<\/p>\n","protected":false},"excerpt":{"rendered":"<p>El veh\u00edculo que conduc\u00eda la v\u00edctima fatal choc\u00f3 de frente con una camioneta, en el kil\u00f3metro 256 de la ruta 89. El hombre, de 46 a\u00f1os, perdi\u00f3 la vida adentro de su auto, que qued\u00f3 con serios da\u00f1os en el frente y en uno de los laterales. Un hombre de 46 a\u00f1os falleci\u00f3 anoche tras [&hellip;]<\/p>\n","protected":false},"author":3,"featured_media":9818,"comment_status":"closed","ping_status":"closed","sticky":false,"template":"","format":"standard","meta":{"om_disable_all_campaigns":false,"_monsterinsights_skip_tracking":false,"_monsterinsights_sitenote_active":false,"_monsterinsights_sitenote_note":"","_monsterinsights_sitenote_category":0,"footnotes":""},"categories":[33,52],"tags":[3251,3250,756,202],"class_list":["post-9817","post","type-post","status-publish","format-standard","has-post-thumbnail","hentry","category-chaco","category-policiales","tag-general-pinedo","tag-ruta-89","tag-siniestro-vial","tag-tragedia"],"aioseo_notices":[],"amp_enabled":true,"_links":{"self":[{"href":"https:\/\/diariodigitalnea.com\/index.php\/wp-json\/wp\/v2\/posts\/9817","targetHints":{"allow":["GET"]}}],"collection":[{"href":"https:\/\/diariodigitalnea.com\/index.php\/wp-json\/wp\/v2\/posts"}],"about":[{"href":"https:\/\/diariodigitalnea.com\/index.php\/wp-json\/wp\/v2\/types\/post"}],"author":[{"embeddable":true,"href":"https:\/\/diariodigitalnea.com\/index.php\/wp-json\/wp\/v2\/users\/3"}],"replies":[{"embeddable":true,"href":"https:\/\/diariodigitalnea.com\/index.php\/wp-json\/wp\/v2\/comments?post=9817"}],"version-history":[{"count":1,"href":"https:\/\/diariodigitalnea.com\/index.php\/wp-json\/wp\/v2\/posts\/9817\/revisions"}],"predecessor-version":[{"id":9819,"href":"https:\/\/diariodigitalnea.com\/index.php\/wp-json\/wp\/v2\/posts\/9817\/revisions\/9819"}],"wp:featuredmedia":[{"embeddable":true,"href":"https:\/\/diariodigitalnea.com\/index.php\/wp-json\/wp\/v2\/media\/9818"}],"wp:attachment":[{"href":"https:\/\/diariodigitalnea.com\/index.php\/wp-json\/wp\/v2\/media?parent=9817"}],"wp:term":[{"taxonomy":"category","embeddable":true,"href":"https:\/\/diariodigitalnea.com\/index.php\/wp-json\/wp\/v2\/categories?post=9817"},{"taxonomy":"post_tag","embeddable":true,"href":"https:\/\/diariodigitalnea.com\/index.php\/wp-json\/wp\/v2\/tags?post=9817"}],"curies":[{"name":"wp","href":"https:\/\/api.w.org\/{rel}","templated":true}]}}