{"id":9773,"date":"2023-08-04T16:28:06","date_gmt":"2023-08-04T16:28:06","guid":{"rendered":"https:\/\/diariodigitalnea.com\/?p=9773"},"modified":"2023-08-04T16:28:08","modified_gmt":"2023-08-04T16:28:08","slug":"emerenciano-sena-y-marcela-acuna-seguiran-detenidos-por-el-crimen-de-cecilia","status":"publish","type":"post","link":"https:\/\/diariodigitalnea.com\/index.php\/2023\/08\/04\/emerenciano-sena-y-marcela-acuna-seguiran-detenidos-por-el-crimen-de-cecilia\/","title":{"rendered":"Emerenciano Sena y Marcela Acu\u00f1a seguir\u00e1n detenidos por el crimen de Cecilia"},"content":{"rendered":"\n<p>Un juez de la ciudad de Resistencia rechaz\u00f3 hoy los planteos de las defensas de Emerenciano Sena y de Marcela Acu\u00f1a, por lo que ambos continuar\u00e1n detenidos como acusados de ser coautores del femicidio de Cecilia Strzyzowski, la joven de 28 a\u00f1os que fue vista por \u00faltima vez el 2 de junio pasado en la capital provincial y que, se cree, que fue asesinada y su cad\u00e1ver calcinado.<\/p>\n\n\n\n<p>Fuentes judiciales aseguraron a T\u00e9lam que el juez de Garant\u00edas H\u00e9ctor Sandoval no hizo lugar esta tarde en una audiencia oral a los planteos de oposici\u00f3n a las prisiones preventivas que hab\u00edan presentado los abogados del matrimonio acusado, por lo que ambos permanecer\u00e1n presos.<\/p>\n","protected":false},"excerpt":{"rendered":"<p>Un juez de la ciudad de Resistencia rechaz\u00f3 hoy los planteos de las defensas de Emerenciano Sena y de Marcela Acu\u00f1a, por lo que ambos continuar\u00e1n detenidos como acusados de ser coautores del femicidio de Cecilia Strzyzowski, la joven de 28 a\u00f1os que fue vista por \u00faltima vez el 2 de junio pasado en la [&hellip;]<\/p>\n","protected":false},"author":3,"featured_media":9774,"comment_status":"closed","ping_status":"closed","sticky":false,"template":"","format":"standard","meta":{"om_disable_all_campaigns":false,"_monsterinsights_skip_tracking":false,"_monsterinsights_sitenote_active":false,"_monsterinsights_sitenote_note":"","_monsterinsights_sitenote_category":0,"footnotes":""},"categories":[33,52],"tags":[3032,3034,3040,3114],"class_list":["post-9773","post","type-post","status-publish","format-standard","has-post-thumbnail","hentry","category-chaco","category-policiales","tag-caso-cecilia-strzyzowski","tag-emerenciano-sena","tag-marcela-acuna","tag-prision-preventiva"],"aioseo_notices":[],"amp_enabled":true,"_links":{"self":[{"href":"https:\/\/diariodigitalnea.com\/index.php\/wp-json\/wp\/v2\/posts\/9773","targetHints":{"allow":["GET"]}}],"collection":[{"href":"https:\/\/diariodigitalnea.com\/index.php\/wp-json\/wp\/v2\/posts"}],"about":[{"href":"https:\/\/diariodigitalnea.com\/index.php\/wp-json\/wp\/v2\/types\/post"}],"author":[{"embeddable":true,"href":"https:\/\/diariodigitalnea.com\/index.php\/wp-json\/wp\/v2\/users\/3"}],"replies":[{"embeddable":true,"href":"https:\/\/diariodigitalnea.com\/index.php\/wp-json\/wp\/v2\/comments?post=9773"}],"version-history":[{"count":1,"href":"https:\/\/diariodigitalnea.com\/index.php\/wp-json\/wp\/v2\/posts\/9773\/revisions"}],"predecessor-version":[{"id":9775,"href":"https:\/\/diariodigitalnea.com\/index.php\/wp-json\/wp\/v2\/posts\/9773\/revisions\/9775"}],"wp:featuredmedia":[{"embeddable":true,"href":"https:\/\/diariodigitalnea.com\/index.php\/wp-json\/wp\/v2\/media\/9774"}],"wp:attachment":[{"href":"https:\/\/diariodigitalnea.com\/index.php\/wp-json\/wp\/v2\/media?parent=9773"}],"wp:term":[{"taxonomy":"category","embeddable":true,"href":"https:\/\/diariodigitalnea.com\/index.php\/wp-json\/wp\/v2\/categories?post=9773"},{"taxonomy":"post_tag","embeddable":true,"href":"https:\/\/diariodigitalnea.com\/index.php\/wp-json\/wp\/v2\/tags?post=9773"}],"curies":[{"name":"wp","href":"https:\/\/api.w.org\/{rel}","templated":true}]}}