{"id":9745,"date":"2023-08-02T15:31:05","date_gmt":"2023-08-02T15:31:05","guid":{"rendered":"https:\/\/diariodigitalnea.com\/?p=9745"},"modified":"2023-08-02T15:31:06","modified_gmt":"2023-08-02T15:31:06","slug":"marissa-dubois-es-la-modelo-con-cuerpo-mas-curvilineo-de-la-historia","status":"publish","type":"post","link":"https:\/\/diariodigitalnea.com\/index.php\/2023\/08\/02\/marissa-dubois-es-la-modelo-con-cuerpo-mas-curvilineo-de-la-historia\/","title":{"rendered":"Marissa Dubois es la modelo con cuerpo m\u00e1s curvil\u00edneo de la historia"},"content":{"rendered":"\n<p>La modelo es acusada de que sus curvas son antinaturales; a continuaci\u00f3n los detalles<\/p>\n\n\n\n<p><br>Recientemente, se desat\u00f3 una pol\u00e9mica en redes sociales acerca de la modelo Marissa Dubois tras el impacto que gener\u00f3 por su tremenda figura curvil\u00ednea, asegurando que sus medidas son \u201cantinaturales\u201d, sin embargo otras mujeres de caderas similares la defendieron.<\/p>\n\n\n\n<figure class=\"wp-block-gallery has-nested-images columns-default is-cropped wp-block-gallery-1 is-layout-flex wp-block-gallery-is-layout-flex\">\n<figure class=\"wp-block-image size-large\"><img fetchpriority=\"high\" decoding=\"async\" width=\"1024\" height=\"576\" data-id=\"9750\" src=\"https:\/\/diariodigitalnea.com\/wp-content\/uploads\/2023\/08\/marissa-1-1024x576.jpg\" alt=\"\" class=\"wp-image-9750\" srcset=\"https:\/\/diariodigitalnea.com\/wp-content\/uploads\/2023\/08\/marissa-1-1024x576.jpg 1024w, https:\/\/diariodigitalnea.com\/wp-content\/uploads\/2023\/08\/marissa-1-300x169.jpg 300w, https:\/\/diariodigitalnea.com\/wp-content\/uploads\/2023\/08\/marissa-1-768x432.jpg 768w, https:\/\/diariodigitalnea.com\/wp-content\/uploads\/2023\/08\/marissa-1.jpg 1280w\" sizes=\"(max-width: 1024px) 100vw, 1024px\" \/><\/figure>\n\n\n\n<figure class=\"wp-block-image size-large\"><img decoding=\"async\" width=\"873\" height=\"632\" data-id=\"9749\" src=\"https:\/\/diariodigitalnea.com\/wp-content\/uploads\/2023\/08\/marissa9.jpg\" alt=\"\" class=\"wp-image-9749\" srcset=\"https:\/\/diariodigitalnea.com\/wp-content\/uploads\/2023\/08\/marissa9.jpg 873w, https:\/\/diariodigitalnea.com\/wp-content\/uploads\/2023\/08\/marissa9-300x217.jpg 300w, https:\/\/diariodigitalnea.com\/wp-content\/uploads\/2023\/08\/marissa9-768x556.jpg 768w, https:\/\/diariodigitalnea.com\/wp-content\/uploads\/2023\/08\/marissa9-160x117.jpg 160w\" sizes=\"(max-width: 873px) 100vw, 873px\" \/><\/figure>\n\n\n\n<figure class=\"wp-block-image size-large\"><img decoding=\"async\" width=\"1024\" height=\"801\" data-id=\"9751\" src=\"https:\/\/diariodigitalnea.com\/wp-content\/uploads\/2023\/08\/marissadubois_biquini_07-1024x801.jpg\" alt=\"\" class=\"wp-image-9751\" srcset=\"https:\/\/diariodigitalnea.com\/wp-content\/uploads\/2023\/08\/marissadubois_biquini_07-1024x801.jpg 1024w, https:\/\/diariodigitalnea.com\/wp-content\/uploads\/2023\/08\/marissadubois_biquini_07-300x235.jpg 300w, https:\/\/diariodigitalnea.com\/wp-content\/uploads\/2023\/08\/marissadubois_biquini_07-768x601.jpg 768w, https:\/\/diariodigitalnea.com\/wp-content\/uploads\/2023\/08\/marissadubois_biquini_07-551x431.jpg 551w, https:\/\/diariodigitalnea.com\/wp-content\/uploads\/2023\/08\/marissadubois_biquini_07.jpg 1440w\" sizes=\"(max-width: 1024px) 100vw, 1024px\" \/><\/figure>\n<\/figure>\n\n\n\n<p>Marissa se hizo viral en Twitter, cuando su silueta levant\u00f3 la admiraci\u00f3n y las opiniones de quienes vieron el clip por internet, donde se apreciaba a Dubois con un bikini verde y uno azul, en la Miami Swim Week.<\/p>\n\n\n\n<p><br>Por otra parte, pese a que el evento fue hace meses, el video gener\u00f3 sensaci\u00f3n en la red y algunos usuarios aseguraron que Marissa era la \u00abmezcla perfecta entre Beyonc\u00e9 y Shakira\u00bb.<\/p>\n\n\n\n<figure class=\"wp-block-video\"><video controls src=\"https:\/\/diariodigitalnea.com\/wp-content\/uploads\/2023\/08\/3157813717428518257.mp4\"><\/video><\/figure>\n\n\n\n<p><br>\u00abLa modelo Marissa Dubois ha criticado las afirmaciones de que su cuerpo es \u00abfalso\u00bb, luego de un video resurgido que se ha vuelto viral en l\u00ednea\u00bb, indic\u00f3 la revista \u00abCosmopolitan\u00bb.<\/p>\n\n\n\n<p><\/p>\n\n\n\n<p>Ante los cuestionamientos de que su cuerpo es \u00abantinatural\u00bb, la estadounidense mostr\u00f3 pruebas de c\u00f3mo luc\u00eda en la adolescencia: \u00abPara los raros que de alguna manera piensan que mi cuerpo es falso\u2026 Esta fue mi firma de \u00faltimo a\u00f1o (en la escuela secundaria)\u00bb, sentenci\u00f3.<\/p>\n\n\n\n<figure class=\"wp-block-image size-large\"><img loading=\"lazy\" decoding=\"async\" width=\"1024\" height=\"513\" src=\"http:\/\/diariodigitalnea.com\/wp-content\/uploads\/2023\/05\/ENCUENTRO-IG-Verde-copy-1024x513.jpg\" alt=\"PUBLICIDAD\" class=\"wp-image-8132\" srcset=\"https:\/\/diariodigitalnea.com\/wp-content\/uploads\/2023\/05\/ENCUENTRO-IG-Verde-copy-1024x513.jpg 1024w, https:\/\/diariodigitalnea.com\/wp-content\/uploads\/2023\/05\/ENCUENTRO-IG-Verde-copy-300x150.jpg 300w, https:\/\/diariodigitalnea.com\/wp-content\/uploads\/2023\/05\/ENCUENTRO-IG-Verde-copy-768x385.jpg 768w, https:\/\/diariodigitalnea.com\/wp-content\/uploads\/2023\/05\/ENCUENTRO-IG-Verde-copy-1536x769.jpg 1536w, https:\/\/diariodigitalnea.com\/wp-content\/uploads\/2023\/05\/ENCUENTRO-IG-Verde-copy-2048x1026.jpg 2048w\" sizes=\"(max-width: 1024px) 100vw, 1024px\" \/><figcaption>Publicidad: Encuentro Tienda de Bebidas, Chile 190 Local 4 \u2013 Tel: 3624386655 &#8211; Gral San Mart\u00edn<\/figcaption><\/figure>\n\n\n\n<p><br>Internautas mostraron su apoyo: \u00abTu cuerpo es agradable y obviamente real. Tengo el mismo tipo de cuerpo, ca\u00eddas de cadera y todo. La gente simplemente est\u00e1 celosa\u00bb, escribi\u00f3 una usuaria, mientras que otra asegur\u00f3: \u00abtu cuerpo es literalmente la perfecci\u00f3n\u00bb.<\/p>\n\n\n\n<figure class=\"wp-block-image size-large\"><img loading=\"lazy\" decoding=\"async\" width=\"1024\" height=\"446\" src=\"http:\/\/diariodigitalnea.com\/wp-content\/uploads\/2023\/05\/CONSTRUCAL-CON-FABRICA-2-1024x446.jpg\" alt=\"publicidad Construcal 2\" class=\"wp-image-8211\" srcset=\"https:\/\/diariodigitalnea.com\/wp-content\/uploads\/2023\/05\/CONSTRUCAL-CON-FABRICA-2-1024x446.jpg 1024w, https:\/\/diariodigitalnea.com\/wp-content\/uploads\/2023\/05\/CONSTRUCAL-CON-FABRICA-2-300x131.jpg 300w, https:\/\/diariodigitalnea.com\/wp-content\/uploads\/2023\/05\/CONSTRUCAL-CON-FABRICA-2-768x334.jpg 768w, https:\/\/diariodigitalnea.com\/wp-content\/uploads\/2023\/05\/CONSTRUCAL-CON-FABRICA-2-1536x669.jpg 1536w, https:\/\/diariodigitalnea.com\/wp-content\/uploads\/2023\/05\/CONSTRUCAL-CON-FABRICA-2-2048x892.jpg 2048w\" sizes=\"(max-width: 1024px) 100vw, 1024px\" \/><figcaption>Publicidad: ConstruCal Cales hidratas y vivas para uso vial y construcci\u00f3n TEL: 3624602737\n<\/figcaption><\/figure>\n","protected":false},"excerpt":{"rendered":"<p>La modelo es acusada de que sus curvas son antinaturales; a continuaci\u00f3n los detalles Recientemente, se desat\u00f3 una pol\u00e9mica en redes sociales acerca de la modelo Marissa Dubois tras el impacto que gener\u00f3 por su tremenda figura curvil\u00ednea, asegurando que sus medidas son \u201cantinaturales\u201d, sin embargo otras mujeres de caderas similares la defendieron. Marissa se [&hellip;]<\/p>\n","protected":false},"author":4,"featured_media":9748,"comment_status":"closed","ping_status":"closed","sticky":false,"template":"","format":"standard","meta":{"om_disable_all_campaigns":false,"_monsterinsights_skip_tracking":false,"_monsterinsights_sitenote_active":false,"_monsterinsights_sitenote_note":"","_monsterinsights_sitenote_category":0,"footnotes":""},"categories":[7,9],"tags":[3235,1195],"class_list":["post-9745","post","type-post","status-publish","format-standard","has-post-thumbnail","hentry","category-espectaculos","category-internacionales","tag-marissa-dubois","tag-modelo"],"aioseo_notices":[],"amp_enabled":true,"_links":{"self":[{"href":"https:\/\/diariodigitalnea.com\/index.php\/wp-json\/wp\/v2\/posts\/9745","targetHints":{"allow":["GET"]}}],"collection":[{"href":"https:\/\/diariodigitalnea.com\/index.php\/wp-json\/wp\/v2\/posts"}],"about":[{"href":"https:\/\/diariodigitalnea.com\/index.php\/wp-json\/wp\/v2\/types\/post"}],"author":[{"embeddable":true,"href":"https:\/\/diariodigitalnea.com\/index.php\/wp-json\/wp\/v2\/users\/4"}],"replies":[{"embeddable":true,"href":"https:\/\/diariodigitalnea.com\/index.php\/wp-json\/wp\/v2\/comments?post=9745"}],"version-history":[{"count":1,"href":"https:\/\/diariodigitalnea.com\/index.php\/wp-json\/wp\/v2\/posts\/9745\/revisions"}],"predecessor-version":[{"id":9752,"href":"https:\/\/diariodigitalnea.com\/index.php\/wp-json\/wp\/v2\/posts\/9745\/revisions\/9752"}],"wp:featuredmedia":[{"embeddable":true,"href":"https:\/\/diariodigitalnea.com\/index.php\/wp-json\/wp\/v2\/media\/9748"}],"wp:attachment":[{"href":"https:\/\/diariodigitalnea.com\/index.php\/wp-json\/wp\/v2\/media?parent=9745"}],"wp:term":[{"taxonomy":"category","embeddable":true,"href":"https:\/\/diariodigitalnea.com\/index.php\/wp-json\/wp\/v2\/categories?post=9745"},{"taxonomy":"post_tag","embeddable":true,"href":"https:\/\/diariodigitalnea.com\/index.php\/wp-json\/wp\/v2\/tags?post=9745"}],"curies":[{"name":"wp","href":"https:\/\/api.w.org\/{rel}","templated":true}]}}