{"id":9707,"date":"2023-08-02T01:14:43","date_gmt":"2023-08-02T01:14:43","guid":{"rendered":"https:\/\/diariodigitalnea.com\/?p=9707"},"modified":"2023-08-02T01:14:44","modified_gmt":"2023-08-02T01:14:44","slug":"dos-meses-sin-cecilia-vigilia-y-grito-de-justicia","status":"publish","type":"post","link":"https:\/\/diariodigitalnea.com\/index.php\/2023\/08\/02\/dos-meses-sin-cecilia-vigilia-y-grito-de-justicia\/","title":{"rendered":"Dos meses sin Cecilia: vigilia y grito de justicia"},"content":{"rendered":"\n<p>Desde las 20 de este martes se inici\u00f3 la movilizaci\u00f3n que tiene como principal objetivo llegar a este 2 de agosto recordando que el mundo est\u00e1 sin Cecilia Strzyzowski hace dos meses. Las calles frente al m\u00e1stil central ubicado frente a la plaza 25 de Mayo se llenaron de grafitis con t\u00e9cnicas de est\u00e9ncil rosado el rostro de la joven chaque\u00f1a.<\/p>\n\n\n\n<figure class=\"wp-block-image size-large\"><img fetchpriority=\"high\" decoding=\"async\" width=\"1024\" height=\"768\" src=\"http:\/\/diariodigitalnea.com\/wp-content\/uploads\/2023\/08\/cecilia2-1024x768.jpg\" alt=\"\" class=\"wp-image-9709\" srcset=\"https:\/\/diariodigitalnea.com\/wp-content\/uploads\/2023\/08\/cecilia2-1024x768.jpg 1024w, https:\/\/diariodigitalnea.com\/wp-content\/uploads\/2023\/08\/cecilia2-300x225.jpg 300w, https:\/\/diariodigitalnea.com\/wp-content\/uploads\/2023\/08\/cecilia2-768x576.jpg 768w, https:\/\/diariodigitalnea.com\/wp-content\/uploads\/2023\/08\/cecilia2-1536x1152.jpg 1536w, https:\/\/diariodigitalnea.com\/wp-content\/uploads\/2023\/08\/cecilia2.jpg 1600w\" sizes=\"(max-width: 1024px) 100vw, 1024px\" \/><\/figure>\n\n\n\n<p>La concentraci\u00f3n y posterior vigilia estuvo organizada por la misma madre de Cecilia, Gloria Romero, quien hace exactamente 2 meses perd\u00eda contacto con su hija y comenz\u00f3 desde ese instante el mayor miedo que puede atraviesa una madre.<\/p>\n\n\n\n<figure class=\"wp-block-image size-large\"><img decoding=\"async\" width=\"1024\" height=\"768\" src=\"http:\/\/diariodigitalnea.com\/wp-content\/uploads\/2023\/08\/cecilia3-1024x768.jpg\" alt=\"\" class=\"wp-image-9710\" srcset=\"https:\/\/diariodigitalnea.com\/wp-content\/uploads\/2023\/08\/cecilia3-1024x768.jpg 1024w, https:\/\/diariodigitalnea.com\/wp-content\/uploads\/2023\/08\/cecilia3-300x225.jpg 300w, https:\/\/diariodigitalnea.com\/wp-content\/uploads\/2023\/08\/cecilia3-768x576.jpg 768w, https:\/\/diariodigitalnea.com\/wp-content\/uploads\/2023\/08\/cecilia3-1536x1152.jpg 1536w, https:\/\/diariodigitalnea.com\/wp-content\/uploads\/2023\/08\/cecilia3.jpg 1600w\" sizes=\"(max-width: 1024px) 100vw, 1024px\" \/><\/figure>\n\n\n\n<p>Hoy, sin ocultar su enojo cada vez que tiene frente a ella un micr\u00f3fono, reiter\u00f3 la necesidad de conocer la verdad, llorar a su hija en paz sabiendo que la justicia pos\u00f3 su espada con todo el peso de la ley sobre los responsables de la desaparici\u00f3n y presunta muerte a la joven que este pr\u00f3ximo 3 de agosto cumplir\u00eda 29 a\u00f1os.<\/p>\n","protected":false},"excerpt":{"rendered":"<p>Desde las 20 de este martes se inici\u00f3 la movilizaci\u00f3n que tiene como principal objetivo llegar a este 2 de agosto recordando que el mundo est\u00e1 sin Cecilia Strzyzowski hace dos meses. Las calles frente al m\u00e1stil central ubicado frente a la plaza 25 de Mayo se llenaron de grafitis con t\u00e9cnicas de est\u00e9ncil rosado [&hellip;]<\/p>\n","protected":false},"author":3,"featured_media":9708,"comment_status":"closed","ping_status":"closed","sticky":false,"template":"","format":"standard","meta":{"om_disable_all_campaigns":false,"_monsterinsights_skip_tracking":false,"_monsterinsights_sitenote_active":false,"_monsterinsights_sitenote_note":"","_monsterinsights_sitenote_category":0,"footnotes":""},"categories":[33,52],"tags":[3032,612,1126,3228],"class_list":["post-9707","post","type-post","status-publish","format-standard","has-post-thumbnail","hentry","category-chaco","category-policiales","tag-caso-cecilia-strzyzowski","tag-justicia","tag-presunto-femicidio","tag-vigilia"],"aioseo_notices":[],"amp_enabled":true,"_links":{"self":[{"href":"https:\/\/diariodigitalnea.com\/index.php\/wp-json\/wp\/v2\/posts\/9707","targetHints":{"allow":["GET"]}}],"collection":[{"href":"https:\/\/diariodigitalnea.com\/index.php\/wp-json\/wp\/v2\/posts"}],"about":[{"href":"https:\/\/diariodigitalnea.com\/index.php\/wp-json\/wp\/v2\/types\/post"}],"author":[{"embeddable":true,"href":"https:\/\/diariodigitalnea.com\/index.php\/wp-json\/wp\/v2\/users\/3"}],"replies":[{"embeddable":true,"href":"https:\/\/diariodigitalnea.com\/index.php\/wp-json\/wp\/v2\/comments?post=9707"}],"version-history":[{"count":1,"href":"https:\/\/diariodigitalnea.com\/index.php\/wp-json\/wp\/v2\/posts\/9707\/revisions"}],"predecessor-version":[{"id":9711,"href":"https:\/\/diariodigitalnea.com\/index.php\/wp-json\/wp\/v2\/posts\/9707\/revisions\/9711"}],"wp:featuredmedia":[{"embeddable":true,"href":"https:\/\/diariodigitalnea.com\/index.php\/wp-json\/wp\/v2\/media\/9708"}],"wp:attachment":[{"href":"https:\/\/diariodigitalnea.com\/index.php\/wp-json\/wp\/v2\/media?parent=9707"}],"wp:term":[{"taxonomy":"category","embeddable":true,"href":"https:\/\/diariodigitalnea.com\/index.php\/wp-json\/wp\/v2\/categories?post=9707"},{"taxonomy":"post_tag","embeddable":true,"href":"https:\/\/diariodigitalnea.com\/index.php\/wp-json\/wp\/v2\/tags?post=9707"}],"curies":[{"name":"wp","href":"https:\/\/api.w.org\/{rel}","templated":true}]}}