{"id":9578,"date":"2023-07-20T23:03:40","date_gmt":"2023-07-20T23:03:40","guid":{"rendered":"https:\/\/diariodigitalnea.com\/?p=9578"},"modified":"2023-07-20T23:03:41","modified_gmt":"2023-07-20T23:03:41","slug":"el-gobierno-sumara-el-impuesto-pais-a-las-importaciones-y-crearan-un-dolar-diferencial-para-el-agro","status":"publish","type":"post","link":"https:\/\/diariodigitalnea.com\/index.php\/2023\/07\/20\/el-gobierno-sumara-el-impuesto-pais-a-las-importaciones-y-crearan-un-dolar-diferencial-para-el-agro\/","title":{"rendered":"El Gobierno sumar\u00e1 el impuesto PAIS a las importaciones y crear\u00e1n un d\u00f3lar diferencial para el agro"},"content":{"rendered":"\n<p>El Ministerio de Econom\u00eda anunciar\u00e1 ma\u00f1ana medidas para fortalecer reservas del Banco Central y las cuentas p\u00fablicas<\/p>\n\n\n\n<p><br>El Gobierno anunciar\u00eda un d\u00f3lar m\u00e1s alto para el sector agro como medida de est\u00edmulo a las exportaciones y para intentar alimentar las reservas del Banco Central, mientras los equipos del Ministerio de Econom\u00eda cierran las negociaciones con el FMI.<\/p>\n\n\n\n<figure class=\"wp-block-image size-full\"><img fetchpriority=\"high\" decoding=\"async\" width=\"1002\" height=\"645\" src=\"https:\/\/diariodigitalnea.com\/wp-content\/uploads\/2023\/07\/pais1.jpg\" alt=\"\" class=\"wp-image-9579\" srcset=\"https:\/\/diariodigitalnea.com\/wp-content\/uploads\/2023\/07\/pais1.jpg 1002w, https:\/\/diariodigitalnea.com\/wp-content\/uploads\/2023\/07\/pais1-300x193.jpg 300w, https:\/\/diariodigitalnea.com\/wp-content\/uploads\/2023\/07\/pais1-768x494.jpg 768w\" sizes=\"(max-width: 1002px) 100vw, 1002px\" \/><\/figure>\n\n\n\n<p><br>Si bien todav\u00eda no se conoce el precio de la divisa diferencial, s\u00ed tendr\u00e1 una mejora para la cotizaci\u00f3n en algunas econom\u00edas regionales. El alcance incluir\u00e1 tambi\u00e9n al ma\u00edz, pero s\u00f3lo al cupo de exportador, no al que se vende en el mercado interno.<\/p>\n\n\n\n<p><\/p>\n\n\n\n<p>El Poder Ejecutivo tambi\u00e9n planifica un encarecimiento de las importaciones de algunos sectores, que hoy se realizan a d\u00f3lar oficial. En este sentido, se destaca que el impuesto PA\u00cdS podr\u00eda dejar de pagarse al d\u00f3lar oficial para las importaciones.<\/p>\n\n\n\n<figure class=\"wp-block-image size-large\"><img decoding=\"async\" width=\"1024\" height=\"513\" src=\"http:\/\/diariodigitalnea.com\/wp-content\/uploads\/2023\/05\/ENCUENTRO-IG-Verde-copy-1024x513.jpg\" alt=\"PUBLICIDAD\" class=\"wp-image-8132\" srcset=\"https:\/\/diariodigitalnea.com\/wp-content\/uploads\/2023\/05\/ENCUENTRO-IG-Verde-copy-1024x513.jpg 1024w, https:\/\/diariodigitalnea.com\/wp-content\/uploads\/2023\/05\/ENCUENTRO-IG-Verde-copy-300x150.jpg 300w, https:\/\/diariodigitalnea.com\/wp-content\/uploads\/2023\/05\/ENCUENTRO-IG-Verde-copy-768x385.jpg 768w, https:\/\/diariodigitalnea.com\/wp-content\/uploads\/2023\/05\/ENCUENTRO-IG-Verde-copy-1536x769.jpg 1536w, https:\/\/diariodigitalnea.com\/wp-content\/uploads\/2023\/05\/ENCUENTRO-IG-Verde-copy-2048x1026.jpg 2048w\" sizes=\"(max-width: 1024px) 100vw, 1024px\" \/><figcaption>Publicidad: Encuentro Tienda de Bebidas, Chile 190 Local 4 \u2013 Tel: 3624386655 &#8211; Gral San Mart\u00edn<\/figcaption><\/figure>\n\n\n\n<p><br>No se descartan cambios en este tributo, que en principio era de un 30% para la compra de divisas o consumos dolarizados, pero que ahora para la importaci\u00f3n de bienes suntuarios incluir\u00eda una al\u00edcuota tambi\u00e9n de dos d\u00edgitos mientras que bienes intermedios s\u00f3lo tendr\u00edan un recargo de un d\u00edgito.<\/p>\n\n\n\n<p><\/p>\n\n\n\n<p>Por otra parte, las importaciones ligadas a la canasta b\u00e1sica y energ\u00eda continuar\u00e1n con el precio del d\u00f3lar oficial. Cabe resaltar adem\u00e1s que el propio FMI lanz\u00f3 un informe este \u00faltimo mi\u00e9rcoles, donde consider\u00f3 el valor del d\u00f3lar oficial como muy atrasado.<\/p>\n\n\n\n<p><\/p>\n\n\n\n<p>Estas medidas del Ministerio de Econom\u00eda podr\u00edan ser anunciadas el viernes por la ma\u00f1ana.<\/p>\n\n\n\n<figure class=\"wp-block-image size-large\"><img decoding=\"async\" width=\"1024\" height=\"446\" src=\"http:\/\/diariodigitalnea.com\/wp-content\/uploads\/2023\/05\/CONSTRUCAL-CON-FABRICA-2-1024x446.jpg\" alt=\"publicidad Construcal 2\" class=\"wp-image-8211\" srcset=\"https:\/\/diariodigitalnea.com\/wp-content\/uploads\/2023\/05\/CONSTRUCAL-CON-FABRICA-2-1024x446.jpg 1024w, https:\/\/diariodigitalnea.com\/wp-content\/uploads\/2023\/05\/CONSTRUCAL-CON-FABRICA-2-300x131.jpg 300w, https:\/\/diariodigitalnea.com\/wp-content\/uploads\/2023\/05\/CONSTRUCAL-CON-FABRICA-2-768x334.jpg 768w, https:\/\/diariodigitalnea.com\/wp-content\/uploads\/2023\/05\/CONSTRUCAL-CON-FABRICA-2-1536x669.jpg 1536w, https:\/\/diariodigitalnea.com\/wp-content\/uploads\/2023\/05\/CONSTRUCAL-CON-FABRICA-2-2048x892.jpg 2048w\" sizes=\"(max-width: 1024px) 100vw, 1024px\" \/><figcaption>Publicidad: ConstruCal Cales hidratas y vivas para uso vial y construcci\u00f3n TEL: 3624602737\n<\/figcaption><\/figure>\n","protected":false},"excerpt":{"rendered":"<p>El Ministerio de Econom\u00eda anunciar\u00e1 ma\u00f1ana medidas para fortalecer reservas del Banco Central y las cuentas p\u00fablicas El Gobierno anunciar\u00eda un d\u00f3lar m\u00e1s alto para el sector agro como medida de est\u00edmulo a las exportaciones y para intentar alimentar las reservas del Banco Central, mientras los equipos del Ministerio de Econom\u00eda cierran las negociaciones con [&hellip;]<\/p>\n","protected":false},"author":4,"featured_media":9580,"comment_status":"closed","ping_status":"closed","sticky":false,"template":"","format":"standard","meta":{"om_disable_all_campaigns":false,"_monsterinsights_skip_tracking":false,"_monsterinsights_sitenote_active":false,"_monsterinsights_sitenote_note":"","_monsterinsights_sitenote_category":0,"footnotes":""},"categories":[5,90],"tags":[3197,3196],"class_list":["post-9578","post","type-post","status-publish","format-standard","has-post-thumbnail","hentry","category-economia","category-nacionales","tag-agro","tag-impuesto-pais"],"aioseo_notices":[],"amp_enabled":true,"_links":{"self":[{"href":"https:\/\/diariodigitalnea.com\/index.php\/wp-json\/wp\/v2\/posts\/9578","targetHints":{"allow":["GET"]}}],"collection":[{"href":"https:\/\/diariodigitalnea.com\/index.php\/wp-json\/wp\/v2\/posts"}],"about":[{"href":"https:\/\/diariodigitalnea.com\/index.php\/wp-json\/wp\/v2\/types\/post"}],"author":[{"embeddable":true,"href":"https:\/\/diariodigitalnea.com\/index.php\/wp-json\/wp\/v2\/users\/4"}],"replies":[{"embeddable":true,"href":"https:\/\/diariodigitalnea.com\/index.php\/wp-json\/wp\/v2\/comments?post=9578"}],"version-history":[{"count":1,"href":"https:\/\/diariodigitalnea.com\/index.php\/wp-json\/wp\/v2\/posts\/9578\/revisions"}],"predecessor-version":[{"id":9581,"href":"https:\/\/diariodigitalnea.com\/index.php\/wp-json\/wp\/v2\/posts\/9578\/revisions\/9581"}],"wp:featuredmedia":[{"embeddable":true,"href":"https:\/\/diariodigitalnea.com\/index.php\/wp-json\/wp\/v2\/media\/9580"}],"wp:attachment":[{"href":"https:\/\/diariodigitalnea.com\/index.php\/wp-json\/wp\/v2\/media?parent=9578"}],"wp:term":[{"taxonomy":"category","embeddable":true,"href":"https:\/\/diariodigitalnea.com\/index.php\/wp-json\/wp\/v2\/categories?post=9578"},{"taxonomy":"post_tag","embeddable":true,"href":"https:\/\/diariodigitalnea.com\/index.php\/wp-json\/wp\/v2\/tags?post=9578"}],"curies":[{"name":"wp","href":"https:\/\/api.w.org\/{rel}","templated":true}]}}