{"id":9490,"date":"2023-07-17T14:20:34","date_gmt":"2023-07-17T14:20:34","guid":{"rendered":"https:\/\/diariodigitalnea.com\/?p=9490"},"modified":"2023-07-17T14:20:35","modified_gmt":"2023-07-17T14:20:35","slug":"la-madre-de-cecilia-marchara-esta-tarde-junto-a-madres-del-dolor-a-la-casa-del-chaco-en-caba","status":"publish","type":"post","link":"https:\/\/diariodigitalnea.com\/index.php\/2023\/07\/17\/la-madre-de-cecilia-marchara-esta-tarde-junto-a-madres-del-dolor-a-la-casa-del-chaco-en-caba\/","title":{"rendered":"La madre de Cecilia marchar\u00e1 esta tarde junto a Madres del Dolor a la Casa del Chaco en CABA"},"content":{"rendered":"\n<p>Gloria Romero, madre de Cecilia Strzyzowski, la joven desaparecida el 2 de junio pasado en Resistencia, marchar\u00e1 esta tarde hacia la Casa de la Provincia del Chaco en la ciudad de Buenos Aires, para pedir \u00abjusticia\u00bb por su hija.<\/p>\n\n\n\n<p>La concentraci\u00f3n comenzar\u00e1 a las 18 en avenida Callao 322, del barrio porte\u00f1o de Balvanera, y, all\u00ed, Gloria Romero estar\u00e1 junto a las Madres del Dolor, que pidieron el acompa\u00f1amiento de la poblaci\u00f3n.<\/p>\n\n\n\n<p>\u201cAnoche lleg\u00f3 Gloria, la mam\u00e1 de Cecilia Strzyzowski a Buenos Aires. Fui con Jimena Aduriz, mam\u00e1 de \u00c1ngeles Rawson, y Victoria Gil, mam\u00e1 de Soledad Bargna, a recibirla. Hoy Gloria encabeza una concentraci\u00f3n en la Casa de la Provincia de Chaco a las 18 horas. Que esta concentraci\u00f3n sirva para terminar de esclarecer el caso de Cecilia\u201d, asegur\u00f3 a la prensa Viviam Perrone, madre de Kevin Sedano y referente de la organizaci\u00f3n Madres del Dolor.<\/p>\n\n\n\n<p>La movilizaci\u00f3n ser\u00e1 la primera fuera de la provincia por parte de la madre de la joven, quien ya adelant\u00f3 que ir\u00e1 a otros puntos del pa\u00eds.<\/p>\n\n\n\n<p>La semana pasada, el Equipo Fiscal Especial (EFE) confirm\u00f3 que la sangre encontrada en el piso de la casa de los integrantes de la familia Sena y en un colch\u00f3n y una cama que donaron d\u00edas despu\u00e9s de la desaparici\u00f3n de Cecilia, se corresponde con el ADN de la joven, seg\u00fan los resultados de una pericia realizada en el Instituto de Medicina y Ciencias Forenses (IMCiF) de esa provincia.<\/p>\n\n\n\n<p>La pericia se realiz\u00f3 en base a un cotejo de la sangre aportada por la mam\u00e1 de la v\u00edctima con las muestras levantadas de la casa de Emerenciano Sena y Marcela Acu\u00f1a, procesados con prisi\u00f3n preventiva por el crimen de la joven, al igual que su hijo y pareja de la v\u00edctima, Cesar Sena.<\/p>\n\n\n\n<figure class=\"wp-block-image size-large\"><img fetchpriority=\"high\" decoding=\"async\" width=\"1024\" height=\"710\" src=\"http:\/\/diariodigitalnea.com\/wp-content\/uploads\/2023\/07\/gloria02-1024x710.jpg\" alt=\"\" class=\"wp-image-9494\" srcset=\"https:\/\/diariodigitalnea.com\/wp-content\/uploads\/2023\/07\/gloria02-1024x710.jpg 1024w, https:\/\/diariodigitalnea.com\/wp-content\/uploads\/2023\/07\/gloria02-300x208.jpg 300w, https:\/\/diariodigitalnea.com\/wp-content\/uploads\/2023\/07\/gloria02-768x533.jpg 768w, https:\/\/diariodigitalnea.com\/wp-content\/uploads\/2023\/07\/gloria02.jpg 1152w\" sizes=\"(max-width: 1024px) 100vw, 1024px\" \/><\/figure>\n\n\n\n<p>Adem\u00e1s, tambi\u00e9n hallaron posibles manchas de sangre en la caja de la camioneta Toyota Hilux de C\u00e9sar Sena.<\/p>\n\n\n\n<p>Por su parte, la psic\u00f3loga que atendi\u00f3 a Cecilia hasta mayo pasado confirm\u00f3 que la joven le cont\u00f3 haber sido v\u00edctima de un episodio de violencia de g\u00e9nero por parte de su esposo, y le asegur\u00f3 que en los conflictos de pareja estaba incluida su suegra.<\/p>\n\n\n\n<p>Cecilia (28) fue vista por \u00faltima vez a las 9.16 del 2 de junio \u00faltimo, cuando una c\u00e1mara de seguridad registr\u00f3 su ingreso en compa\u00f1\u00eda de su marido a la casa de sus suegros, situada en la calle Santa Mar\u00eda de Oro 1460, de Resistencia.<\/p>\n\n\n\n<p>Seg\u00fan la resoluci\u00f3n de los fiscales, Cecilia fue asesinada entre las 12.13 y las 13.01 en una de las habitaciones de la casa aparentemente por estrangulamiento en momentos en que se hallaba junto a C\u00e9sar, Emerenciano y Acu\u00f1a.<\/p>\n\n\n\n<p>De acuerdo con la acusaci\u00f3n, su cuerpo fue luego trasladado por C\u00e9sar Sena y un colaborador de la familia, Gustavo Obreg\u00f3n, envuelto en una frazada y a bordo de una camioneta hasta la chancher\u00eda propiedad de los principales imputados, donde fue calcinada.<\/p>\n\n\n\n<p>Finalmente, se cree que sus restos fueron esparcidos en distintos sectores de ese predio, junto a una de las m\u00e1rgenes del R\u00edo Tragadero, donde tiempo atr\u00e1s se encontraron restos de huesos humanos y el viernes pasado otros fragmentos \u00f3seos que debe determinarse a\u00fan de qu\u00e9 son.<\/p>\n\n\n\n<p>Adem\u00e1s de los tres integrantes del denominado clan Sena, por el caso permanecen con prisi\u00f3n preventiva Gustavo Obreg\u00f3n y su esposa Fabiana Gonz\u00e1lez (ambos asistentes de los Sena) y Gustavo Melgarejo y su mujer Griselda Reinoso (caseros de la familia), quienes est\u00e1n acusados de encubrimiento agravado.<\/p>\n","protected":false},"excerpt":{"rendered":"<p>Gloria Romero, madre de Cecilia Strzyzowski, la joven desaparecida el 2 de junio pasado en Resistencia, marchar\u00e1 esta tarde hacia la Casa de la Provincia del Chaco en la ciudad de Buenos Aires, para pedir \u00abjusticia\u00bb por su hija. La concentraci\u00f3n comenzar\u00e1 a las 18 en avenida Callao 322, del barrio porte\u00f1o de Balvanera, y, [&hellip;]<\/p>\n","protected":false},"author":3,"featured_media":9495,"comment_status":"closed","ping_status":"closed","sticky":false,"template":"","format":"standard","meta":{"om_disable_all_campaigns":false,"_monsterinsights_skip_tracking":false,"_monsterinsights_sitenote_active":false,"_monsterinsights_sitenote_note":"","_monsterinsights_sitenote_category":0,"footnotes":""},"categories":[33,90,52],"tags":[3032,3051,3181,428],"class_list":["post-9490","post","type-post","status-publish","format-standard","has-post-thumbnail","hentry","category-chaco","category-nacionales","category-policiales","tag-caso-cecilia-strzyzowski","tag-gloria-romero","tag-madres-del-dolor","tag-marcha"],"aioseo_notices":[],"amp_enabled":true,"_links":{"self":[{"href":"https:\/\/diariodigitalnea.com\/index.php\/wp-json\/wp\/v2\/posts\/9490","targetHints":{"allow":["GET"]}}],"collection":[{"href":"https:\/\/diariodigitalnea.com\/index.php\/wp-json\/wp\/v2\/posts"}],"about":[{"href":"https:\/\/diariodigitalnea.com\/index.php\/wp-json\/wp\/v2\/types\/post"}],"author":[{"embeddable":true,"href":"https:\/\/diariodigitalnea.com\/index.php\/wp-json\/wp\/v2\/users\/3"}],"replies":[{"embeddable":true,"href":"https:\/\/diariodigitalnea.com\/index.php\/wp-json\/wp\/v2\/comments?post=9490"}],"version-history":[{"count":1,"href":"https:\/\/diariodigitalnea.com\/index.php\/wp-json\/wp\/v2\/posts\/9490\/revisions"}],"predecessor-version":[{"id":9496,"href":"https:\/\/diariodigitalnea.com\/index.php\/wp-json\/wp\/v2\/posts\/9490\/revisions\/9496"}],"wp:featuredmedia":[{"embeddable":true,"href":"https:\/\/diariodigitalnea.com\/index.php\/wp-json\/wp\/v2\/media\/9495"}],"wp:attachment":[{"href":"https:\/\/diariodigitalnea.com\/index.php\/wp-json\/wp\/v2\/media?parent=9490"}],"wp:term":[{"taxonomy":"category","embeddable":true,"href":"https:\/\/diariodigitalnea.com\/index.php\/wp-json\/wp\/v2\/categories?post=9490"},{"taxonomy":"post_tag","embeddable":true,"href":"https:\/\/diariodigitalnea.com\/index.php\/wp-json\/wp\/v2\/tags?post=9490"}],"curies":[{"name":"wp","href":"https:\/\/api.w.org\/{rel}","templated":true}]}}