{"id":9454,"date":"2023-07-16T16:09:40","date_gmt":"2023-07-16T16:09:40","guid":{"rendered":"https:\/\/diariodigitalnea.com\/?p=9454"},"modified":"2023-07-16T16:09:41","modified_gmt":"2023-07-16T16:09:41","slug":"vecinos-de-colonia-baranda-pudieron-acceder-al-programa-de-castracion-y-eco-ciudad-recicla","status":"publish","type":"post","link":"https:\/\/diariodigitalnea.com\/index.php\/2023\/07\/16\/vecinos-de-colonia-baranda-pudieron-acceder-al-programa-de-castracion-y-eco-ciudad-recicla\/","title":{"rendered":"Vecinos de Colonia Baranda pudieron acceder al programa de Castraci\u00f3n y Eco Ciudad Recicla"},"content":{"rendered":"\n<p>En Colonia Baranda, el intendente de Resistencia, Gustavo Mart\u00ednez supervis\u00f3 la presentaci\u00f3n de los programas municipales \u00abMi Mascota\u00bb y \u00abEco Ciudad Recicla\u00bb. Lo hizo como parte de la gesti\u00f3n que lleva adelante Resistencia y que proyecta reforzar a partir de un proyecto de ley que propone incorporar al ejido municipal a este sector ubicado en la ruta provincial 63, a pocos kil\u00f3metros de la ruta nacional 11.<\/p>\n\n\n\n<p>La plazoleta San Expedito fue escenario para estos servicios de castraci\u00f3n gratuita de perros y gatos y del canje de elementos reciclables por elementos de utilidad para instituciones.<\/p>\n\n\n\n<p><strong>ECO RECICLA<\/strong><\/p>\n\n\n\n<p>Gustavo Mart\u00ednez, acompa\u00f1ado de la candidata a intendenta de Resistencia Eli Cuesta sostuvo que \u201cfue una alegr\u00eda poder traer Eco Ciudad Recicla a Colonia Baranda y continuar concientizando sobre la importancia que tiene el reciclado\u201d, y agreg\u00f3 que \u201cesto se viene desarrollando desde hace casi dos a\u00f1os y nuclea a m\u00e1s de 150 instituciones de distintos puntos de Resistencia, donde a partir del reciclado de pl\u00e1stico, cart\u00f3n, vidrio o aluminio, las entidades pueden canjear elementos que necesitan su actividad\u201d.<\/p>\n\n\n\n<figure class=\"wp-block-image size-large\"><img fetchpriority=\"high\" decoding=\"async\" width=\"1024\" height=\"683\" src=\"http:\/\/diariodigitalnea.com\/wp-content\/uploads\/2023\/07\/COLONIA-BARANDA-1-1024x683.jpg\" alt=\"\" class=\"wp-image-9455\" srcset=\"https:\/\/diariodigitalnea.com\/wp-content\/uploads\/2023\/07\/COLONIA-BARANDA-1-1024x683.jpg 1024w, https:\/\/diariodigitalnea.com\/wp-content\/uploads\/2023\/07\/COLONIA-BARANDA-1-300x200.jpg 300w, https:\/\/diariodigitalnea.com\/wp-content\/uploads\/2023\/07\/COLONIA-BARANDA-1-768x512.jpg 768w, https:\/\/diariodigitalnea.com\/wp-content\/uploads\/2023\/07\/COLONIA-BARANDA-1-1536x1024.jpg 1536w, https:\/\/diariodigitalnea.com\/wp-content\/uploads\/2023\/07\/COLONIA-BARANDA-1-900x600.jpg 900w, https:\/\/diariodigitalnea.com\/wp-content\/uploads\/2023\/07\/COLONIA-BARANDA-1.jpg 1800w\" sizes=\"(max-width: 1024px) 100vw, 1024px\" \/><\/figure>\n\n\n\n<p>En igual sentido, detall\u00f3 que \u201ccon esta actividad se genera un triple impacto muy positivo, en el cual se genera conciencia, educaci\u00f3n y est\u00edmulo para la educaci\u00f3n ambiental, posteriormente se da respuesta a las demandas de las instituciones comunitarias que necesitan desplegar acciones, mantenimiento o equipamiento, y finalmente se construye una cultura de esfuerzo\u201d.<\/p>\n\n\n\n<p>Asimismo, indic\u00f3 que \u201cse insiste mucho en que hay que ense\u00f1ar que las cosas se consiguen con esfuerzo, y es una cultura que hay que recuperar junto con los valores del trabajo, que es algo que se est\u00e1 perdiendo\u201d, y ampli\u00f3 diciendo que \u201cesta es una pol\u00edtica que se pretende mantener en el tiempo\u201d.<\/p>\n\n\n\n<p><strong>MI MASCOTA<\/strong><\/p>\n\n\n\n<p>De igual manera, Gustavo ponder\u00f3 el programa \u00abMi Mascota\u00bb, que permite la castraci\u00f3n, desparasitaci\u00f3n y vacunaci\u00f3n de perros y gatos.<\/p>\n\n\n\n<p>\u00abSon pol\u00edticas que pretendemos mantener en el tiempo &#8211; continu\u00f3 -, es un servicio gratuito y ac\u00e1 en Colonia Baranda superamos las 70 intervenciones, llegando a casi 35 mil desde que se inici\u00f3 esta propuesta\u00bb.<\/p>\n\n\n\n<p>Asimismo, se refiri\u00f3 al proyecto de ley presentado por la candidata a intendenta de Resistencia, Elida Cuesta, de incorporar a Colonia Baranda al ejido municipal de la Ciudad. \u00abDebe estar bien definido el ejido municipal para el ordenamiento de Baranda, necesitamos su regularizaci\u00f3n para que podamos mensurar y urbanizar, solo falta el marco jur\u00eddico\u00bb, asever\u00f3.<\/p>\n\n\n\n<figure class=\"wp-block-image size-large\"><img decoding=\"async\" width=\"1024\" height=\"683\" src=\"http:\/\/diariodigitalnea.com\/wp-content\/uploads\/2023\/07\/COLONIA-BARANDA-3-1024x683.jpg\" alt=\"\" class=\"wp-image-9457\" srcset=\"https:\/\/diariodigitalnea.com\/wp-content\/uploads\/2023\/07\/COLONIA-BARANDA-3-1024x683.jpg 1024w, https:\/\/diariodigitalnea.com\/wp-content\/uploads\/2023\/07\/COLONIA-BARANDA-3-300x200.jpg 300w, https:\/\/diariodigitalnea.com\/wp-content\/uploads\/2023\/07\/COLONIA-BARANDA-3-768x512.jpg 768w, https:\/\/diariodigitalnea.com\/wp-content\/uploads\/2023\/07\/COLONIA-BARANDA-3-1536x1024.jpg 1536w, https:\/\/diariodigitalnea.com\/wp-content\/uploads\/2023\/07\/COLONIA-BARANDA-3-900x600.jpg 900w, https:\/\/diariodigitalnea.com\/wp-content\/uploads\/2023\/07\/COLONIA-BARANDA-3.jpg 1800w\" sizes=\"(max-width: 1024px) 100vw, 1024px\" \/><\/figure>\n\n\n\n<p>Por su parte, el subsecretario de Ambiente, Pablo Alegre, consider\u00f3 que esta visita a Colonia Baranda era un asunto pendiente. \u00abEra necesario acercarnos con nuestras propuestas, est\u00e1n muy lejos de la ciudad y por eso llegamos con estos dos programas\u00bb.<\/p>\n\n\n\n<p>Los vecinos recibieron las propuestas municipales con mucha alegr\u00eda. El&nbsp; club de adultos mayores \u00abSagrado Coraz\u00f3n\u00bb que trabaja para la guarder\u00eda infantil \u00abAbejita Feliz\u00bb recibi\u00f3 un televisor para los ni\u00f1os,&nbsp; valorando esta labor \u00abmuy importante para nuestra comunidad\u00bb, dijo Carmen Quiroga, que llev\u00f3 elementos para canjear por elementos reciclables.<\/p>\n\n\n\n<p>&nbsp;Juliana Miranda llev\u00f3 a sus gatitos a castrar. \u00abNos cuesta llevar a Resistencia esterilizarlos, nos vino muy bien esto, por las redes sociales compartimos la informaci\u00f3n y esperamos que sigan viniendo\u00bb.<\/p>\n","protected":false},"excerpt":{"rendered":"<p>En Colonia Baranda, el intendente de Resistencia, Gustavo Mart\u00ednez supervis\u00f3 la presentaci\u00f3n de los programas municipales \u00abMi Mascota\u00bb y \u00abEco Ciudad Recicla\u00bb. Lo hizo como parte de la gesti\u00f3n que lleva adelante Resistencia y que proyecta reforzar a partir de un proyecto de ley que propone incorporar al ejido municipal a este sector ubicado en [&hellip;]<\/p>\n","protected":false},"author":3,"featured_media":9456,"comment_status":"closed","ping_status":"closed","sticky":false,"template":"","format":"standard","meta":{"om_disable_all_campaigns":false,"_monsterinsights_skip_tracking":false,"_monsterinsights_sitenote_active":false,"_monsterinsights_sitenote_note":"","_monsterinsights_sitenote_category":0,"footnotes":""},"categories":[33,53,2497],"tags":[3172,150,59,259],"class_list":["post-9454","post","type-post","status-publish","format-standard","has-post-thumbnail","hentry","category-chaco","category-cultura","category-salud-informacion-general","tag-colonia-baranda","tag-eco-ciudad-recicla","tag-gustavo-martinez","tag-programa-mi-mascota"],"aioseo_notices":[],"amp_enabled":true,"_links":{"self":[{"href":"https:\/\/diariodigitalnea.com\/index.php\/wp-json\/wp\/v2\/posts\/9454","targetHints":{"allow":["GET"]}}],"collection":[{"href":"https:\/\/diariodigitalnea.com\/index.php\/wp-json\/wp\/v2\/posts"}],"about":[{"href":"https:\/\/diariodigitalnea.com\/index.php\/wp-json\/wp\/v2\/types\/post"}],"author":[{"embeddable":true,"href":"https:\/\/diariodigitalnea.com\/index.php\/wp-json\/wp\/v2\/users\/3"}],"replies":[{"embeddable":true,"href":"https:\/\/diariodigitalnea.com\/index.php\/wp-json\/wp\/v2\/comments?post=9454"}],"version-history":[{"count":1,"href":"https:\/\/diariodigitalnea.com\/index.php\/wp-json\/wp\/v2\/posts\/9454\/revisions"}],"predecessor-version":[{"id":9458,"href":"https:\/\/diariodigitalnea.com\/index.php\/wp-json\/wp\/v2\/posts\/9454\/revisions\/9458"}],"wp:featuredmedia":[{"embeddable":true,"href":"https:\/\/diariodigitalnea.com\/index.php\/wp-json\/wp\/v2\/media\/9456"}],"wp:attachment":[{"href":"https:\/\/diariodigitalnea.com\/index.php\/wp-json\/wp\/v2\/media?parent=9454"}],"wp:term":[{"taxonomy":"category","embeddable":true,"href":"https:\/\/diariodigitalnea.com\/index.php\/wp-json\/wp\/v2\/categories?post=9454"},{"taxonomy":"post_tag","embeddable":true,"href":"https:\/\/diariodigitalnea.com\/index.php\/wp-json\/wp\/v2\/tags?post=9454"}],"curies":[{"name":"wp","href":"https:\/\/api.w.org\/{rel}","templated":true}]}}