{"id":9432,"date":"2023-07-14T23:02:14","date_gmt":"2023-07-14T23:02:14","guid":{"rendered":"https:\/\/diariodigitalnea.com\/?p=9432"},"modified":"2023-07-14T23:04:59","modified_gmt":"2023-07-14T23:04:59","slug":"caso-cecilia-hallan-rastros-de-sangre-en-la-camioneta-de-cesar-sena","status":"publish","type":"post","link":"https:\/\/diariodigitalnea.com\/index.php\/2023\/07\/14\/caso-cecilia-hallan-rastros-de-sangre-en-la-camioneta-de-cesar-sena\/","title":{"rendered":"Caso Cecilia: hallan rastros de sangre en la camioneta de C\u00e9sar Sena"},"content":{"rendered":"\n<p>Se trata de la Toyota Hilux en la que habr\u00eda trasladado el cuerpo de la v\u00edctima. Tambi\u00e9n se levantaron muestras del auto de Gustavo Obreg\u00f3n.<\/p>\n\n\n\n<p><br>En el marco de la investigaci\u00f3n por el femicidio de Cecilia Strzyzowski, peritos detectaron rastros de sangre en los veh\u00edculos de C\u00e9sar Sena y de Gustavo Obreg\u00f3n, sindicados como las personas que se encargaron de deshacerse del cuerpo de la v\u00edctima, el pasado viernes 2 de junio.<\/p>\n\n\n\n<p><br>Seg\u00fan confirm\u00f3 el fiscal Jorge C\u00e1ceres Olivera, la inspecci\u00f3n se llev\u00f3 a cabo sobre la camioneta Toyota Hilux del exmarido de Cecilia, y el Citro\u00ebn C4 de Obreg\u00f3n, y mediante el uso del reactivo Luminol, en total se levantaron 22 muestras de hisopado.<\/p>\n\n\n\n<figure class=\"wp-block-image size-full\"><img fetchpriority=\"high\" decoding=\"async\" width=\"1000\" height=\"537\" src=\"https:\/\/diariodigitalnea.com\/wp-content\/uploads\/2023\/07\/ceci2.jpg\" alt=\"\" class=\"wp-image-9433\" srcset=\"https:\/\/diariodigitalnea.com\/wp-content\/uploads\/2023\/07\/ceci2.jpg 1000w, https:\/\/diariodigitalnea.com\/wp-content\/uploads\/2023\/07\/ceci2-300x161.jpg 300w, https:\/\/diariodigitalnea.com\/wp-content\/uploads\/2023\/07\/ceci2-768x412.jpg 768w\" sizes=\"(max-width: 1000px) 100vw, 1000px\" \/><\/figure>\n\n\n\n<p>Estas muestras, deber\u00e1n ser ahora analizadas para establecer, en primer lugar, si son humanas y, en seg\u00fan t\u00e9rmino, si se corresponden con el ADN de la joven.<\/p>\n\n\n\n<p><\/p>\n\n\n\n<p>Este nuevo hallazgo, que complica a\u00fan m\u00e1s la situaci\u00f3n de C\u00e9sar Sena, hijo del matrimonio de Emerenciano Sena y Marcela Acu\u00f1a, tambi\u00e9n detenidos por el crimen, se suma a la confirmaci\u00f3n de rastros de sangre de Cecilia en una habitaci\u00f3n de la casa de los Sena y en el colch\u00f3n y la parrilla de cama que hab\u00edan sido regalados a una vecina del barrio Emerenciano luego de la desaparici\u00f3n de la v\u00edctima.<\/p>\n\n\n\n<figure class=\"wp-block-image size-large\"><img decoding=\"async\" width=\"1024\" height=\"513\" src=\"http:\/\/diariodigitalnea.com\/wp-content\/uploads\/2023\/05\/ENCUENTRO-IG-Verde-copy-1024x513.jpg\" alt=\"PUBLICIDAD\" class=\"wp-image-8132\" srcset=\"https:\/\/diariodigitalnea.com\/wp-content\/uploads\/2023\/05\/ENCUENTRO-IG-Verde-copy-1024x513.jpg 1024w, https:\/\/diariodigitalnea.com\/wp-content\/uploads\/2023\/05\/ENCUENTRO-IG-Verde-copy-300x150.jpg 300w, https:\/\/diariodigitalnea.com\/wp-content\/uploads\/2023\/05\/ENCUENTRO-IG-Verde-copy-768x385.jpg 768w, https:\/\/diariodigitalnea.com\/wp-content\/uploads\/2023\/05\/ENCUENTRO-IG-Verde-copy-1536x769.jpg 1536w, https:\/\/diariodigitalnea.com\/wp-content\/uploads\/2023\/05\/ENCUENTRO-IG-Verde-copy-2048x1026.jpg 2048w\" sizes=\"(max-width: 1024px) 100vw, 1024px\" \/><figcaption>Publicidad: Encuentro Tienda de Bebidas, Chile 190 Local 4 \u2013 Tel: 3624386655 &#8211; Gral San Mart\u00edn<\/figcaption><\/figure>\n\n\n\n<p><br>Cabe recordar que Obreg\u00f3n, asistente de la familia Sena y quien se encuentra imputado por encubrimiento agravado, hab\u00eda confesado ante el Equipo Fiscal Especial que \u00e9l y C\u00e9sar Sena se encargaron de retirar el cuerpo de Cecilia de la casa de la familia Sena el viernes 2 de junio, mismo d\u00eda que los investigadores sostienen que ocurri\u00f3 el femicidio.<\/p>\n\n\n\n<p><\/p>\n\n\n\n<p>Adem\u00e1s, una c\u00e1mara de seguridad de una vivienda ubicada en la misma cuadra de la casa de los Sena, en Santa Mar\u00eda de Oro al 1400, registr\u00f3 la camioneta de C\u00e9sar Sena ingresando de cola en el garage, y luego saliendo del lugar, y tambi\u00e9n al acusado sacando unas bolsas. Los fiscales sostienen que ese es el momento en que sacaron el cuerpo de Cecilia para luego llevarlo hasta el campo, donde lo incineraron.<\/p>\n\n\n\n<figure class=\"wp-block-image size-large\"><img decoding=\"async\" width=\"1024\" height=\"446\" src=\"http:\/\/diariodigitalnea.com\/wp-content\/uploads\/2023\/05\/CONSTRUCAL-CON-FABRICA-2-1024x446.jpg\" alt=\"publicidad Construcal 2\" class=\"wp-image-8211\" srcset=\"https:\/\/diariodigitalnea.com\/wp-content\/uploads\/2023\/05\/CONSTRUCAL-CON-FABRICA-2-1024x446.jpg 1024w, https:\/\/diariodigitalnea.com\/wp-content\/uploads\/2023\/05\/CONSTRUCAL-CON-FABRICA-2-300x131.jpg 300w, https:\/\/diariodigitalnea.com\/wp-content\/uploads\/2023\/05\/CONSTRUCAL-CON-FABRICA-2-768x334.jpg 768w, https:\/\/diariodigitalnea.com\/wp-content\/uploads\/2023\/05\/CONSTRUCAL-CON-FABRICA-2-1536x669.jpg 1536w, https:\/\/diariodigitalnea.com\/wp-content\/uploads\/2023\/05\/CONSTRUCAL-CON-FABRICA-2-2048x892.jpg 2048w\" sizes=\"(max-width: 1024px) 100vw, 1024px\" \/><figcaption>Publicidad: ConstruCal Cales hidratas y vivas para uso vial y construcci\u00f3n TEL: 3624602737\n<\/figcaption><\/figure>\n","protected":false},"excerpt":{"rendered":"<p>Se trata de la Toyota Hilux en la que habr\u00eda trasladado el cuerpo de la v\u00edctima. Tambi\u00e9n se levantaron muestras del auto de Gustavo Obreg\u00f3n. En el marco de la investigaci\u00f3n por el femicidio de Cecilia Strzyzowski, peritos detectaron rastros de sangre en los veh\u00edculos de C\u00e9sar Sena y de Gustavo Obreg\u00f3n, sindicados como las [&hellip;]<\/p>\n","protected":false},"author":4,"featured_media":9435,"comment_status":"closed","ping_status":"closed","sticky":false,"template":"","format":"standard","meta":{"om_disable_all_campaigns":false,"_monsterinsights_skip_tracking":false,"_monsterinsights_sitenote_active":false,"_monsterinsights_sitenote_note":"","_monsterinsights_sitenote_category":0,"footnotes":""},"categories":[33,52],"tags":[276,3026,3164],"class_list":["post-9432","post","type-post","status-publish","format-standard","has-post-thumbnail","hentry","category-chaco","category-policiales","tag-camioneta","tag-caso-cecilia","tag-cesar-sena-camioneta"],"aioseo_notices":[],"amp_enabled":true,"_links":{"self":[{"href":"https:\/\/diariodigitalnea.com\/index.php\/wp-json\/wp\/v2\/posts\/9432","targetHints":{"allow":["GET"]}}],"collection":[{"href":"https:\/\/diariodigitalnea.com\/index.php\/wp-json\/wp\/v2\/posts"}],"about":[{"href":"https:\/\/diariodigitalnea.com\/index.php\/wp-json\/wp\/v2\/types\/post"}],"author":[{"embeddable":true,"href":"https:\/\/diariodigitalnea.com\/index.php\/wp-json\/wp\/v2\/users\/4"}],"replies":[{"embeddable":true,"href":"https:\/\/diariodigitalnea.com\/index.php\/wp-json\/wp\/v2\/comments?post=9432"}],"version-history":[{"count":1,"href":"https:\/\/diariodigitalnea.com\/index.php\/wp-json\/wp\/v2\/posts\/9432\/revisions"}],"predecessor-version":[{"id":9434,"href":"https:\/\/diariodigitalnea.com\/index.php\/wp-json\/wp\/v2\/posts\/9432\/revisions\/9434"}],"wp:featuredmedia":[{"embeddable":true,"href":"https:\/\/diariodigitalnea.com\/index.php\/wp-json\/wp\/v2\/media\/9435"}],"wp:attachment":[{"href":"https:\/\/diariodigitalnea.com\/index.php\/wp-json\/wp\/v2\/media?parent=9432"}],"wp:term":[{"taxonomy":"category","embeddable":true,"href":"https:\/\/diariodigitalnea.com\/index.php\/wp-json\/wp\/v2\/categories?post=9432"},{"taxonomy":"post_tag","embeddable":true,"href":"https:\/\/diariodigitalnea.com\/index.php\/wp-json\/wp\/v2\/tags?post=9432"}],"curies":[{"name":"wp","href":"https:\/\/api.w.org\/{rel}","templated":true}]}}