{"id":943,"date":"2022-09-06T13:44:44","date_gmt":"2022-09-06T13:44:44","guid":{"rendered":"https:\/\/diariodigitalnea.com\/?p=943"},"modified":"2022-09-06T13:44:45","modified_gmt":"2022-09-06T13:44:45","slug":"la-delantera-rocio-bueno-se-convirtio-en-la-primera-futbolista-argentina-en-ser-transferida-al-exterior","status":"publish","type":"post","link":"https:\/\/diariodigitalnea.com\/index.php\/2022\/09\/06\/la-delantera-rocio-bueno-se-convirtio-en-la-primera-futbolista-argentina-en-ser-transferida-al-exterior\/","title":{"rendered":"La delantera Roc\u00edo Bueno se convirti\u00f3 en la primera futbolista argentina en ser transferida al exterior"},"content":{"rendered":"\n<p>La figura de la Academia continuar\u00e1 su carrera en el Sassuolo. C\u00f3mo son los detalles de la operaci\u00f3n y cu\u00e1nto dinero recibir\u00e1 la entidad de Avellaneda<\/p>\n\n\n\n<figure class=\"wp-block-image size-full\"><img fetchpriority=\"high\" decoding=\"async\" width=\"768\" height=\"512\" src=\"https:\/\/diariodigitalnea.com\/wp-content\/uploads\/2022\/09\/ddd.jpg\" alt=\"\" class=\"wp-image-947\" srcset=\"https:\/\/diariodigitalnea.com\/wp-content\/uploads\/2022\/09\/ddd.jpg 768w, https:\/\/diariodigitalnea.com\/wp-content\/uploads\/2022\/09\/ddd-300x200.jpg 300w\" sizes=\"(max-width: 768px) 100vw, 768px\" \/><figcaption>La ex jugadora de Racing seguir\u00e1 su carrera en Italia<\/figcaption><\/figure>\n\n\n\n<p>En las \u00faltimas horas se vivi\u00f3 un suceso hist\u00f3rico en el f\u00fatbol femenino argentino. Es que la delantera de\u00a0<strong>Racing<\/strong>\u00a0<strong>Roc\u00edo Alejandra Bueno<\/strong>\u00a0<strong>se convirti\u00f3 en la primera jugadora transferida al exterio<\/strong>r, en un acontecimiento in\u00e9dito en la Argentina, al ser<strong>\u00a0cedida a pr\u00e9stamo por un a\u00f1o<\/strong>\u00a0al\u00a0<strong>Sassuolo<\/strong>\u00a0de la<strong>\u00a0Serie A de Italia,<\/strong>\u00a0con un cargo de<strong>\u00a02.000 euros\u00a0<\/strong>y una opci\u00f3n de compra definitiva por otros\u00a0<strong>25.000 de la moneda europea.<\/strong><\/p>\n\n\n\n<p>De ese modo, la integrante de la Selecci\u00f3n Argentina que obtuvo el<strong>\u00a0segundo puesto<\/strong>\u00a0en la reciente edici\u00f3n de<strong>l Torneo L\u2019Alcudia, de Espa\u00f1a<\/strong>, es la<strong>\u00a0primera futbolista que le generar\u00e1 un ingreso de dinero a una entidad deportiva del pa\u00eds<\/strong>. La\u00a0<em>Academia<\/em>\u00a0oficializ\u00f3 la operaci\u00f3n a trav\u00e9s de sus redes oficiales de comunicaci\u00f3n con el siguiente mensaje: \u201c<strong>\u00a1Gracias, Ro! Racing es tu casa para toda la vida. Para la historia. Racing concret\u00f3 la primera transferencia rentada en el f\u00fatbol femenino argentino<\/strong>\u201d.<\/p>\n\n\n\n<figure class=\"wp-block-image size-full\"><img decoding=\"async\" width=\"960\" height=\"540\" src=\"https:\/\/diariodigitalnea.com\/wp-content\/uploads\/2022\/09\/dddddd.jpeg\" alt=\"\" class=\"wp-image-948\" srcset=\"https:\/\/diariodigitalnea.com\/wp-content\/uploads\/2022\/09\/dddddd.jpeg 960w, https:\/\/diariodigitalnea.com\/wp-content\/uploads\/2022\/09\/dddddd-300x169.jpeg 300w, https:\/\/diariodigitalnea.com\/wp-content\/uploads\/2022\/09\/dddddd-768x432.jpeg 768w\" sizes=\"(max-width: 960px) 100vw, 960px\" \/><\/figure>\n\n\n\n<p>La figura de 29 a\u00f1os convirti\u00f3\u00a0<strong>31 tantos en 35 partidos oficiales desde que lleg\u00f3 a la entidad de Avellaneda<\/strong>\u00a0en 2020; adem\u00e1s de contar en su estad\u00edstica lo que se puede valorar como un r\u00e9cord: en un partido marc\u00f3\u00a0<strong>5 goles en 15 minutos<\/strong>. Dicha haza\u00f1a la gest\u00f3 cuando defend\u00eda la camiseta de\u00a0<strong>Boca\u00a0<\/strong>en la\u00a0<strong>fecha 13<\/strong>\u00a0del<strong>\u00a0Torneo 2015<\/strong>\u00a0en la goleada por\u00a0<strong>10 a 0 frente a Platense<\/strong> <\/p>\n\n\n\n<p>La joven se inici\u00f3 en el f\u00fatbol a los&nbsp;<strong>seis a\u00f1os&nbsp;<\/strong>al jugar en un club masculino de&nbsp;<strong>Mechita<\/strong>, su pueblo natal perteneciente al partido bonaerense de&nbsp;<strong>Bragado<\/strong>. Dos a\u00f1os m\u00e1s tarde ingres\u00f3 a&nbsp;<strong>San Lorenzo<\/strong>, pero pronto se alej\u00f3 porque fue a probarse a&nbsp;<strong>Boca Juniors<\/strong>&nbsp;y de las&nbsp;<strong>250 postulantes fue la \u00fanica que fue seleccionada, en 2014.<\/strong><\/p>\n\n\n\n<p>En el\u00a0<em>Xeneize<\/em>, con el que conquist\u00f3 la<strong>\u00a0Supercopa Femenina 2015<\/strong>, jug\u00f3 hasta\u00a0<strong>2017<\/strong>. Su carrera la continu\u00f3 en la<strong>\u00a0UAI Urquiza<\/strong>, que ven\u00eda de consagrarse en 2016 y que en\u00a0<strong>2019\u00a0<\/strong>le ofreci\u00f3 su\u00a0<strong>primer contrato profesional como futbolista.\u00a0<\/strong>Y al a\u00f1o siguiente fue fichada por\u00a0<strong>Racing<\/strong>, con el que tiene un v\u00ednculo hasta\u00a0<strong>diciembre de 2024.<\/strong><\/p>\n\n\n\n<figure class=\"wp-block-image size-full\"><img decoding=\"async\" width=\"900\" height=\"649\" src=\"https:\/\/diariodigitalnea.com\/wp-content\/uploads\/2022\/09\/rb2.jpg\" alt=\"\" class=\"wp-image-950\" srcset=\"https:\/\/diariodigitalnea.com\/wp-content\/uploads\/2022\/09\/rb2.jpg 900w, https:\/\/diariodigitalnea.com\/wp-content\/uploads\/2022\/09\/rb2-300x216.jpg 300w, https:\/\/diariodigitalnea.com\/wp-content\/uploads\/2022\/09\/rb2-768x554.jpg 768w\" sizes=\"(max-width: 900px) 100vw, 900px\" \/><\/figure>\n\n\n\n<p><strong>Roc\u00edo Bueno<\/strong>, que en la actual campeonato femenino f\u00fatbol de Primera Divisi\u00f3n de la AFA<strong>\u00a0marc\u00f3 13 tantos en 16 cotejos<\/strong>, en los pr\u00f3ximos d\u00edas partir\u00e1 hacia\u00a0<strong>Italia<\/strong>, para integrarse al plantel de\u00a0<strong>Sassuolo<\/strong>, que en la temporada pasada finaliz\u00f3 en la<strong>\u00a0cuarta posici\u00f3n del torneo de la m\u00e1xima categor\u00eda.<\/strong> <\/p>\n\n\n\n<p><\/p>\n","protected":false},"excerpt":{"rendered":"<p>La figura de la Academia continuar\u00e1 su carrera en el Sassuolo. C\u00f3mo son los detalles de la operaci\u00f3n y cu\u00e1nto dinero recibir\u00e1 la entidad de Avellaneda En las \u00faltimas horas se vivi\u00f3 un suceso hist\u00f3rico en el f\u00fatbol femenino argentino. Es que la delantera de\u00a0Racing\u00a0Roc\u00edo Alejandra Bueno\u00a0se convirti\u00f3 en la primera jugadora transferida al exterior, [&hellip;]<\/p>\n","protected":false},"author":4,"featured_media":954,"comment_status":"closed","ping_status":"closed","sticky":false,"template":"","format":"standard","meta":{"om_disable_all_campaigns":false,"_monsterinsights_skip_tracking":false,"_monsterinsights_sitenote_active":false,"_monsterinsights_sitenote_note":"","_monsterinsights_sitenote_category":0,"footnotes":""},"categories":[6],"tags":[94,171,11,10,172],"class_list":["post-943","post","type-post","status-publish","format-standard","has-post-thumbnail","hentry","category-deporte","tag-deportes","tag-femenino","tag-futbol","tag-racing","tag-rocio-bueno"],"aioseo_notices":[],"amp_enabled":true,"_links":{"self":[{"href":"https:\/\/diariodigitalnea.com\/index.php\/wp-json\/wp\/v2\/posts\/943","targetHints":{"allow":["GET"]}}],"collection":[{"href":"https:\/\/diariodigitalnea.com\/index.php\/wp-json\/wp\/v2\/posts"}],"about":[{"href":"https:\/\/diariodigitalnea.com\/index.php\/wp-json\/wp\/v2\/types\/post"}],"author":[{"embeddable":true,"href":"https:\/\/diariodigitalnea.com\/index.php\/wp-json\/wp\/v2\/users\/4"}],"replies":[{"embeddable":true,"href":"https:\/\/diariodigitalnea.com\/index.php\/wp-json\/wp\/v2\/comments?post=943"}],"version-history":[{"count":1,"href":"https:\/\/diariodigitalnea.com\/index.php\/wp-json\/wp\/v2\/posts\/943\/revisions"}],"predecessor-version":[{"id":955,"href":"https:\/\/diariodigitalnea.com\/index.php\/wp-json\/wp\/v2\/posts\/943\/revisions\/955"}],"wp:featuredmedia":[{"embeddable":true,"href":"https:\/\/diariodigitalnea.com\/index.php\/wp-json\/wp\/v2\/media\/954"}],"wp:attachment":[{"href":"https:\/\/diariodigitalnea.com\/index.php\/wp-json\/wp\/v2\/media?parent=943"}],"wp:term":[{"taxonomy":"category","embeddable":true,"href":"https:\/\/diariodigitalnea.com\/index.php\/wp-json\/wp\/v2\/categories?post=943"},{"taxonomy":"post_tag","embeddable":true,"href":"https:\/\/diariodigitalnea.com\/index.php\/wp-json\/wp\/v2\/tags?post=943"}],"curies":[{"name":"wp","href":"https:\/\/api.w.org\/{rel}","templated":true}]}}