{"id":9393,"date":"2023-07-13T23:54:27","date_gmt":"2023-07-13T23:54:27","guid":{"rendered":"https:\/\/diariodigitalnea.com\/?p=9393"},"modified":"2023-07-13T23:54:29","modified_gmt":"2023-07-13T23:54:29","slug":"exitosa-disertacion-sobre-el-concepto-de-justicia-en-el-judaismo","status":"publish","type":"post","link":"https:\/\/diariodigitalnea.com\/index.php\/2023\/07\/13\/exitosa-disertacion-sobre-el-concepto-de-justicia-en-el-judaismo\/","title":{"rendered":"Exitosa disertaci\u00f3n sobre el concepto de justicia en el juda\u00edsmo"},"content":{"rendered":"\n<p>La actividad organizada por el Centro de Estudios Judiciales junto a la Comunidad Jud\u00eda de Resistencia se realiz\u00f3 de manera presencial en el auditorio del STJ y v\u00eda streaming.Estuvieron presentes la presidenta del STJ Isabel Mar\u00eda Grillo, acompa\u00f1ada por la jueza Emilia Valle, el procurador General, Jorge Canteros, la defensora General, Alicia Alcal\u00e1, y el inspector de Justicia de Paz, Nelson Musin.<\/p>\n\n\n\n<figure class=\"wp-block-image size-large\"><img fetchpriority=\"high\" decoding=\"async\" width=\"1024\" height=\"741\" src=\"http:\/\/diariodigitalnea.com\/wp-content\/uploads\/2023\/07\/judaismo3-1024x741.jpg\" alt=\"\" class=\"wp-image-9395\" srcset=\"https:\/\/diariodigitalnea.com\/wp-content\/uploads\/2023\/07\/judaismo3-1024x741.jpg 1024w, https:\/\/diariodigitalnea.com\/wp-content\/uploads\/2023\/07\/judaismo3-300x217.jpg 300w, https:\/\/diariodigitalnea.com\/wp-content\/uploads\/2023\/07\/judaismo3-768x556.jpg 768w, https:\/\/diariodigitalnea.com\/wp-content\/uploads\/2023\/07\/judaismo3-160x117.jpg 160w, https:\/\/diariodigitalnea.com\/wp-content\/uploads\/2023\/07\/judaismo3.jpg 1089w\" sizes=\"(max-width: 1024px) 100vw, 1024px\" \/><\/figure>\n\n\n\n<p>Adem\u00e1s participaron del encuentro el vicepresidente de la Comunidad Jud\u00eda de Resistencia, Sebastian Alperin, el rabino de la CJR, Nat\u00e1n Waingortin, el presidente del Centro Hebraica, Matias Schulman y el presidente de la Asociaci\u00f3n Latina de la Comunidad, Simon Strugo; el Arzobispo Ram\u00f3n Dus e integrantes de la mesa interreligiosa.<\/p>\n\n\n\n<h2 class=\"wp-block-heading\">Tres pilares<\/h2>\n\n\n\n<p>En la apertura del encuentro Alperin afirm\u00f3: \u201cEntendemos que sin justicia no hay verdad, y sin verdad no podemos alcanzar la paz\u201d, para luego destacar la concreci\u00f3n del espacio de reflexi\u00f3n.<\/p>\n\n\n\n<p>Grillo agradeci\u00f3 a quienes asistieron (presencial y digitalmente) y defini\u00f3 a la convocatoria como \u201cuna experiencia hist\u00f3rica\u201d, \u201cuna posibilidad de aprender\u201d.<\/p>\n\n\n\n<figure class=\"wp-block-image size-large\"><img decoding=\"async\" width=\"1024\" height=\"681\" src=\"http:\/\/diariodigitalnea.com\/wp-content\/uploads\/2023\/07\/judiasmo2-1024x681.jpg\" alt=\"\" class=\"wp-image-9399\" srcset=\"https:\/\/diariodigitalnea.com\/wp-content\/uploads\/2023\/07\/judiasmo2-1024x681.jpg 1024w, https:\/\/diariodigitalnea.com\/wp-content\/uploads\/2023\/07\/judiasmo2-300x199.jpg 300w, https:\/\/diariodigitalnea.com\/wp-content\/uploads\/2023\/07\/judiasmo2-768x511.jpg 768w, https:\/\/diariodigitalnea.com\/wp-content\/uploads\/2023\/07\/judiasmo2-1536x1021.jpg 1536w, https:\/\/diariodigitalnea.com\/wp-content\/uploads\/2023\/07\/judiasmo2-2048x1362.jpg 2048w, https:\/\/diariodigitalnea.com\/wp-content\/uploads\/2023\/07\/judiasmo2-900x600.jpg 900w\" sizes=\"(max-width: 1024px) 100vw, 1024px\" \/><\/figure>\n\n\n\n<p>Luego celebr\u00f3 los \u201c40 a\u00f1os ininterrumpidos de democracia que tanto debemos honrar\u201d, y record\u00f3 una sesi\u00f3n de la Asamblea Permanente por los Derechos Humanos (APDH), realizada en la Universidad Popular de Resistencia (en ocasi\u00f3n de un encuentro de Acceso a Justicia de los pueblos ind\u00edgenas), en la que, quien fuera su presidente honorario, el obispo metodista Aldo Etchegoyen, \u201cnos record\u00f3 las ense\u00f1anzas que, a su vez, con generosidad y fraternidad, hab\u00eda aprendido del Rabino Marshall Meyer, con quien compart\u00edan miedos e incertidumbres, durante la dictadura c\u00edvico militar, cuando se conform\u00f3 la APDH\u201d. En su relato, evoc\u00f3 Grillo, Etchegoyen<\/p>\n\n\n\n<p>\u201cNos dec\u00eda que, siguiendo las ense\u00f1anzas del Talmud, la vida se sostiene sobre tres pilares: la verdad, la justicia y la paz. Es mucho m\u00e1s, es el Shalom, que es la paz circular, paz bienestar del contas conmigo que s\u00e9 que cuento con vos\u201d.<\/p>\n\n\n\n<figure class=\"wp-block-image size-large\"><img decoding=\"async\" width=\"1024\" height=\"777\" src=\"http:\/\/diariodigitalnea.com\/wp-content\/uploads\/2023\/07\/judaisom5-1024x777.jpg\" alt=\"\" class=\"wp-image-9398\" srcset=\"https:\/\/diariodigitalnea.com\/wp-content\/uploads\/2023\/07\/judaisom5-1024x777.jpg 1024w, https:\/\/diariodigitalnea.com\/wp-content\/uploads\/2023\/07\/judaisom5-300x228.jpg 300w, https:\/\/diariodigitalnea.com\/wp-content\/uploads\/2023\/07\/judaisom5-768x583.jpg 768w, https:\/\/diariodigitalnea.com\/wp-content\/uploads\/2023\/07\/judaisom5.jpg 1099w\" sizes=\"(max-width: 1024px) 100vw, 1024px\" \/><\/figure>\n\n\n\n<p>La presidenta del STJ reiter\u00f3 la importancia de \u201ceste espacio de aprendizaje, reflexi\u00f3n y amor\u201d, y concluy\u00f3: \u201cY Etchegoyen agregaba una cuarta pata a esa mesa ( si alguna faltaba la vida desaparec\u00eda) que es el amor. Que siempre est\u00e1, no se pierde. Por amor estamos hoy ac\u00e1\u201d.<\/p>\n\n\n\n<p>Propuso \u201cseguir aprendiendo, comprendiendo, interpretando conceptos\u201d, y finaliz\u00f3 su intervenci\u00f3n con la propuesta de otro encuentro que se ocupe del tema seguridad. \u201cPorque hay un concepto de seguridad instalado, y con el que estamos intoxicados, que lo vincula con la restricci\u00f3n y limitaci\u00f3n irracional de nuestros derechos y libertades. En la Constituci\u00f3n, el concepto de seguridad es sin\u00f3nimo de bienestar, de amparo; pero ahora aparece vinculado a otra noci\u00f3n muy lejana a ese bienestar\u201d, reflexion\u00f3 al concluir.<\/p>\n\n\n\n<h2 class=\"wp-block-heading\">Construcci\u00f3n de un mundo mejor<\/h2>\n\n\n\n<p>La charla estuvo a cargo del rabino Nat\u00e1n Waingortin y Clara Cantero.\u00a0 \u201cVenimos a aportar desde un lugar de iguales, como constructores, como una pieza m\u00e1s de la sociedad chaque\u00f1a\u201d, plante\u00f3, al inicio, Waingortin, y agreg\u00f3: \u201cVenimos a manifestar parte de lo que nos ense\u00f1a el profeta Isa\u00edas en la biblia jud\u00eda, el concepto de la misi\u00f3n del pueblo jud\u00edo de ser luz para las naciones. La misi\u00f3n de los jud\u00edos de aportar, donde estemos, sumar a la construcci\u00f3n de un mundo mejor\u201d. Luego agradeci\u00f3 la invitaci\u00f3n de la presidenta del STJ y adelant\u00f3 la intenci\u00f3n de \u201ccompartir el concepto de justicia en el juda\u00edsmo, en las fuentes jud\u00edas, tanto en las fuentes antiguas como la entendemos en nuestro presente\u201d.<\/p>\n\n\n\n<figure class=\"wp-block-image size-large\"><img loading=\"lazy\" decoding=\"async\" width=\"1024\" height=\"721\" src=\"http:\/\/diariodigitalnea.com\/wp-content\/uploads\/2023\/07\/judaismo6-1024x721.jpg\" alt=\"\" class=\"wp-image-9397\" srcset=\"https:\/\/diariodigitalnea.com\/wp-content\/uploads\/2023\/07\/judaismo6-1024x721.jpg 1024w, https:\/\/diariodigitalnea.com\/wp-content\/uploads\/2023\/07\/judaismo6-300x211.jpg 300w, https:\/\/diariodigitalnea.com\/wp-content\/uploads\/2023\/07\/judaismo6-768x540.jpg 768w, https:\/\/diariodigitalnea.com\/wp-content\/uploads\/2023\/07\/judaismo6.jpg 1090w\" sizes=\"(max-width: 1024px) 100vw, 1024px\" \/><\/figure>\n\n\n\n<p>Por su parte, Cantero, destac\u00f3 el valor del encuentro \u201cporque venimos a compartir c\u00f3mo valores intangibles se vuelven cotidianos de acuerdo a las conductas que llevamos como personas\u201d. \u201cPensamos que este concepto de Justicia que compartimos desde libros, desde lo hist\u00f3rico, sigue vigente como un ideal a concretar con nuestras conductas diarias; no s\u00f3lo desde el juda\u00edsmo\u201d.<\/p>\n\n\n\n<p>\u201cNo debemos perder de vista la universalizaci\u00f3n de los DDHH desde el concepto de justicia\u201d, sintetiz\u00f3.<\/p>\n","protected":false},"excerpt":{"rendered":"<p>La actividad organizada por el Centro de Estudios Judiciales junto a la Comunidad Jud\u00eda de Resistencia se realiz\u00f3 de manera presencial en el auditorio del STJ y v\u00eda streaming.Estuvieron presentes la presidenta del STJ Isabel Mar\u00eda Grillo, acompa\u00f1ada por la jueza Emilia Valle, el procurador General, Jorge Canteros, la defensora General, Alicia Alcal\u00e1, y el [&hellip;]<\/p>\n","protected":false},"author":3,"featured_media":9396,"comment_status":"closed","ping_status":"closed","sticky":false,"template":"","format":"standard","meta":{"om_disable_all_campaigns":false,"_monsterinsights_skip_tracking":false,"_monsterinsights_sitenote_active":false,"_monsterinsights_sitenote_note":"","_monsterinsights_sitenote_category":0,"footnotes":""},"categories":[33],"tags":[3158,3159,3157,612,3160],"class_list":["post-9393","post","type-post","status-publish","format-standard","has-post-thumbnail","hentry","category-chaco","tag-centro-de-eestudios-judiciales","tag-comunidad-judia-de-resistencia","tag-judaismo","tag-justicia","tag-stj"],"aioseo_notices":[],"amp_enabled":true,"_links":{"self":[{"href":"https:\/\/diariodigitalnea.com\/index.php\/wp-json\/wp\/v2\/posts\/9393","targetHints":{"allow":["GET"]}}],"collection":[{"href":"https:\/\/diariodigitalnea.com\/index.php\/wp-json\/wp\/v2\/posts"}],"about":[{"href":"https:\/\/diariodigitalnea.com\/index.php\/wp-json\/wp\/v2\/types\/post"}],"author":[{"embeddable":true,"href":"https:\/\/diariodigitalnea.com\/index.php\/wp-json\/wp\/v2\/users\/3"}],"replies":[{"embeddable":true,"href":"https:\/\/diariodigitalnea.com\/index.php\/wp-json\/wp\/v2\/comments?post=9393"}],"version-history":[{"count":1,"href":"https:\/\/diariodigitalnea.com\/index.php\/wp-json\/wp\/v2\/posts\/9393\/revisions"}],"predecessor-version":[{"id":9400,"href":"https:\/\/diariodigitalnea.com\/index.php\/wp-json\/wp\/v2\/posts\/9393\/revisions\/9400"}],"wp:featuredmedia":[{"embeddable":true,"href":"https:\/\/diariodigitalnea.com\/index.php\/wp-json\/wp\/v2\/media\/9396"}],"wp:attachment":[{"href":"https:\/\/diariodigitalnea.com\/index.php\/wp-json\/wp\/v2\/media?parent=9393"}],"wp:term":[{"taxonomy":"category","embeddable":true,"href":"https:\/\/diariodigitalnea.com\/index.php\/wp-json\/wp\/v2\/categories?post=9393"},{"taxonomy":"post_tag","embeddable":true,"href":"https:\/\/diariodigitalnea.com\/index.php\/wp-json\/wp\/v2\/tags?post=9393"}],"curies":[{"name":"wp","href":"https:\/\/api.w.org\/{rel}","templated":true}]}}