{"id":9353,"date":"2023-07-13T00:53:15","date_gmt":"2023-07-13T00:53:15","guid":{"rendered":"https:\/\/diariodigitalnea.com\/?p=9353"},"modified":"2023-07-13T00:53:16","modified_gmt":"2023-07-13T00:53:16","slug":"zaira-nara-lucio-un-look-boho-chic-en-tailandia-y-adelanto-las-tendencias-para-el-proximo-verano-2024","status":"publish","type":"post","link":"https:\/\/diariodigitalnea.com\/index.php\/2023\/07\/13\/zaira-nara-lucio-un-look-boho-chic-en-tailandia-y-adelanto-las-tendencias-para-el-proximo-verano-2024\/","title":{"rendered":"Zaira Nara luci\u00f3 un look boho chic en Tailandia y adelant\u00f3 las tendencias para el pr\u00f3ximo verano 2024"},"content":{"rendered":"\n<p>La modelo se encuentra en el sudeste asi\u00e1tico junto a Pampita, disfrutando de una gran experiencia con una marca reconocida de joyas.<\/p>\n\n\n\n<p><br>Zaira Nara junto a Pampita, protagonizaron uno de los encuentros m\u00e1s esperados, ya que viajaron a Bangkok, Tailandia, para trabajar con la marca de joyas Pandora y ambas son las modelos m\u00e1s buscadas por las firmas nacionales e internacionales.<\/p>\n\n\n\n<figure class=\"wp-block-image size-full\"><img fetchpriority=\"high\" decoding=\"async\" width=\"857\" height=\"638\" src=\"https:\/\/diariodigitalnea.com\/wp-content\/uploads\/2023\/07\/zaira-4-1.jpg\" alt=\"\" class=\"wp-image-9357\" srcset=\"https:\/\/diariodigitalnea.com\/wp-content\/uploads\/2023\/07\/zaira-4-1.jpg 857w, https:\/\/diariodigitalnea.com\/wp-content\/uploads\/2023\/07\/zaira-4-1-300x223.jpg 300w, https:\/\/diariodigitalnea.com\/wp-content\/uploads\/2023\/07\/zaira-4-1-768x572.jpg 768w\" sizes=\"(max-width: 857px) 100vw, 857px\" \/><\/figure>\n\n\n\n<p><br>Durante este viaje, la hermana de Wanda Nara, despleg\u00f3 todo su encanto y belleza, luciendo atuendos espectaculares en el d\u00eda y en la noche, que constaron desde muchas transparencias, tendencias Barbie core, hasta monogram Gucci y total White para el segundo d\u00eda en el pa\u00eds.<\/p>\n\n\n\n<p><\/p>\n\n\n\n<p>Es el tercer d\u00eda de Zaira en Tailandia y para disfrutar del verano asi\u00e1tico, visitar Mezquitas y pasear sin problemas, eligi\u00f3 prendas tejidas y de lino que son frescas y c\u00f3modas para no sufrir el calor. Desde su cuenta de Instagram, la modelo est\u00e1 publicando im\u00e1genes de su aventura, uno de los m\u00e1s importantes de su vida en cuanto a experiencia y trabajo como modelo. En el \u00faltimo v\u00eddeo que poste\u00f3, se la ve recorriendo Bangkok mientras pega saltos de felicidad y levanta las manos, dejando en evidencia su emoci\u00f3n y agradecimiento.<\/p>\n\n\n\n<figure class=\"wp-block-image size-full\"><img decoding=\"async\" width=\"1000\" height=\"688\" src=\"https:\/\/diariodigitalnea.com\/wp-content\/uploads\/2023\/07\/zaira3.jpg\" alt=\"\" class=\"wp-image-9355\" srcset=\"https:\/\/diariodigitalnea.com\/wp-content\/uploads\/2023\/07\/zaira3.jpg 1000w, https:\/\/diariodigitalnea.com\/wp-content\/uploads\/2023\/07\/zaira3-300x206.jpg 300w, https:\/\/diariodigitalnea.com\/wp-content\/uploads\/2023\/07\/zaira3-768x528.jpg 768w\" sizes=\"(max-width: 1000px) 100vw, 1000px\" \/><\/figure>\n\n\n\n<p><br><strong>El look boho de Zaira Nara<br><\/strong>El atuendo en cuesti\u00f3n es un conjunto en blanco de camisa y pantal\u00f3n de lino, que nos recuerda a un estilo boho chic y cuenta con bordados de figuras como tribales que rodean casi todo el look, en colores celestes y azules.<\/p>\n\n\n\n<p>Luego, Zaira decidi\u00f3 cambiar el pantal\u00f3n por una pollera tejida, de corte midi y con largos flecos alrededor del ruedo y respetando la misma l\u00ednea de colores. A su vez, aprovech\u00f3 para realzar el look y se anud\u00f3 la camisa por encima del ombligo, para darle un gui\u00f1o m\u00e1s canchero.<\/p>\n\n\n\n<p><\/p>\n\n\n\n<figure class=\"wp-block-image size-large\"><img decoding=\"async\" width=\"1024\" height=\"513\" src=\"http:\/\/diariodigitalnea.com\/wp-content\/uploads\/2023\/05\/ENCUENTRO-IG-Verde-copy-1024x513.jpg\" alt=\"PUBLICIDAD\" class=\"wp-image-8132\" srcset=\"https:\/\/diariodigitalnea.com\/wp-content\/uploads\/2023\/05\/ENCUENTRO-IG-Verde-copy-1024x513.jpg 1024w, https:\/\/diariodigitalnea.com\/wp-content\/uploads\/2023\/05\/ENCUENTRO-IG-Verde-copy-300x150.jpg 300w, https:\/\/diariodigitalnea.com\/wp-content\/uploads\/2023\/05\/ENCUENTRO-IG-Verde-copy-768x385.jpg 768w, https:\/\/diariodigitalnea.com\/wp-content\/uploads\/2023\/05\/ENCUENTRO-IG-Verde-copy-1536x769.jpg 1536w, https:\/\/diariodigitalnea.com\/wp-content\/uploads\/2023\/05\/ENCUENTRO-IG-Verde-copy-2048x1026.jpg 2048w\" sizes=\"(max-width: 1024px) 100vw, 1024px\" \/><figcaption>Publicidad: Encuentro Tienda de Bebidas, Chile 190 Local 4 \u2013 Tel: 3624386655 &#8211; Gral San Mart\u00edn<\/figcaption><\/figure>\n\n\n\n<p><br>En cuanto a los accesorios, Zaira Nara llev\u00f3 collares y anillos de la marca para la que est\u00e1 trabajando, opt\u00f3 por un sombrero playero de yute y una minibag tejida de Chanel en color crema. En los pies luci\u00f3 el cl\u00e1sico modelo Or\u00e1n de Hermes en marr\u00f3n, las sandalias favoritas y m\u00e1s elegidas por las influencers de moda desde hace 25 a\u00f1os para el verano.<\/p>\n\n\n\n<figure class=\"wp-block-image size-large\"><img loading=\"lazy\" decoding=\"async\" width=\"1024\" height=\"446\" src=\"http:\/\/diariodigitalnea.com\/wp-content\/uploads\/2023\/05\/CONSTRUCAL-CON-FABRICA-2-1024x446.jpg\" alt=\"publicidad Construcal 2\" class=\"wp-image-8211\" srcset=\"https:\/\/diariodigitalnea.com\/wp-content\/uploads\/2023\/05\/CONSTRUCAL-CON-FABRICA-2-1024x446.jpg 1024w, https:\/\/diariodigitalnea.com\/wp-content\/uploads\/2023\/05\/CONSTRUCAL-CON-FABRICA-2-300x131.jpg 300w, https:\/\/diariodigitalnea.com\/wp-content\/uploads\/2023\/05\/CONSTRUCAL-CON-FABRICA-2-768x334.jpg 768w, https:\/\/diariodigitalnea.com\/wp-content\/uploads\/2023\/05\/CONSTRUCAL-CON-FABRICA-2-1536x669.jpg 1536w, https:\/\/diariodigitalnea.com\/wp-content\/uploads\/2023\/05\/CONSTRUCAL-CON-FABRICA-2-2048x892.jpg 2048w\" sizes=\"(max-width: 1024px) 100vw, 1024px\" \/><figcaption>Publicidad: ConstruCal Cales hidratas y vivas para uso vial y construcci\u00f3n TEL: 3624602737\n<\/figcaption><\/figure>\n","protected":false},"excerpt":{"rendered":"<p>La modelo se encuentra en el sudeste asi\u00e1tico junto a Pampita, disfrutando de una gran experiencia con una marca reconocida de joyas. Zaira Nara junto a Pampita, protagonizaron uno de los encuentros m\u00e1s esperados, ya que viajaron a Bangkok, Tailandia, para trabajar con la marca de joyas Pandora y ambas son las modelos m\u00e1s buscadas [&hellip;]<\/p>\n","protected":false},"author":4,"featured_media":9358,"comment_status":"closed","ping_status":"closed","sticky":false,"template":"","format":"standard","meta":{"om_disable_all_campaigns":false,"_monsterinsights_skip_tracking":false,"_monsterinsights_sitenote_active":false,"_monsterinsights_sitenote_note":"","_monsterinsights_sitenote_category":0,"footnotes":""},"categories":[7,90],"tags":[3152,449,2597],"class_list":["post-9353","post","type-post","status-publish","format-standard","has-post-thumbnail","hentry","category-espectaculos","category-nacionales","tag-boho","tag-moda","tag-zaira-nara"],"aioseo_notices":[],"amp_enabled":true,"_links":{"self":[{"href":"https:\/\/diariodigitalnea.com\/index.php\/wp-json\/wp\/v2\/posts\/9353","targetHints":{"allow":["GET"]}}],"collection":[{"href":"https:\/\/diariodigitalnea.com\/index.php\/wp-json\/wp\/v2\/posts"}],"about":[{"href":"https:\/\/diariodigitalnea.com\/index.php\/wp-json\/wp\/v2\/types\/post"}],"author":[{"embeddable":true,"href":"https:\/\/diariodigitalnea.com\/index.php\/wp-json\/wp\/v2\/users\/4"}],"replies":[{"embeddable":true,"href":"https:\/\/diariodigitalnea.com\/index.php\/wp-json\/wp\/v2\/comments?post=9353"}],"version-history":[{"count":1,"href":"https:\/\/diariodigitalnea.com\/index.php\/wp-json\/wp\/v2\/posts\/9353\/revisions"}],"predecessor-version":[{"id":9359,"href":"https:\/\/diariodigitalnea.com\/index.php\/wp-json\/wp\/v2\/posts\/9353\/revisions\/9359"}],"wp:featuredmedia":[{"embeddable":true,"href":"https:\/\/diariodigitalnea.com\/index.php\/wp-json\/wp\/v2\/media\/9358"}],"wp:attachment":[{"href":"https:\/\/diariodigitalnea.com\/index.php\/wp-json\/wp\/v2\/media?parent=9353"}],"wp:term":[{"taxonomy":"category","embeddable":true,"href":"https:\/\/diariodigitalnea.com\/index.php\/wp-json\/wp\/v2\/categories?post=9353"},{"taxonomy":"post_tag","embeddable":true,"href":"https:\/\/diariodigitalnea.com\/index.php\/wp-json\/wp\/v2\/tags?post=9353"}],"curies":[{"name":"wp","href":"https:\/\/api.w.org\/{rel}","templated":true}]}}