{"id":9325,"date":"2023-07-12T13:21:35","date_gmt":"2023-07-12T13:21:35","guid":{"rendered":"https:\/\/diariodigitalnea.com\/?p=9325"},"modified":"2023-07-12T13:21:36","modified_gmt":"2023-07-12T13:21:36","slug":"tragica-madrugada-en-la-ruta-95-dos-jovenes-fallecieron-luego-de-protagonizar-un-fatal-accidente-contra-un-camion","status":"publish","type":"post","link":"https:\/\/diariodigitalnea.com\/index.php\/2023\/07\/12\/tragica-madrugada-en-la-ruta-95-dos-jovenes-fallecieron-luego-de-protagonizar-un-fatal-accidente-contra-un-camion\/","title":{"rendered":"Tr\u00e1gica madrugada en la Ruta 95: dos j\u00f3venes fallecieron luego de protagonizar un fatal accidente contra un cami\u00f3n"},"content":{"rendered":"\n<p>Seg\u00fan inform\u00f3 la Polic\u00eda del Chaco, hasta el momento no fue posible identificar a los fallecidos y se contin\u00faa investigando el origen del accidente.<\/p>\n\n\n\n<p><br>Un fatal accidente sucedi\u00f3 durante la madrugada de este mi\u00e9rcoles en la Ruta Nacional 95. Como consecuencia del siniestro, dos j\u00f3venes fallecieron.<br>Cerca de las 2:30 de la madrugada, los efectivos de la Comisar\u00eda de Coronel Du Graty fueron alertados por un accidente sobre la Ruta 95, a unos 15 kil\u00f3metros de la ciudad.<\/p>\n\n\n\n<figure class=\"wp-block-image size-large\"><img fetchpriority=\"high\" decoding=\"async\" width=\"1024\" height=\"655\" src=\"https:\/\/diariodigitalnea.com\/wp-content\/uploads\/2023\/07\/ACCIDENTE1-1024x655.jpg\" alt=\"\" class=\"wp-image-9326\" srcset=\"https:\/\/diariodigitalnea.com\/wp-content\/uploads\/2023\/07\/ACCIDENTE1-1024x655.jpg 1024w, https:\/\/diariodigitalnea.com\/wp-content\/uploads\/2023\/07\/ACCIDENTE1-300x192.jpg 300w, https:\/\/diariodigitalnea.com\/wp-content\/uploads\/2023\/07\/ACCIDENTE1-768x492.jpg 768w, https:\/\/diariodigitalnea.com\/wp-content\/uploads\/2023\/07\/ACCIDENTE1.jpg 1300w\" sizes=\"(max-width: 1024px) 100vw, 1024px\" \/><\/figure>\n\n\n\n<p>En ese marco, los uniformados se dirigieron hasta el lugar y corroboraron la veracidad de lo informado. Los part\u00edcipes del siniestro se trataban de un cami\u00f3n Iveco conducido por un joven de 24 a\u00f1os, oriundo de la provincia de Santa Fe, mientras que la otra parte involucraba a una motocicleta marca Corven en la que viajaban dos hombres que perdieron la vida.<\/p>\n\n\n\n<figure class=\"wp-block-image size-large\"><img decoding=\"async\" width=\"1024\" height=\"513\" src=\"http:\/\/diariodigitalnea.com\/wp-content\/uploads\/2023\/05\/ENCUENTRO-IG-Verde-copy-1024x513.jpg\" alt=\"PUBLICIDAD\" class=\"wp-image-8132\" srcset=\"https:\/\/diariodigitalnea.com\/wp-content\/uploads\/2023\/05\/ENCUENTRO-IG-Verde-copy-1024x513.jpg 1024w, https:\/\/diariodigitalnea.com\/wp-content\/uploads\/2023\/05\/ENCUENTRO-IG-Verde-copy-300x150.jpg 300w, https:\/\/diariodigitalnea.com\/wp-content\/uploads\/2023\/05\/ENCUENTRO-IG-Verde-copy-768x385.jpg 768w, https:\/\/diariodigitalnea.com\/wp-content\/uploads\/2023\/05\/ENCUENTRO-IG-Verde-copy-1536x769.jpg 1536w, https:\/\/diariodigitalnea.com\/wp-content\/uploads\/2023\/05\/ENCUENTRO-IG-Verde-copy-2048x1026.jpg 2048w\" sizes=\"(max-width: 1024px) 100vw, 1024px\" \/><figcaption>Publicidad: Encuentro Tienda de Bebidas, Chile 190 Local 4 \u2013 Tel: 3624386655 &#8211; Gral San Mart\u00edn<\/figcaption><\/figure>\n\n\n\n<p><br>Intervino la fiscal\u00eda en turno y se instruyeron actuaciones por \u00absupuesto homicidio culposo en accidente de tr\u00e1nsito\u00bb al conductor del cami\u00f3n. En el lugar trabajaron el personal del Gabinete Cient\u00edfico y de Divisi\u00f3n Criminal\u00edstica.<\/p>\n\n\n\n<p><\/p>\n\n\n\n<p>Seg\u00fan inform\u00f3 la Polic\u00eda del Chaco, hasta el momento no fue posible identificar a los fallecidos y se contin\u00faa investigando el origen del accidente.<\/p>\n\n\n\n<figure class=\"wp-block-image size-large\"><img decoding=\"async\" width=\"1024\" height=\"446\" src=\"http:\/\/diariodigitalnea.com\/wp-content\/uploads\/2023\/05\/CONSTRUCAL-CON-FABRICA-2-1024x446.jpg\" alt=\"publicidad Construcal 2\" class=\"wp-image-8211\" srcset=\"https:\/\/diariodigitalnea.com\/wp-content\/uploads\/2023\/05\/CONSTRUCAL-CON-FABRICA-2-1024x446.jpg 1024w, https:\/\/diariodigitalnea.com\/wp-content\/uploads\/2023\/05\/CONSTRUCAL-CON-FABRICA-2-300x131.jpg 300w, https:\/\/diariodigitalnea.com\/wp-content\/uploads\/2023\/05\/CONSTRUCAL-CON-FABRICA-2-768x334.jpg 768w, https:\/\/diariodigitalnea.com\/wp-content\/uploads\/2023\/05\/CONSTRUCAL-CON-FABRICA-2-1536x669.jpg 1536w, https:\/\/diariodigitalnea.com\/wp-content\/uploads\/2023\/05\/CONSTRUCAL-CON-FABRICA-2-2048x892.jpg 2048w\" sizes=\"(max-width: 1024px) 100vw, 1024px\" \/><figcaption>Publicidad: ConstruCal Cales hidratas y vivas para uso vial y construcci\u00f3n TEL: 3624602737\n<\/figcaption><\/figure>\n","protected":false},"excerpt":{"rendered":"<p>Seg\u00fan inform\u00f3 la Polic\u00eda del Chaco, hasta el momento no fue posible identificar a los fallecidos y se contin\u00faa investigando el origen del accidente. Un fatal accidente sucedi\u00f3 durante la madrugada de este mi\u00e9rcoles en la Ruta Nacional 95. Como consecuencia del siniestro, dos j\u00f3venes fallecieron.Cerca de las 2:30 de la madrugada, los efectivos de [&hellip;]<\/p>\n","protected":false},"author":4,"featured_media":9327,"comment_status":"closed","ping_status":"closed","sticky":false,"template":"","format":"standard","meta":{"om_disable_all_campaigns":false,"_monsterinsights_skip_tracking":false,"_monsterinsights_sitenote_active":false,"_monsterinsights_sitenote_note":"","_monsterinsights_sitenote_category":0,"footnotes":""},"categories":[33,52],"tags":[60,961],"class_list":["post-9325","post","type-post","status-publish","format-standard","has-post-thumbnail","hentry","category-chaco","category-policiales","tag-accidente","tag-accidente-fatal"],"aioseo_notices":[],"amp_enabled":true,"_links":{"self":[{"href":"https:\/\/diariodigitalnea.com\/index.php\/wp-json\/wp\/v2\/posts\/9325","targetHints":{"allow":["GET"]}}],"collection":[{"href":"https:\/\/diariodigitalnea.com\/index.php\/wp-json\/wp\/v2\/posts"}],"about":[{"href":"https:\/\/diariodigitalnea.com\/index.php\/wp-json\/wp\/v2\/types\/post"}],"author":[{"embeddable":true,"href":"https:\/\/diariodigitalnea.com\/index.php\/wp-json\/wp\/v2\/users\/4"}],"replies":[{"embeddable":true,"href":"https:\/\/diariodigitalnea.com\/index.php\/wp-json\/wp\/v2\/comments?post=9325"}],"version-history":[{"count":1,"href":"https:\/\/diariodigitalnea.com\/index.php\/wp-json\/wp\/v2\/posts\/9325\/revisions"}],"predecessor-version":[{"id":9329,"href":"https:\/\/diariodigitalnea.com\/index.php\/wp-json\/wp\/v2\/posts\/9325\/revisions\/9329"}],"wp:featuredmedia":[{"embeddable":true,"href":"https:\/\/diariodigitalnea.com\/index.php\/wp-json\/wp\/v2\/media\/9327"}],"wp:attachment":[{"href":"https:\/\/diariodigitalnea.com\/index.php\/wp-json\/wp\/v2\/media?parent=9325"}],"wp:term":[{"taxonomy":"category","embeddable":true,"href":"https:\/\/diariodigitalnea.com\/index.php\/wp-json\/wp\/v2\/categories?post=9325"},{"taxonomy":"post_tag","embeddable":true,"href":"https:\/\/diariodigitalnea.com\/index.php\/wp-json\/wp\/v2\/tags?post=9325"}],"curies":[{"name":"wp","href":"https:\/\/api.w.org\/{rel}","templated":true}]}}