{"id":9309,"date":"2023-07-11T13:41:10","date_gmt":"2023-07-11T13:41:10","guid":{"rendered":"https:\/\/diariodigitalnea.com\/?p=9309"},"modified":"2023-07-11T13:41:11","modified_gmt":"2023-07-11T13:41:11","slug":"un-equipo-de-control-recorrera-el-centro-de-resistencia-en-busca-de-infracciones","status":"publish","type":"post","link":"https:\/\/diariodigitalnea.com\/index.php\/2023\/07\/11\/un-equipo-de-control-recorrera-el-centro-de-resistencia-en-busca-de-infracciones\/","title":{"rendered":"Un equipo de control recorrer\u00e1 el centro de Resistencia en busca de infracciones"},"content":{"rendered":"\n<p>La Subsecretar\u00eda de Tr\u00e1nsito a cargo de Mat\u00edas Breard record\u00f3 a la comunidad evitar la obstrucci\u00f3n de garajes, paradas de colectivos,\u00a0 motos en vereda y espacios reservados para personas con discapacidad.<\/p>\n\n\n\n<p>El subsecretario de Tr\u00e1nsito y Seguridad Ciudadana Mat\u00edas Breard indic\u00f3 que contin\u00faan trabajando con tareas de prevenci\u00f3n y concientizaci\u00f3n, en lo que respecta a los espacios reservados en la ciudad de Resistencia. Informando a los conductores sobre la importancia de respetar las se\u00f1alizaciones, con la finalidad de un tr\u00e1nsito ordenado.<\/p>\n\n\n\n<p>\u00abSolicitamos a los vecinos que colaboren y estacionen en lugares correspondientes destinados para veh\u00edculos particulares, sin obstruir los espacios se\u00f1alizados y reservados para discapacitados, rampas, garajes, mano izquierda, entre otras faltas que alteran la circulaci\u00f3n vehicular.<\/p>\n\n\n\n<p>\u00abLos controles continuar\u00e1n con esta modalidad y tendremos un equipo que recorrer\u00e1 el micro y macrocentro para prevenir estas faltas y proceder en el caso que lo requiera. Por este motivo, apelamos a la buena predisposici\u00f3n por parte de los vecinos de respetar las normas viales para tener una circulaci\u00f3n much\u00edsimo m\u00e1s amena\u00bb finaliz\u00f3 Breard.<\/p>\n\n\n\n<figure class=\"wp-block-image size-large\"><img fetchpriority=\"high\" decoding=\"async\" width=\"1024\" height=\"446\" src=\"http:\/\/diariodigitalnea.com\/wp-content\/uploads\/2023\/05\/CONSTRUCAL-CON-FABRICA-2-1024x446.jpg\" alt=\"publicidad Construcal 2\" class=\"wp-image-8211\" srcset=\"https:\/\/diariodigitalnea.com\/wp-content\/uploads\/2023\/05\/CONSTRUCAL-CON-FABRICA-2-1024x446.jpg 1024w, https:\/\/diariodigitalnea.com\/wp-content\/uploads\/2023\/05\/CONSTRUCAL-CON-FABRICA-2-300x131.jpg 300w, https:\/\/diariodigitalnea.com\/wp-content\/uploads\/2023\/05\/CONSTRUCAL-CON-FABRICA-2-768x334.jpg 768w, https:\/\/diariodigitalnea.com\/wp-content\/uploads\/2023\/05\/CONSTRUCAL-CON-FABRICA-2-1536x669.jpg 1536w, https:\/\/diariodigitalnea.com\/wp-content\/uploads\/2023\/05\/CONSTRUCAL-CON-FABRICA-2-2048x892.jpg 2048w\" sizes=\"(max-width: 1024px) 100vw, 1024px\" \/><figcaption>Publicidad: ConstruCal Cales hidratas y vivas para uso vial y construcci\u00f3n TEL: 3624602737\n<\/figcaption><\/figure>\n","protected":false},"excerpt":{"rendered":"<p>La Subsecretar\u00eda de Tr\u00e1nsito a cargo de Mat\u00edas Breard record\u00f3 a la comunidad evitar la obstrucci\u00f3n de garajes, paradas de colectivos,\u00a0 motos en vereda y espacios reservados para personas con discapacidad. El subsecretario de Tr\u00e1nsito y Seguridad Ciudadana Mat\u00edas Breard indic\u00f3 que contin\u00faan trabajando con tareas de prevenci\u00f3n y concientizaci\u00f3n, en lo que respecta a [&hellip;]<\/p>\n","protected":false},"author":3,"featured_media":9310,"comment_status":"closed","ping_status":"closed","sticky":false,"template":"","format":"standard","meta":{"om_disable_all_campaigns":false,"_monsterinsights_skip_tracking":false,"_monsterinsights_sitenote_active":false,"_monsterinsights_sitenote_note":"","_monsterinsights_sitenote_category":0,"footnotes":""},"categories":[33],"tags":[2483,3139,3138,40,1589],"class_list":["post-9309","post","type-post","status-publish","format-standard","has-post-thumbnail","hentry","category-chaco","tag-controles","tag-faltas-municipales","tag-matias-breard","tag-resistencia","tag-transito"],"aioseo_notices":[],"amp_enabled":true,"_links":{"self":[{"href":"https:\/\/diariodigitalnea.com\/index.php\/wp-json\/wp\/v2\/posts\/9309","targetHints":{"allow":["GET"]}}],"collection":[{"href":"https:\/\/diariodigitalnea.com\/index.php\/wp-json\/wp\/v2\/posts"}],"about":[{"href":"https:\/\/diariodigitalnea.com\/index.php\/wp-json\/wp\/v2\/types\/post"}],"author":[{"embeddable":true,"href":"https:\/\/diariodigitalnea.com\/index.php\/wp-json\/wp\/v2\/users\/3"}],"replies":[{"embeddable":true,"href":"https:\/\/diariodigitalnea.com\/index.php\/wp-json\/wp\/v2\/comments?post=9309"}],"version-history":[{"count":1,"href":"https:\/\/diariodigitalnea.com\/index.php\/wp-json\/wp\/v2\/posts\/9309\/revisions"}],"predecessor-version":[{"id":9312,"href":"https:\/\/diariodigitalnea.com\/index.php\/wp-json\/wp\/v2\/posts\/9309\/revisions\/9312"}],"wp:featuredmedia":[{"embeddable":true,"href":"https:\/\/diariodigitalnea.com\/index.php\/wp-json\/wp\/v2\/media\/9310"}],"wp:attachment":[{"href":"https:\/\/diariodigitalnea.com\/index.php\/wp-json\/wp\/v2\/media?parent=9309"}],"wp:term":[{"taxonomy":"category","embeddable":true,"href":"https:\/\/diariodigitalnea.com\/index.php\/wp-json\/wp\/v2\/categories?post=9309"},{"taxonomy":"post_tag","embeddable":true,"href":"https:\/\/diariodigitalnea.com\/index.php\/wp-json\/wp\/v2\/tags?post=9309"}],"curies":[{"name":"wp","href":"https:\/\/api.w.org\/{rel}","templated":true}]}}