{"id":9306,"date":"2023-07-11T13:24:50","date_gmt":"2023-07-11T13:24:50","guid":{"rendered":"https:\/\/diariodigitalnea.com\/?p=9306"},"modified":"2023-07-11T13:24:51","modified_gmt":"2023-07-11T13:24:51","slug":"caso-cecilia-strzyzowski-revelaron-el-verdadero-estado-de-salud-de-emerenciano-sena","status":"publish","type":"post","link":"https:\/\/diariodigitalnea.com\/index.php\/2023\/07\/11\/caso-cecilia-strzyzowski-revelaron-el-verdadero-estado-de-salud-de-emerenciano-sena\/","title":{"rendered":"Caso Cecilia Strzyzowski: revelaron el verdadero estado de salud de Emerenciano Sena"},"content":{"rendered":"\n<p>Una junta m\u00e9dica evalu\u00f3 su diagn\u00f3stico de diabetes y p\u00f3lipos sangrantes. Emerenciano Sena hab\u00eda pedido prisi\u00f3n domiciliaria por su \u00abdelicado\u00bb estado en el marco de su detenci\u00f3n.<\/p>\n\n\n\n<p>Un informe redactado por los peritos forenses Ramiro Isla, Camila Brollo y Mar\u00eda Ganz concluy\u00f3 este lunes que no se observaron signos de descompensaci\u00f3n ni de un proceso agudo en evoluci\u00f3n del l\u00edder social Emerenciano Sena. Por todo esto, el padre de C\u00e9sar Sena, uno de los principales sospechosos por el crimen de Cecilia Strzyzowski, aparenta estar en buen estado de salud.<\/p>\n\n\n\n<p>El viernes pasado, Emerenciano Sena se someti\u00f3 a una evaluaci\u00f3n m\u00e9dica en el Instituto M\u00e9dico Forense.<\/p>\n\n\n\n<figure class=\"wp-block-image size-full\"><img fetchpriority=\"high\" decoding=\"async\" width=\"392\" height=\"250\" src=\"http:\/\/diariodigitalnea.com\/wp-content\/uploads\/2023\/07\/marcela2.jpg\" alt=\"\" class=\"wp-image-9222\" srcset=\"https:\/\/diariodigitalnea.com\/wp-content\/uploads\/2023\/07\/marcela2.jpg 392w, https:\/\/diariodigitalnea.com\/wp-content\/uploads\/2023\/07\/marcela2-300x191.jpg 300w\" sizes=\"(max-width: 392px) 100vw, 392px\" \/><\/figure>\n\n\n\n<p>En este marco, una junta m\u00e9dica examin\u00f3 su diagn\u00f3stico de diabetes y p\u00f3lipos sangrantes, condiciones m\u00e9dicas que respalda su solicitud de prisi\u00f3n domiciliaria mientras se encuentra detenido por el femicidio de Cecilia Strzyzowski en la comisar\u00eda Tercera de Resistencia.<\/p>\n\n\n\n<p>Los profesionales recomendaron que se le realicen varios estudios m\u00e9dicos en el Hospital Perrando. Seg\u00fan el informe, \u00abse examin\u00f3 a una persona de sexo masculino, de 60 a\u00f1os de edad, actualmente compensado, con buen estado nutricional, no requiere asistencia de terceros para realizar las actividades de la vida diaria\u00bb.<\/p>\n\n\n\n<p>De acuerdo al documento, el hombre \u00abpresenta un diagn\u00f3stico de patolog\u00edas cr\u00f3nicas las cuales no se constatan por historia cl\u00ednica ni estudios complementarios. Se sugiere que contin\u00fae con la medicaci\u00f3n que refiere le fuere indicado por un profesional m\u00e9dico (no sabe referir con certeza), adem\u00e1s de las medidas higi\u00e9nico diet\u00e9ticas\u00bb.<\/p>\n\n\n\n<figure class=\"wp-block-image size-full\"><img decoding=\"async\" width=\"531\" height=\"468\" src=\"http:\/\/diariodigitalnea.com\/wp-content\/uploads\/2023\/07\/sena.jpg\" alt=\"\" class=\"wp-image-9217\" srcset=\"https:\/\/diariodigitalnea.com\/wp-content\/uploads\/2023\/07\/sena.jpg 531w, https:\/\/diariodigitalnea.com\/wp-content\/uploads\/2023\/07\/sena-300x264.jpg 300w\" sizes=\"(max-width: 531px) 100vw, 531px\" \/><\/figure>\n\n\n\n<p>Ahora ser\u00e1 necesario realizar estudios complementarios a fin de obtener diagn\u00f3sticos precisos y asegurar que \u00abel examinado reciba el tratamiento adecuado y el seguimiento correspondiente\u00bb.<\/p>\n\n\n\n<p>Estos primeros resultados complican el objetivo del imputado de obtener la prisi\u00f3n domiciliaria en su residencia en Santa Mar\u00eda de Oro 1.460. Seg\u00fan el Equipo Fiscal Especial, ese lugar es donde se cree que Cecilia fue asesinada el viernes 2 de junio.<\/p>\n\n\n\n<p>La anterior defensa de Sena hab\u00eda solicitado la prisi\u00f3n domiciliaria, y su esposa comenz\u00f3 una \u00abhuelga de hambre\u00bb d\u00edas despu\u00e9s de su detenci\u00f3n, argumentando que su esposo es \u00abv\u00edctima\u00bb de una injusticia por su detenci\u00f3n \u00absin pruebas\u00bb.<\/p>\n\n\n\n<h2 class=\"wp-block-heading\">C\u00f3mo sigue la causa <\/h2>\n\n\n\n<p>Gloria Romero, la madre de Cecilia Strzyzowski, la joven de 28 a\u00f1os desaparecida desde el 2 de junio en la ciudad chaque\u00f1a de Resistencia, se junt\u00f3 ayer con el equipo de fiscales a cargo de la investigaci\u00f3n para conocer los avances en la causa.<\/p>\n\n\n\n<p>El encuentro ocurri\u00f3 luego de que el pasado viernes se hallaran nuevos restos \u00f3seos en la zona del r\u00edo Tragadero, de la capital provincial. La mujer dijo que la reuni\u00f3n fue \u00abesperanzadora\u00bb, aunque aclar\u00f3 que no va a decir \u00abpositivo\u00bb hasta que los culpables est\u00e9n con prisi\u00f3n perpetua.<\/p>\n\n\n\n<figure class=\"wp-block-image size-large\"><img decoding=\"async\" width=\"1024\" height=\"595\" src=\"http:\/\/diariodigitalnea.com\/wp-content\/uploads\/2023\/07\/SENA-1-1024x595.jpg\" alt=\"\" class=\"wp-image-9270\" srcset=\"https:\/\/diariodigitalnea.com\/wp-content\/uploads\/2023\/07\/SENA-1-1024x595.jpg 1024w, https:\/\/diariodigitalnea.com\/wp-content\/uploads\/2023\/07\/SENA-1-300x174.jpg 300w, https:\/\/diariodigitalnea.com\/wp-content\/uploads\/2023\/07\/SENA-1-768x446.jpg 768w, https:\/\/diariodigitalnea.com\/wp-content\/uploads\/2023\/07\/SENA-1.jpg 1300w\" sizes=\"(max-width: 1024px) 100vw, 1024px\" \/><\/figure>\n\n\n\n<p>La mujer, que encabez\u00f3 una manifestaci\u00f3n con m\u00e1s de 400 personas frente a la fiscal\u00eda de la capital provincial, dijo que espera que la Justicia no acepte los pedidos para que dos de los acusados del crimen de su hija, Emerenciano Sena y Marcela Acu\u00f1a, cumplan la prisi\u00f3n preventiva de manera domiciliaria.<\/p>\n\n\n\n<p>Adem\u00e1s, se espera que hoy lleguen a Resistencia los abogados querellantes Fernando Burlando y Fabi\u00e1n Am\u00e9ndola para participar de las audiencias que se llevar\u00e1n a cabo en el Juzgado de Garant\u00edas ante el planteo de oposici\u00f3n a las prisiones preventivas de Sena padre y de Acu\u00f1a realizado por las defensas.<\/p>\n\n\n\n<p>La pareja detenida, C\u00e9sar Sena y su esposa, Marcela Acu\u00f1a, est\u00e1 acusada del delito de homicidio agravado, al igual que su hijo, C\u00e9sar Sena.<\/p>\n","protected":false},"excerpt":{"rendered":"<p>Una junta m\u00e9dica evalu\u00f3 su diagn\u00f3stico de diabetes y p\u00f3lipos sangrantes. Emerenciano Sena hab\u00eda pedido prisi\u00f3n domiciliaria por su \u00abdelicado\u00bb estado en el marco de su detenci\u00f3n. Un informe redactado por los peritos forenses Ramiro Isla, Camila Brollo y Mar\u00eda Ganz concluy\u00f3 este lunes que no se observaron signos de descompensaci\u00f3n ni de un proceso [&hellip;]<\/p>\n","protected":false},"author":3,"featured_media":8925,"comment_status":"closed","ping_status":"closed","sticky":false,"template":"","format":"standard","meta":{"om_disable_all_campaigns":false,"_monsterinsights_skip_tracking":false,"_monsterinsights_sitenote_active":false,"_monsterinsights_sitenote_note":"","_monsterinsights_sitenote_category":0,"footnotes":""},"categories":[33,52],"tags":[3032,3059,3034,2504,3114],"class_list":["post-9306","post","type-post","status-publish","format-standard","has-post-thumbnail","hentry","category-chaco","category-policiales","tag-caso-cecilia-strzyzowski","tag-clan-sena","tag-emerenciano-sena","tag-estado-de-salud","tag-prision-preventiva"],"aioseo_notices":[],"amp_enabled":true,"_links":{"self":[{"href":"https:\/\/diariodigitalnea.com\/index.php\/wp-json\/wp\/v2\/posts\/9306","targetHints":{"allow":["GET"]}}],"collection":[{"href":"https:\/\/diariodigitalnea.com\/index.php\/wp-json\/wp\/v2\/posts"}],"about":[{"href":"https:\/\/diariodigitalnea.com\/index.php\/wp-json\/wp\/v2\/types\/post"}],"author":[{"embeddable":true,"href":"https:\/\/diariodigitalnea.com\/index.php\/wp-json\/wp\/v2\/users\/3"}],"replies":[{"embeddable":true,"href":"https:\/\/diariodigitalnea.com\/index.php\/wp-json\/wp\/v2\/comments?post=9306"}],"version-history":[{"count":1,"href":"https:\/\/diariodigitalnea.com\/index.php\/wp-json\/wp\/v2\/posts\/9306\/revisions"}],"predecessor-version":[{"id":9307,"href":"https:\/\/diariodigitalnea.com\/index.php\/wp-json\/wp\/v2\/posts\/9306\/revisions\/9307"}],"wp:featuredmedia":[{"embeddable":true,"href":"https:\/\/diariodigitalnea.com\/index.php\/wp-json\/wp\/v2\/media\/8925"}],"wp:attachment":[{"href":"https:\/\/diariodigitalnea.com\/index.php\/wp-json\/wp\/v2\/media?parent=9306"}],"wp:term":[{"taxonomy":"category","embeddable":true,"href":"https:\/\/diariodigitalnea.com\/index.php\/wp-json\/wp\/v2\/categories?post=9306"},{"taxonomy":"post_tag","embeddable":true,"href":"https:\/\/diariodigitalnea.com\/index.php\/wp-json\/wp\/v2\/tags?post=9306"}],"curies":[{"name":"wp","href":"https:\/\/api.w.org\/{rel}","templated":true}]}}