{"id":9245,"date":"2023-07-06T22:32:30","date_gmt":"2023-07-06T22:32:30","guid":{"rendered":"https:\/\/diariodigitalnea.com\/?p=9245"},"modified":"2023-07-06T22:32:31","modified_gmt":"2023-07-06T22:32:31","slug":"en-chaco-no-hay-paro-de-colectivos-confirmo-la-uta","status":"publish","type":"post","link":"https:\/\/diariodigitalnea.com\/index.php\/2023\/07\/06\/en-chaco-no-hay-paro-de-colectivos-confirmo-la-uta\/","title":{"rendered":"En Chaco no hay paro de colectivos, confirm\u00f3 la UTA"},"content":{"rendered":"\n<p>C\u00e9sar Abraham, secretario general adjunto, afirm\u00f3 que a nivel local no adherir\u00e1n al paro convocado por el grupo DOTA en todo el pa\u00eds.<\/p>\n\n\n\n<p><br>La Uni\u00f3n Tranviarios Automotor de Chaco no adhiere al paro de colectivos que realiza a nivel nacional el grupo DOTA y en Chaco el servicio funcionar\u00e1 con normalidad durante todo el fin de semana.<\/p>\n\n\n\n<p><br>El secretario general adjunto de la UTA local, C\u00e9sar Abraham, confirm\u00f3 esta versi\u00f3n a Diario Chaco y dijo que UTA no adhiere a la medida surgida del grupo m\u00e1s cr\u00edtico de la gesti\u00f3n del secretario general del sindicato, Roberto Fern\u00e1ndez.<\/p>\n\n\n\n<figure class=\"wp-block-image size-large\"><img fetchpriority=\"high\" decoding=\"async\" width=\"1024\" height=\"642\" src=\"https:\/\/diariodigitalnea.com\/wp-content\/uploads\/2023\/07\/cole2-1024x642.jpg\" alt=\"\" class=\"wp-image-9246\" srcset=\"https:\/\/diariodigitalnea.com\/wp-content\/uploads\/2023\/07\/cole2-1024x642.jpg 1024w, https:\/\/diariodigitalnea.com\/wp-content\/uploads\/2023\/07\/cole2-300x188.jpg 300w, https:\/\/diariodigitalnea.com\/wp-content\/uploads\/2023\/07\/cole2-768x481.jpg 768w, https:\/\/diariodigitalnea.com\/wp-content\/uploads\/2023\/07\/cole2.jpg 1300w\" sizes=\"(max-width: 1024px) 100vw, 1024px\" \/><\/figure>\n\n\n\n<p>\u00abUTA no adhiere a tal medida. Ma\u00f1ana tampoco hacemos paro\u00bb, dijo el dirigente a este medio.<\/p>\n\n\n\n<p><\/p>\n\n\n\n<p>A nivel nacional, el grupo DOTA lanz\u00f3 un duro comunicado donde acus\u00f3 a Fern\u00e1ndez de \u00abnegociar los salarios a la baja\u00bb e \u00abimponer una grave migraci\u00f3n de tarbajadores a otras actividades mejor remuneradas\u00bb.<\/p>\n\n\n\n<p><\/p>\n\n\n\n<p>\u00abNos cansamos de repetir que un sindicato nacional debe negociar para todo el pa\u00eds y no s\u00f3lo para la regi\u00f3n metropolitana de Buenos Aires, donde ya Fern\u00e1ndez no solo no consigue firmar un acuerdo &#8211; luego de prometer que si no consegu\u00eda un acuerdo salarial se ir\u00eda del gremio- sino que ni siquiera consigue hacer que se cumplan los aumentos otorgados desde el Estado\u00bb, dijeron.<\/p>\n\n\n\n<p><\/p>\n\n\n\n<p>La medida de fuerza se debe a una falta de recomposici\u00f3n salarial desde enero. Buscan que sea mayor a los $ 400.000, y que se cubran las diferencias desde ese mes hasta junio, como tambi\u00e9n su incidencia en el aguinaldo.<\/p>\n\n\n\n<figure class=\"wp-block-image size-large\"><img decoding=\"async\" width=\"1024\" height=\"513\" src=\"http:\/\/diariodigitalnea.com\/wp-content\/uploads\/2023\/05\/ENCUENTRO-IG-Verde-copy-1024x513.jpg\" alt=\"PUBLICIDAD\" class=\"wp-image-8132\" srcset=\"https:\/\/diariodigitalnea.com\/wp-content\/uploads\/2023\/05\/ENCUENTRO-IG-Verde-copy-1024x513.jpg 1024w, https:\/\/diariodigitalnea.com\/wp-content\/uploads\/2023\/05\/ENCUENTRO-IG-Verde-copy-300x150.jpg 300w, https:\/\/diariodigitalnea.com\/wp-content\/uploads\/2023\/05\/ENCUENTRO-IG-Verde-copy-768x385.jpg 768w, https:\/\/diariodigitalnea.com\/wp-content\/uploads\/2023\/05\/ENCUENTRO-IG-Verde-copy-1536x769.jpg 1536w, https:\/\/diariodigitalnea.com\/wp-content\/uploads\/2023\/05\/ENCUENTRO-IG-Verde-copy-2048x1026.jpg 2048w\" sizes=\"(max-width: 1024px) 100vw, 1024px\" \/><figcaption>Publicidad: Encuentro Tienda de Bebidas, Chile 190 Local 4 \u2013 Tel: 3624386655 &#8211; Gral San Mart\u00edn<\/figcaption><\/figure>\n\n\n\n<p>\u00abNo nos comemos m\u00e1s los amagues de paro de Fern\u00e1ndez. Que se corra, nosotros nos encargamos. Esta vez somos los trabajadores de la U.T.A. los que disponemos una retenci\u00f3n de tareas por falta de pago desde las 16 hs. del d\u00eda jueves 6 de julio y en todo el pa\u00eds\u00bb, subrayaron.<\/p>\n\n\n\n<p><\/p>\n\n\n\n<p>Y concluyeron: \u00abNos pueden enga\u00f1ar a algunos todo el tiempo y a todos alg\u00fan tiempo, pero no nos pueden enga\u00f1ar a todos todo el tiempo. Fern\u00e1ndez, cumpl\u00ed tu promesa: \u00e1ndate del gremio (y llevatelo a Kiener)\u00bb.<\/p>\n\n\n\n<figure class=\"wp-block-image size-large\"><img decoding=\"async\" width=\"1024\" height=\"446\" src=\"http:\/\/diariodigitalnea.com\/wp-content\/uploads\/2023\/05\/CONSTRUCAL-CON-FABRICA-2-1024x446.jpg\" alt=\"publicidad Construcal 2\" class=\"wp-image-8211\" srcset=\"https:\/\/diariodigitalnea.com\/wp-content\/uploads\/2023\/05\/CONSTRUCAL-CON-FABRICA-2-1024x446.jpg 1024w, https:\/\/diariodigitalnea.com\/wp-content\/uploads\/2023\/05\/CONSTRUCAL-CON-FABRICA-2-300x131.jpg 300w, https:\/\/diariodigitalnea.com\/wp-content\/uploads\/2023\/05\/CONSTRUCAL-CON-FABRICA-2-768x334.jpg 768w, https:\/\/diariodigitalnea.com\/wp-content\/uploads\/2023\/05\/CONSTRUCAL-CON-FABRICA-2-1536x669.jpg 1536w, https:\/\/diariodigitalnea.com\/wp-content\/uploads\/2023\/05\/CONSTRUCAL-CON-FABRICA-2-2048x892.jpg 2048w\" sizes=\"(max-width: 1024px) 100vw, 1024px\" \/><figcaption>Publicidad: ConstruCal Cales hidratas y vivas para uso vial y construcci\u00f3n TEL: 3624602737\n<\/figcaption><\/figure>\n","protected":false},"excerpt":{"rendered":"<p>C\u00e9sar Abraham, secretario general adjunto, afirm\u00f3 que a nivel local no adherir\u00e1n al paro convocado por el grupo DOTA en todo el pa\u00eds. La Uni\u00f3n Tranviarios Automotor de Chaco no adhiere al paro de colectivos que realiza a nivel nacional el grupo DOTA y en Chaco el servicio funcionar\u00e1 con normalidad durante todo el fin [&hellip;]<\/p>\n","protected":false},"author":4,"featured_media":9247,"comment_status":"closed","ping_status":"closed","sticky":false,"template":"","format":"standard","meta":{"om_disable_all_campaigns":false,"_monsterinsights_skip_tracking":false,"_monsterinsights_sitenote_active":false,"_monsterinsights_sitenote_note":"","_monsterinsights_sitenote_category":0,"footnotes":""},"categories":[33,4],"tags":[728],"class_list":["post-9245","post","type-post","status-publish","format-standard","has-post-thumbnail","hentry","category-chaco","category-politica","tag-uta"],"aioseo_notices":[],"amp_enabled":true,"_links":{"self":[{"href":"https:\/\/diariodigitalnea.com\/index.php\/wp-json\/wp\/v2\/posts\/9245","targetHints":{"allow":["GET"]}}],"collection":[{"href":"https:\/\/diariodigitalnea.com\/index.php\/wp-json\/wp\/v2\/posts"}],"about":[{"href":"https:\/\/diariodigitalnea.com\/index.php\/wp-json\/wp\/v2\/types\/post"}],"author":[{"embeddable":true,"href":"https:\/\/diariodigitalnea.com\/index.php\/wp-json\/wp\/v2\/users\/4"}],"replies":[{"embeddable":true,"href":"https:\/\/diariodigitalnea.com\/index.php\/wp-json\/wp\/v2\/comments?post=9245"}],"version-history":[{"count":1,"href":"https:\/\/diariodigitalnea.com\/index.php\/wp-json\/wp\/v2\/posts\/9245\/revisions"}],"predecessor-version":[{"id":9248,"href":"https:\/\/diariodigitalnea.com\/index.php\/wp-json\/wp\/v2\/posts\/9245\/revisions\/9248"}],"wp:featuredmedia":[{"embeddable":true,"href":"https:\/\/diariodigitalnea.com\/index.php\/wp-json\/wp\/v2\/media\/9247"}],"wp:attachment":[{"href":"https:\/\/diariodigitalnea.com\/index.php\/wp-json\/wp\/v2\/media?parent=9245"}],"wp:term":[{"taxonomy":"category","embeddable":true,"href":"https:\/\/diariodigitalnea.com\/index.php\/wp-json\/wp\/v2\/categories?post=9245"},{"taxonomy":"post_tag","embeddable":true,"href":"https:\/\/diariodigitalnea.com\/index.php\/wp-json\/wp\/v2\/tags?post=9245"}],"curies":[{"name":"wp","href":"https:\/\/api.w.org\/{rel}","templated":true}]}}