{"id":9219,"date":"2023-07-06T00:45:05","date_gmt":"2023-07-06T00:45:05","guid":{"rendered":"https:\/\/diariodigitalnea.com\/?p=9219"},"modified":"2023-07-06T01:00:32","modified_gmt":"2023-07-06T01:00:32","slug":"con-fuerte-custodia-policial-trasladaron-a-marcela-acuna-al-hospital-perrando","status":"publish","type":"post","link":"https:\/\/diariodigitalnea.com\/index.php\/2023\/07\/06\/con-fuerte-custodia-policial-trasladaron-a-marcela-acuna-al-hospital-perrando\/","title":{"rendered":"Con fuerte custodia policial, trasladaron a Marcela Acu\u00f1a al Hospital Perrando"},"content":{"rendered":"\n<p>En la tarde de este mi\u00e9rcoles, y luego de que se ratificara a Ricardo Osuna como su nuevo abogado, la dirigente piquetera Marcela Acu\u00f1a fue trasladada desde el Departamento de Violencia Familiar y de G\u00e9nero donde est\u00e1 alojada hasta el Hospital Perrando por encontrarse en un \u00abdeteriorado estado de salud\u00bb.<\/p>\n\n\n\n<p>La Divisi\u00f3n Fuerza Operaciones Estrategicas Femeninas acompa\u00f1\u00f3 la salida Acu\u00f1a quien ser\u00e1 examinada en el nosocomio local tras pasar, contando hasta este 5 de julio, 23 d\u00edas en huelga de hambre.<\/p>\n\n\n\n<p>En este sentido, Osuna expres\u00f3 que Acu\u00f1a posee \u00abun deteriorado estado de salud as\u00ed que vamos a ver qu\u00e9 dictamina la junta m\u00e9dica\u00bb. El letrado confirm\u00f3 que eval\u00faan presentar un h\u00e1beas corpus.<\/p>\n\n\n\n<figure class=\"wp-block-image size-large\"><img fetchpriority=\"high\" decoding=\"async\" width=\"1024\" height=\"666\" src=\"http:\/\/diariodigitalnea.com\/wp-content\/uploads\/2023\/07\/marce44-1024x666.jpg\" alt=\"\" class=\"wp-image-9226\" srcset=\"https:\/\/diariodigitalnea.com\/wp-content\/uploads\/2023\/07\/marce44-1024x666.jpg 1024w, https:\/\/diariodigitalnea.com\/wp-content\/uploads\/2023\/07\/marce44-300x195.jpg 300w, https:\/\/diariodigitalnea.com\/wp-content\/uploads\/2023\/07\/marce44-768x500.jpg 768w, https:\/\/diariodigitalnea.com\/wp-content\/uploads\/2023\/07\/marce44.jpg 1053w\" sizes=\"(max-width: 1024px) 100vw, 1024px\" \/><\/figure>\n\n\n\n<p>\u00abAhora Marcela me pidi\u00f3 que pida el traslado a la c\u00e1rcel de mujeres porque es bastante malo el trato ac\u00e1, incluso nosotros estamos hace m\u00e1s de una hora y media para poder entrevistarnos y primero nos salieron diciendo que solamente pod\u00edamos venir los d\u00edas de visita y despu\u00e9s tuvimos que hablar con el fiscal y pedirle un favor personal para que nos dejen hablar con la detenida\u00bb, detall\u00f3 respecto al encuentro que deb\u00edan tener luego de que el letrado asumiera su defensa.<\/p>\n\n\n\n<p>Con respecto a su encuentro con la dirigente piquetera expres\u00f3 que \u00abapenas nos dejaron hablar\u00bb. Por otra parte, asever\u00f3 que la preocupaci\u00f3n de Acu\u00f1a es Emerenciano Sena. \u00abA ella lo que m\u00e1s le aflige a ella es que a Emerenciano lo tienen privado de libertad con un colon sangrante, diabetes y no s\u00e9 qu\u00e9 otra complicaci\u00f3n m\u00e1s, y en realidad Emerenciano no tiene nada que ver, eso es lo que me manifest\u00f3 ella\u00bb.<\/p>\n","protected":false},"excerpt":{"rendered":"<p>En la tarde de este mi\u00e9rcoles, y luego de que se ratificara a Ricardo Osuna como su nuevo abogado, la dirigente piquetera Marcela Acu\u00f1a fue trasladada desde el Departamento de Violencia Familiar y de G\u00e9nero donde est\u00e1 alojada hasta el Hospital Perrando por encontrarse en un \u00abdeteriorado estado de salud\u00bb. La Divisi\u00f3n Fuerza Operaciones Estrategicas [&hellip;]<\/p>\n","protected":false},"author":3,"featured_media":9225,"comment_status":"closed","ping_status":"closed","sticky":false,"template":"","format":"standard","meta":{"om_disable_all_campaigns":false,"_monsterinsights_skip_tracking":false,"_monsterinsights_sitenote_active":false,"_monsterinsights_sitenote_note":"","_monsterinsights_sitenote_category":0,"footnotes":""},"categories":[33,52,2497],"tags":[3032,462,3126,3040],"class_list":["post-9219","post","type-post","status-publish","format-standard","has-post-thumbnail","hentry","category-chaco","category-policiales","category-salud-informacion-general","tag-caso-cecilia-strzyzowski","tag-hospital-perrando","tag-huelga-de-hambre","tag-marcela-acuna"],"aioseo_notices":[],"amp_enabled":true,"_links":{"self":[{"href":"https:\/\/diariodigitalnea.com\/index.php\/wp-json\/wp\/v2\/posts\/9219","targetHints":{"allow":["GET"]}}],"collection":[{"href":"https:\/\/diariodigitalnea.com\/index.php\/wp-json\/wp\/v2\/posts"}],"about":[{"href":"https:\/\/diariodigitalnea.com\/index.php\/wp-json\/wp\/v2\/types\/post"}],"author":[{"embeddable":true,"href":"https:\/\/diariodigitalnea.com\/index.php\/wp-json\/wp\/v2\/users\/3"}],"replies":[{"embeddable":true,"href":"https:\/\/diariodigitalnea.com\/index.php\/wp-json\/wp\/v2\/comments?post=9219"}],"version-history":[{"count":2,"href":"https:\/\/diariodigitalnea.com\/index.php\/wp-json\/wp\/v2\/posts\/9219\/revisions"}],"predecessor-version":[{"id":9227,"href":"https:\/\/diariodigitalnea.com\/index.php\/wp-json\/wp\/v2\/posts\/9219\/revisions\/9227"}],"wp:featuredmedia":[{"embeddable":true,"href":"https:\/\/diariodigitalnea.com\/index.php\/wp-json\/wp\/v2\/media\/9225"}],"wp:attachment":[{"href":"https:\/\/diariodigitalnea.com\/index.php\/wp-json\/wp\/v2\/media?parent=9219"}],"wp:term":[{"taxonomy":"category","embeddable":true,"href":"https:\/\/diariodigitalnea.com\/index.php\/wp-json\/wp\/v2\/categories?post=9219"},{"taxonomy":"post_tag","embeddable":true,"href":"https:\/\/diariodigitalnea.com\/index.php\/wp-json\/wp\/v2\/tags?post=9219"}],"curies":[{"name":"wp","href":"https:\/\/api.w.org\/{rel}","templated":true}]}}