{"id":9195,"date":"2023-07-05T03:00:28","date_gmt":"2023-07-05T03:00:28","guid":{"rendered":"https:\/\/diariodigitalnea.com\/?p=9195"},"modified":"2023-07-05T03:00:29","modified_gmt":"2023-07-05T03:00:29","slug":"tension-en-el-mercosur-argentina-brasil-y-paraguay-firmaron-un-comunicado-conjunto-sin-el-apoyo-de-uruguay","status":"publish","type":"post","link":"https:\/\/diariodigitalnea.com\/index.php\/2023\/07\/05\/tension-en-el-mercosur-argentina-brasil-y-paraguay-firmaron-un-comunicado-conjunto-sin-el-apoyo-de-uruguay\/","title":{"rendered":"Tensi\u00f3n en el Mercosur: Argentina, Brasil y Paraguay firmaron un comunicado conjunto sin el apoyo de Uruguay"},"content":{"rendered":"\n<p>Luis Lacalle Pou no acompa\u00f1\u00f3 el documento firmado por sus pares dado que no inclu\u00eda referencias a una flexibilizaci\u00f3n en las restricciones y la posibilidad de que los pa\u00edses miembro del Mercosur pudieran negociar sus propios acuerdos econ\u00f3micos de manera aut\u00f3noma.<\/p>\n\n\n\n<p>El presidente Alberto Fern\u00e1ndez, junto a sus pares de Brasil y Paraguay, Lula Da Silva y Mario Abdo Ben\u00edtez, firmaron hoy un comunicado conjunto en el marco de la LXII cumbre del Mercosur, sin el apoyo del mandatario uruguayo, Luis Lacalle Pou.<\/p>\n\n\n\n<p>El documento firmado tras el encuentro en la ciudad misionera de Puerto Iguaz\u00fa ratifica que \u201clos presidentes renovaron el compromiso del Mercosur con el fortalecimiento de la democracia, el estado de derecho y el respeto a los derechos humanos y resaltaron la importancia de la agenda econ\u00f3mica, comercial, social y cultural del bloque para el beneficio de ciudadanas y ciudadanos\u201d. Adem\u00e1s, se acord\u00f3 la necesidad de fortalecer la cohesi\u00f3n interna del bloque y los v\u00ednculos entre los pa\u00edses miembros.<\/p>\n\n\n\n<p>\u201cLos presidentes convinieron en trabajar para fortalecer la cohesi\u00f3n interna del bloque, donde a\u00fan se observan distintos tipos de dificultades para el comercio y la integraci\u00f3n, profundizar su inserci\u00f3n comercial internacional y articular mecanismos que favorezcan la formaci\u00f3n de cadenas de valor regional e inter regional sustentables, justas y resilientes, para convertir al Mercosur en una plataforma productiva, potente y generados de empleo digno e inclusivo\u201d, destacaron.<\/p>\n\n\n\n<figure class=\"wp-block-image size-large\"><img fetchpriority=\"high\" decoding=\"async\" width=\"1024\" height=\"446\" src=\"http:\/\/diariodigitalnea.com\/wp-content\/uploads\/2023\/05\/CONSTRUCAL-CON-FABRICA-2-1024x446.jpg\" alt=\"publicidad Construcal 2\" class=\"wp-image-8211\" srcset=\"https:\/\/diariodigitalnea.com\/wp-content\/uploads\/2023\/05\/CONSTRUCAL-CON-FABRICA-2-1024x446.jpg 1024w, https:\/\/diariodigitalnea.com\/wp-content\/uploads\/2023\/05\/CONSTRUCAL-CON-FABRICA-2-300x131.jpg 300w, https:\/\/diariodigitalnea.com\/wp-content\/uploads\/2023\/05\/CONSTRUCAL-CON-FABRICA-2-768x334.jpg 768w, https:\/\/diariodigitalnea.com\/wp-content\/uploads\/2023\/05\/CONSTRUCAL-CON-FABRICA-2-1536x669.jpg 1536w, https:\/\/diariodigitalnea.com\/wp-content\/uploads\/2023\/05\/CONSTRUCAL-CON-FABRICA-2-2048x892.jpg 2048w\" sizes=\"(max-width: 1024px) 100vw, 1024px\" \/><figcaption>Publicidad: ConstruCal Cales hidratas y vivas para uso vial y construcci\u00f3n TEL: 3624602737\n<\/figcaption><\/figure>\n\n\n\n<p>Es este punto de actuar uniformemente como bloque en el que difiere Lacalle Pou, quien aboga porque los pa\u00edses del Mercosur puedan negociar de manera individual sus propios acuerdos internacionales. \u201cUruguay tiene una mirada que viene sosteniendo desde hace alg\u00fan tiempo el Presidente Lacalle, que insiste y persiste en la idea de que los socios del Mercosur pueden negociar aut\u00f3nomamente al Mercosur, y de alg\u00fan modo expresa esa diferencia no firmando la decisi\u00f3n. Esa decisi\u00f3n que conocemos\u201d, asegur\u00f3 Alberto Fern\u00e1ndez.<\/p>\n\n\n\n<p>En este marco, el pa\u00eds vecino emiti\u00f3 su propio comunicado unilateral en el que resalt\u00f3 aquellos puntos en com\u00fan con los dem\u00e1s participantes de la cumbre y desarroll\u00f3 su propuesta. Reiter\u00f3, as\u00ed, \u201cla necesidad de modernizar el bloque, incluyendo la conformaci\u00f3n de la zona de libre comercio y la revisi\u00f3n de los instrumentos de inserci\u00f3n internacional con un enfoque pragm\u00e1tico y flexible, para encarar los desaf\u00edos de un escenario mundial de transformaci\u00f3n\u201d.<\/p>\n\n\n\n<p>Lacalle Pou tambi\u00e9n resalt\u00f3 las externalidades negativas resultantes de las restricciones no arancelarias del bloque, por lo que defendi\u00f3 su eliminaci\u00f3n a fin de consolidar y perfeccionar una zona de libre comercio.<\/p>\n","protected":false},"excerpt":{"rendered":"<p>Luis Lacalle Pou no acompa\u00f1\u00f3 el documento firmado por sus pares dado que no inclu\u00eda referencias a una flexibilizaci\u00f3n en las restricciones y la posibilidad de que los pa\u00edses miembro del Mercosur pudieran negociar sus propios acuerdos econ\u00f3micos de manera aut\u00f3noma. El presidente Alberto Fern\u00e1ndez, junto a sus pares de Brasil y Paraguay, Lula Da [&hellip;]<\/p>\n","protected":false},"author":3,"featured_media":9196,"comment_status":"closed","ping_status":"closed","sticky":false,"template":"","format":"standard","meta":{"om_disable_all_campaigns":false,"_monsterinsights_skip_tracking":false,"_monsterinsights_sitenote_active":false,"_monsterinsights_sitenote_note":"","_monsterinsights_sitenote_category":0,"footnotes":""},"categories":[5,90],"tags":[685,1868,3115,3116],"class_list":["post-9195","post","type-post","status-publish","format-standard","has-post-thumbnail","hentry","category-economia","category-nacionales","tag-alberto-fernandez-2","tag-mercosur","tag-puerto-iguazu","tag-tension"],"aioseo_notices":[],"amp_enabled":true,"_links":{"self":[{"href":"https:\/\/diariodigitalnea.com\/index.php\/wp-json\/wp\/v2\/posts\/9195","targetHints":{"allow":["GET"]}}],"collection":[{"href":"https:\/\/diariodigitalnea.com\/index.php\/wp-json\/wp\/v2\/posts"}],"about":[{"href":"https:\/\/diariodigitalnea.com\/index.php\/wp-json\/wp\/v2\/types\/post"}],"author":[{"embeddable":true,"href":"https:\/\/diariodigitalnea.com\/index.php\/wp-json\/wp\/v2\/users\/3"}],"replies":[{"embeddable":true,"href":"https:\/\/diariodigitalnea.com\/index.php\/wp-json\/wp\/v2\/comments?post=9195"}],"version-history":[{"count":1,"href":"https:\/\/diariodigitalnea.com\/index.php\/wp-json\/wp\/v2\/posts\/9195\/revisions"}],"predecessor-version":[{"id":9197,"href":"https:\/\/diariodigitalnea.com\/index.php\/wp-json\/wp\/v2\/posts\/9195\/revisions\/9197"}],"wp:featuredmedia":[{"embeddable":true,"href":"https:\/\/diariodigitalnea.com\/index.php\/wp-json\/wp\/v2\/media\/9196"}],"wp:attachment":[{"href":"https:\/\/diariodigitalnea.com\/index.php\/wp-json\/wp\/v2\/media?parent=9195"}],"wp:term":[{"taxonomy":"category","embeddable":true,"href":"https:\/\/diariodigitalnea.com\/index.php\/wp-json\/wp\/v2\/categories?post=9195"},{"taxonomy":"post_tag","embeddable":true,"href":"https:\/\/diariodigitalnea.com\/index.php\/wp-json\/wp\/v2\/tags?post=9195"}],"curies":[{"name":"wp","href":"https:\/\/api.w.org\/{rel}","templated":true}]}}