{"id":9156,"date":"2023-07-03T15:28:08","date_gmt":"2023-07-03T15:28:08","guid":{"rendered":"https:\/\/diariodigitalnea.com\/?p=9156"},"modified":"2023-07-03T15:28:08","modified_gmt":"2023-07-03T15:28:08","slug":"leandro-zdero-en-agronea-el-campo-sera-protagonista-en-nuestra-gestion","status":"publish","type":"post","link":"https:\/\/diariodigitalnea.com\/index.php\/2023\/07\/03\/leandro-zdero-en-agronea-el-campo-sera-protagonista-en-nuestra-gestion\/","title":{"rendered":"Leandro Zdero en Agronea \u201cEl campo ser\u00e1 protagonista en nuestra gesti\u00f3n\u201d"},"content":{"rendered":"\n<p>Leandro Zdero junto a Silvana Schneider, la f\u00f3rmula para la gobernaci\u00f3n de Juntos por el Cambio, estuvieron acompa\u00f1ando este domingo la muestra agroindustrial y ganadera en Charata. \u201cEstamos presentes hoy en la vig\u00e9sima edici\u00f3n de AGRONEA, la exposici\u00f3n agropecuaria m\u00e1s importante del norte argentino, la cual muestra el potencial productivo e industrial de nuestra regi\u00f3n.\u00a0 Llegar y encontrar expositores con productos y servicios ligados al sector del campo, empresas chaque\u00f1as y de todo el pa\u00eds; mostrando maquinarias confeccionadas con la m\u00e1s alta y sofisticada tecnolog\u00eda, reflejan el trabajo, la persistencia y la pasi\u00f3n puesta en muchos a\u00f1os de trabajo\u201d- indicaron.\u00a0<\/p>\n\n\n\n<p><\/p>\n\n\n\n<p>Posteriormente, Zdero y Schneider junto a Rub\u00e9n Rach, candidato a Intendente por la ciudad de Charata, tomaron contacto con los stands y con el p\u00fablico, que se hizo presente durante toda esta jornada de cierre. \u201cQueremos agradecer el cari\u00f1o de la gente, las palmadas de aliento y reiterar el compromiso de apoyo a nuestros productores quienes solamente piden trabajar su tierra y poder acceder a cr\u00e9ditos blandos porque el campo, es y ser\u00e1 el motor que dinamiza nuestra econom\u00eda\u201d.<\/p>\n\n\n\n<figure class=\"wp-block-image size-large\"><img fetchpriority=\"high\" decoding=\"async\" width=\"1024\" height=\"513\" src=\"http:\/\/diariodigitalnea.com\/wp-content\/uploads\/2023\/05\/ENCUENTRO-IG-Verde-copy-1024x513.jpg\" alt=\"PUBLICIDAD\" class=\"wp-image-8132\" srcset=\"https:\/\/diariodigitalnea.com\/wp-content\/uploads\/2023\/05\/ENCUENTRO-IG-Verde-copy-1024x513.jpg 1024w, https:\/\/diariodigitalnea.com\/wp-content\/uploads\/2023\/05\/ENCUENTRO-IG-Verde-copy-300x150.jpg 300w, https:\/\/diariodigitalnea.com\/wp-content\/uploads\/2023\/05\/ENCUENTRO-IG-Verde-copy-768x385.jpg 768w, https:\/\/diariodigitalnea.com\/wp-content\/uploads\/2023\/05\/ENCUENTRO-IG-Verde-copy-1536x769.jpg 1536w, https:\/\/diariodigitalnea.com\/wp-content\/uploads\/2023\/05\/ENCUENTRO-IG-Verde-copy-2048x1026.jpg 2048w\" sizes=\"(max-width: 1024px) 100vw, 1024px\" \/><figcaption>Publicidad: Encuentro Tienda de Bebidas, Chile 190 Local 4 \u2013 Tel: 3624386655 &#8211; Gral San Mart\u00edn<\/figcaption><\/figure>\n\n\n\n<p><strong>LA ELECTRIFICACI\u00d3N RURAL, LA SEGURIDAD Y LA MEJORA DE LOS CAMINOS SER\u00c1N PRIORIDADES EN NUESTRA AGENDA<\/strong><\/p>\n\n\n\n<p>\u201cEl campo ser\u00e1 protagonista en nuestra gesti\u00f3n y entre las propuestas que llevamos tranquera por tranquera, vamos a llegar con la electrificaci\u00f3n rural en cada rinc\u00f3n del Chaco; mejorar los caminos y la conectividad entre las localidades favorecer\u00e1 la tarea agr\u00edcola y ganadera.&nbsp; La mejora del servicio de energ\u00eda brindar\u00e1 a nuestra poblaci\u00f3n rural mejores condiciones para que no abandonen sus tierras y sigan apostando al mismo. Para eso, vamos a trabajar en conjunto con productores y consorcios, haciendo inversiones que mejoren las infraestructuras actuales. Por otra parte, daremos seguridad a nuestros productores que hoy se sienten desprotegidos ante los robos en sus campos y evitaremos que abandonen sus tierras, con mayor presencia de la polic\u00eda rural y de medidas preventivas en cada zona\u201d- concluyeron.<\/p>\n\n\n\n<figure class=\"wp-block-image size-large\"><img decoding=\"async\" width=\"1024\" height=\"446\" src=\"http:\/\/diariodigitalnea.com\/wp-content\/uploads\/2023\/05\/CONSTRUCAL-CON-FABRICA-2-1024x446.jpg\" alt=\"publicidad Construcal 2\" class=\"wp-image-8211\" srcset=\"https:\/\/diariodigitalnea.com\/wp-content\/uploads\/2023\/05\/CONSTRUCAL-CON-FABRICA-2-1024x446.jpg 1024w, https:\/\/diariodigitalnea.com\/wp-content\/uploads\/2023\/05\/CONSTRUCAL-CON-FABRICA-2-300x131.jpg 300w, https:\/\/diariodigitalnea.com\/wp-content\/uploads\/2023\/05\/CONSTRUCAL-CON-FABRICA-2-768x334.jpg 768w, https:\/\/diariodigitalnea.com\/wp-content\/uploads\/2023\/05\/CONSTRUCAL-CON-FABRICA-2-1536x669.jpg 1536w, https:\/\/diariodigitalnea.com\/wp-content\/uploads\/2023\/05\/CONSTRUCAL-CON-FABRICA-2-2048x892.jpg 2048w\" sizes=\"(max-width: 1024px) 100vw, 1024px\" \/><figcaption>Publicidad: ConstruCal Cales hidratas y vivas para uso vial y construcci\u00f3n TEL: 3624602737\n<\/figcaption><\/figure>\n","protected":false},"excerpt":{"rendered":"<p>Leandro Zdero junto a Silvana Schneider, la f\u00f3rmula para la gobernaci\u00f3n de Juntos por el Cambio, estuvieron acompa\u00f1ando este domingo la muestra agroindustrial y ganadera en Charata. \u201cEstamos presentes hoy en la vig\u00e9sima edici\u00f3n de AGRONEA, la exposici\u00f3n agropecuaria m\u00e1s importante del norte argentino, la cual muestra el potencial productivo e industrial de nuestra regi\u00f3n.\u00a0 [&hellip;]<\/p>\n","protected":false},"author":4,"featured_media":9157,"comment_status":"closed","ping_status":"closed","sticky":false,"template":"","format":"standard","meta":{"om_disable_all_campaigns":false,"_monsterinsights_skip_tracking":false,"_monsterinsights_sitenote_active":false,"_monsterinsights_sitenote_note":"","_monsterinsights_sitenote_category":0,"footnotes":""},"categories":[4],"tags":[3085,3101],"class_list":["post-9156","post","type-post","status-publish","format-standard","has-post-thumbnail","hentry","category-politica","tag-agronea","tag-zadero"],"aioseo_notices":[],"amp_enabled":true,"_links":{"self":[{"href":"https:\/\/diariodigitalnea.com\/index.php\/wp-json\/wp\/v2\/posts\/9156","targetHints":{"allow":["GET"]}}],"collection":[{"href":"https:\/\/diariodigitalnea.com\/index.php\/wp-json\/wp\/v2\/posts"}],"about":[{"href":"https:\/\/diariodigitalnea.com\/index.php\/wp-json\/wp\/v2\/types\/post"}],"author":[{"embeddable":true,"href":"https:\/\/diariodigitalnea.com\/index.php\/wp-json\/wp\/v2\/users\/4"}],"replies":[{"embeddable":true,"href":"https:\/\/diariodigitalnea.com\/index.php\/wp-json\/wp\/v2\/comments?post=9156"}],"version-history":[{"count":1,"href":"https:\/\/diariodigitalnea.com\/index.php\/wp-json\/wp\/v2\/posts\/9156\/revisions"}],"predecessor-version":[{"id":9158,"href":"https:\/\/diariodigitalnea.com\/index.php\/wp-json\/wp\/v2\/posts\/9156\/revisions\/9158"}],"wp:featuredmedia":[{"embeddable":true,"href":"https:\/\/diariodigitalnea.com\/index.php\/wp-json\/wp\/v2\/media\/9157"}],"wp:attachment":[{"href":"https:\/\/diariodigitalnea.com\/index.php\/wp-json\/wp\/v2\/media?parent=9156"}],"wp:term":[{"taxonomy":"category","embeddable":true,"href":"https:\/\/diariodigitalnea.com\/index.php\/wp-json\/wp\/v2\/categories?post=9156"},{"taxonomy":"post_tag","embeddable":true,"href":"https:\/\/diariodigitalnea.com\/index.php\/wp-json\/wp\/v2\/tags?post=9156"}],"curies":[{"name":"wp","href":"https:\/\/api.w.org\/{rel}","templated":true}]}}