{"id":9111,"date":"2023-07-01T16:18:00","date_gmt":"2023-07-01T16:18:00","guid":{"rendered":"https:\/\/diariodigitalnea.com\/?p=9111"},"modified":"2023-07-01T16:18:01","modified_gmt":"2023-07-01T16:18:01","slug":"la-mama-de-cecilia-encabeza-una-concentracion-para-recordarla-a-un-mes-de-la-desaparicion","status":"publish","type":"post","link":"https:\/\/diariodigitalnea.com\/index.php\/2023\/07\/01\/la-mama-de-cecilia-encabeza-una-concentracion-para-recordarla-a-un-mes-de-la-desaparicion\/","title":{"rendered":"La mam\u00e1 de Cecilia encabeza una concentraci\u00f3n para recordarla a un mes de la desaparici\u00f3n"},"content":{"rendered":"\n<p>Gloria Romero, madre de Cecilia Strzyzowski, encabezar\u00e1 el domingo pr\u00f3ximo una concentraci\u00f3n en el puente que une las provincias de Chaco y Corrientes para recordar a su hija al cumplirse un mes de su desaparici\u00f3n y femicidio, por el que quedaron bajo prisi\u00f3n preventiva su marido, sus exsuegros y cuatro colaboradores de esa familia.<\/p>\n\n\n\n<p>Mediante historias subidas a la red social Instagram, la mam\u00e1 de la joven de 28 a\u00f1os aclar\u00f3 que la idea no es cortar el paso en el puente, ya que no quiere ser \u00abpiquetera\u00bb, sino que los manifestantes ir\u00e1n por el costado para colgar cintas, pa\u00f1uelos, globos, carteles de color rosa con el fin de te\u00f1ir ese paso del color preferido de Cecilia, como s\u00edmbolo de la uni\u00f3n de las dos provincias en la busca de \u00abverdad y justicia\u00bb.<\/p>\n\n\n\n<p>La concentraci\u00f3n inicial est\u00e1 prevista para las 14.30 en la rotonda de Barranqueras y avanzar\u00e1 hasta el puente, donde se unir\u00e1n con las \u00abmadres del dolor\u00bb provenientes de Corrientes, al cumplirse un mes de la desaparici\u00f3n y femicidio de Cecilia<\/p>\n","protected":false},"excerpt":{"rendered":"<p>Gloria Romero, madre de Cecilia Strzyzowski, encabezar\u00e1 el domingo pr\u00f3ximo una concentraci\u00f3n en el puente que une las provincias de Chaco y Corrientes para recordar a su hija al cumplirse un mes de su desaparici\u00f3n y femicidio, por el que quedaron bajo prisi\u00f3n preventiva su marido, sus exsuegros y cuatro colaboradores de esa familia. Mediante [&hellip;]<\/p>\n","protected":false},"author":3,"featured_media":9112,"comment_status":"closed","ping_status":"closed","sticky":false,"template":"","format":"standard","meta":{"om_disable_all_campaigns":false,"_monsterinsights_skip_tracking":false,"_monsterinsights_sitenote_active":false,"_monsterinsights_sitenote_note":"","_monsterinsights_sitenote_category":0,"footnotes":""},"categories":[33,52],"tags":[3091,3032,3051,428,3092],"class_list":["post-9111","post","type-post","status-publish","format-standard","has-post-thumbnail","hentry","category-chaco","category-policiales","tag-abrazo-simbolico","tag-caso-cecilia-strzyzowski","tag-gloria-romero","tag-marcha","tag-puente-chaco-corrientes"],"aioseo_notices":[],"amp_enabled":true,"_links":{"self":[{"href":"https:\/\/diariodigitalnea.com\/index.php\/wp-json\/wp\/v2\/posts\/9111","targetHints":{"allow":["GET"]}}],"collection":[{"href":"https:\/\/diariodigitalnea.com\/index.php\/wp-json\/wp\/v2\/posts"}],"about":[{"href":"https:\/\/diariodigitalnea.com\/index.php\/wp-json\/wp\/v2\/types\/post"}],"author":[{"embeddable":true,"href":"https:\/\/diariodigitalnea.com\/index.php\/wp-json\/wp\/v2\/users\/3"}],"replies":[{"embeddable":true,"href":"https:\/\/diariodigitalnea.com\/index.php\/wp-json\/wp\/v2\/comments?post=9111"}],"version-history":[{"count":1,"href":"https:\/\/diariodigitalnea.com\/index.php\/wp-json\/wp\/v2\/posts\/9111\/revisions"}],"predecessor-version":[{"id":9113,"href":"https:\/\/diariodigitalnea.com\/index.php\/wp-json\/wp\/v2\/posts\/9111\/revisions\/9113"}],"wp:featuredmedia":[{"embeddable":true,"href":"https:\/\/diariodigitalnea.com\/index.php\/wp-json\/wp\/v2\/media\/9112"}],"wp:attachment":[{"href":"https:\/\/diariodigitalnea.com\/index.php\/wp-json\/wp\/v2\/media?parent=9111"}],"wp:term":[{"taxonomy":"category","embeddable":true,"href":"https:\/\/diariodigitalnea.com\/index.php\/wp-json\/wp\/v2\/categories?post=9111"},{"taxonomy":"post_tag","embeddable":true,"href":"https:\/\/diariodigitalnea.com\/index.php\/wp-json\/wp\/v2\/tags?post=9111"}],"curies":[{"name":"wp","href":"https:\/\/api.w.org\/{rel}","templated":true}]}}