{"id":9094,"date":"2023-06-30T17:03:26","date_gmt":"2023-06-30T17:03:26","guid":{"rendered":"https:\/\/diariodigitalnea.com\/?p=9094"},"modified":"2023-06-30T17:03:27","modified_gmt":"2023-06-30T17:03:27","slug":"cayo-una-avioneta-durante-el-acto-de-apertura-de-agronea-dos-fallecidos","status":"publish","type":"post","link":"https:\/\/diariodigitalnea.com\/index.php\/2023\/06\/30\/cayo-una-avioneta-durante-el-acto-de-apertura-de-agronea-dos-fallecidos\/","title":{"rendered":"Cay\u00f3 una avioneta durante el acto de apertura de Agronea: dos fallecidos"},"content":{"rendered":"\n<p>Este viernes por la ma\u00f1ana, se produjo un accidente a\u00e9reo en el campo lindante a la feria Agronea, durante su acto de apertura, generando conmoci\u00f3n entre los presentes. Las v\u00edctimas fueron los dos pilotos.<\/p>\n\n\n\n<p>Seg\u00fan inform\u00f3 la Polic\u00eda del Chaco en conferencia de prensa, por motivos que se tratan de esclarecer aunque se habla de una falla mec\u00e1nica, la avioneta perdi\u00f3 el control y cay\u00f3 desde unos mil metros de altura, impactando en el suelo.<\/p>\n\n\n\n<p>Esto provoc\u00f3 la muerte de sus dos pilotos, ambos identificados como mayores de edad y oriundos de la Ciudad de Buenos Aires . A pesar de las maniobras de reanimaci\u00f3n del personal de Salud que se encontraba en el lugar, no pudieron salvarlos.<\/p>\n\n\n\n<figure class=\"wp-block-image size-large\"><img fetchpriority=\"high\" decoding=\"async\" width=\"1024\" height=\"646\" src=\"http:\/\/diariodigitalnea.com\/wp-content\/uploads\/2023\/06\/agronea01-1024x646.jpg\" alt=\"\" class=\"wp-image-9095\" srcset=\"https:\/\/diariodigitalnea.com\/wp-content\/uploads\/2023\/06\/agronea01-1024x646.jpg 1024w, https:\/\/diariodigitalnea.com\/wp-content\/uploads\/2023\/06\/agronea01-300x189.jpg 300w, https:\/\/diariodigitalnea.com\/wp-content\/uploads\/2023\/06\/agronea01-768x484.jpg 768w, https:\/\/diariodigitalnea.com\/wp-content\/uploads\/2023\/06\/agronea01.jpg 1080w\" sizes=\"(max-width: 1024px) 100vw, 1024px\" \/><\/figure>\n\n\n\n<p>La aeronave se encontraba realizando acrobacias a\u00e9reas, en el marco de la apertura de la feria. Fue identificada con las letras LVHWE, de color blanca y roja, perteneciente a una empresa privada, contratada por la organizaci\u00f3n para brindar dicho espect\u00e1culo.<\/p>\n\n\n\n<p>En el lugar del accidente trabajaron empleados de Bomberos y de Salud, e interviene el Juzgado Federal y la Fuerza A\u00e9rea.<\/p>\n","protected":false},"excerpt":{"rendered":"<p>Este viernes por la ma\u00f1ana, se produjo un accidente a\u00e9reo en el campo lindante a la feria Agronea, durante su acto de apertura, generando conmoci\u00f3n entre los presentes. Las v\u00edctimas fueron los dos pilotos. Seg\u00fan inform\u00f3 la Polic\u00eda del Chaco en conferencia de prensa, por motivos que se tratan de esclarecer aunque se habla de [&hellip;]<\/p>\n","protected":false},"author":3,"featured_media":9096,"comment_status":"closed","ping_status":"closed","sticky":false,"template":"","format":"standard","meta":{"om_disable_all_campaigns":false,"_monsterinsights_skip_tracking":false,"_monsterinsights_sitenote_active":false,"_monsterinsights_sitenote_note":"","_monsterinsights_sitenote_category":0,"footnotes":""},"categories":[33,8,52],"tags":[60,3085,490,3086],"class_list":["post-9094","post","type-post","status-publish","format-standard","has-post-thumbnail","hentry","category-chaco","category-interior","category-policiales","tag-accidente","tag-agronea","tag-fallecidos","tag-fuerzas-aereas"],"aioseo_notices":[],"amp_enabled":true,"_links":{"self":[{"href":"https:\/\/diariodigitalnea.com\/index.php\/wp-json\/wp\/v2\/posts\/9094","targetHints":{"allow":["GET"]}}],"collection":[{"href":"https:\/\/diariodigitalnea.com\/index.php\/wp-json\/wp\/v2\/posts"}],"about":[{"href":"https:\/\/diariodigitalnea.com\/index.php\/wp-json\/wp\/v2\/types\/post"}],"author":[{"embeddable":true,"href":"https:\/\/diariodigitalnea.com\/index.php\/wp-json\/wp\/v2\/users\/3"}],"replies":[{"embeddable":true,"href":"https:\/\/diariodigitalnea.com\/index.php\/wp-json\/wp\/v2\/comments?post=9094"}],"version-history":[{"count":1,"href":"https:\/\/diariodigitalnea.com\/index.php\/wp-json\/wp\/v2\/posts\/9094\/revisions"}],"predecessor-version":[{"id":9097,"href":"https:\/\/diariodigitalnea.com\/index.php\/wp-json\/wp\/v2\/posts\/9094\/revisions\/9097"}],"wp:featuredmedia":[{"embeddable":true,"href":"https:\/\/diariodigitalnea.com\/index.php\/wp-json\/wp\/v2\/media\/9096"}],"wp:attachment":[{"href":"https:\/\/diariodigitalnea.com\/index.php\/wp-json\/wp\/v2\/media?parent=9094"}],"wp:term":[{"taxonomy":"category","embeddable":true,"href":"https:\/\/diariodigitalnea.com\/index.php\/wp-json\/wp\/v2\/categories?post=9094"},{"taxonomy":"post_tag","embeddable":true,"href":"https:\/\/diariodigitalnea.com\/index.php\/wp-json\/wp\/v2\/tags?post=9094"}],"curies":[{"name":"wp","href":"https:\/\/api.w.org\/{rel}","templated":true}]}}