{"id":9072,"date":"2023-06-28T02:09:50","date_gmt":"2023-06-28T02:09:50","guid":{"rendered":"https:\/\/diariodigitalnea.com\/?p=9072"},"modified":"2023-06-28T02:09:50","modified_gmt":"2023-06-28T02:09:50","slug":"silvina-luna-fue-internada-en-terapia-intensiva-y-su-pronostico-es-reservado","status":"publish","type":"post","link":"https:\/\/diariodigitalnea.com\/index.php\/2023\/06\/28\/silvina-luna-fue-internada-en-terapia-intensiva-y-su-pronostico-es-reservado\/","title":{"rendered":"Silvina Luna fue internada en terapia intensiva y su pron\u00f3stico es reservado"},"content":{"rendered":"\n<p>Seg\u00fan cont\u00f3 \u00c1ngel De Brito, la salud de la modelo tuvo una complicaci\u00f3n y los m\u00e9dicos est\u00e1n trabajando en estos momentos para sacarla adelante.<\/p>\n\n\n\n<p>Silvina Luna no atraviesa su mejor momento de salud. Sobre el cierre de LAM, \u00c1ngel De Brito cont\u00f3 que la modelo est\u00e1 internada en el Hospital Italiano. Se encuentra en terapia intensiva, su estado es cr\u00edtico y su pron\u00f3stico reservado. Hay hermetismo en cuando a su estado, s\u00f3lo se inform\u00f3 que la tuvieron que sedar.<\/p>\n\n\n\n<p>En los \u00faltimas d\u00edas hab\u00eda aparecido de sus redes sociales, de su entorno, e incluso desde la programa la estaban buscando para que vaya de invitada, pero no estaba contestando los mensajes ni los llamados. En las \u00faltimas horas, De Brito se pudo comunicar con su hermano, que le dio esta noticia. Por supuesto, por respeto a lo que est\u00e1 viviendo el entorno, no quiso indagar m\u00e1s.<\/p>\n\n\n\n<figure class=\"wp-block-image size-full\"><img fetchpriority=\"high\" decoding=\"async\" width=\"768\" height=\"256\" src=\"http:\/\/diariodigitalnea.com\/wp-content\/uploads\/2023\/06\/silvina.jpg\" alt=\"\" class=\"wp-image-9073\" srcset=\"https:\/\/diariodigitalnea.com\/wp-content\/uploads\/2023\/06\/silvina.jpg 768w, https:\/\/diariodigitalnea.com\/wp-content\/uploads\/2023\/06\/silvina-300x100.jpg 300w\" sizes=\"(max-width: 768px) 100vw, 768px\" \/><\/figure>\n\n\n\n<p>Silvina viene desde hace un tiempo \u2013desde hace 13 a\u00f1os- con sus problemas de ri\u00f1ones. Ven\u00eda con tratamientos, y en los \u00faltimos meses empez\u00f3 a hacerse di\u00e1lisis. Cuando comenz\u00f3 con esto, pas\u00f3 por el programa de \u00c1ngel y dijo: \u201cEstoy atravesando un momento muy cr\u00edtico en mi vida, un momento bastante profundo\u201d.<\/p>\n\n\n\n<p>Enseguida agreg\u00f3 que est\u00e1 en lista de espera para realizarse el trasplante, pero que los m\u00e9dicos le descubrieron una bacteria. Para pasar a la intervenci\u00f3n es necesario eliminarla de su cuerpo, pero hasta el momento que fue al programa (16 de mayo), no hab\u00edan encontrado el remedio adecuado para el tratamiento.<\/p>\n","protected":false},"excerpt":{"rendered":"<p>Seg\u00fan cont\u00f3 \u00c1ngel De Brito, la salud de la modelo tuvo una complicaci\u00f3n y los m\u00e9dicos est\u00e1n trabajando en estos momentos para sacarla adelante. Silvina Luna no atraviesa su mejor momento de salud. Sobre el cierre de LAM, \u00c1ngel De Brito cont\u00f3 que la modelo est\u00e1 internada en el Hospital Italiano. Se encuentra en terapia [&hellip;]<\/p>\n","protected":false},"author":3,"featured_media":9074,"comment_status":"closed","ping_status":"closed","sticky":false,"template":"","format":"standard","meta":{"om_disable_all_campaigns":false,"_monsterinsights_skip_tracking":false,"_monsterinsights_sitenote_active":false,"_monsterinsights_sitenote_note":"","_monsterinsights_sitenote_category":0,"footnotes":""},"categories":[7,90,2497],"tags":[2504,2250,3082],"class_list":["post-9072","post","type-post","status-publish","format-standard","has-post-thumbnail","hentry","category-espectaculos","category-nacionales","category-salud-informacion-general","tag-estado-de-salud","tag-silvina-luna","tag-terapia-intensiva"],"aioseo_notices":[],"amp_enabled":true,"_links":{"self":[{"href":"https:\/\/diariodigitalnea.com\/index.php\/wp-json\/wp\/v2\/posts\/9072","targetHints":{"allow":["GET"]}}],"collection":[{"href":"https:\/\/diariodigitalnea.com\/index.php\/wp-json\/wp\/v2\/posts"}],"about":[{"href":"https:\/\/diariodigitalnea.com\/index.php\/wp-json\/wp\/v2\/types\/post"}],"author":[{"embeddable":true,"href":"https:\/\/diariodigitalnea.com\/index.php\/wp-json\/wp\/v2\/users\/3"}],"replies":[{"embeddable":true,"href":"https:\/\/diariodigitalnea.com\/index.php\/wp-json\/wp\/v2\/comments?post=9072"}],"version-history":[{"count":1,"href":"https:\/\/diariodigitalnea.com\/index.php\/wp-json\/wp\/v2\/posts\/9072\/revisions"}],"predecessor-version":[{"id":9075,"href":"https:\/\/diariodigitalnea.com\/index.php\/wp-json\/wp\/v2\/posts\/9072\/revisions\/9075"}],"wp:featuredmedia":[{"embeddable":true,"href":"https:\/\/diariodigitalnea.com\/index.php\/wp-json\/wp\/v2\/media\/9074"}],"wp:attachment":[{"href":"https:\/\/diariodigitalnea.com\/index.php\/wp-json\/wp\/v2\/media?parent=9072"}],"wp:term":[{"taxonomy":"category","embeddable":true,"href":"https:\/\/diariodigitalnea.com\/index.php\/wp-json\/wp\/v2\/categories?post=9072"},{"taxonomy":"post_tag","embeddable":true,"href":"https:\/\/diariodigitalnea.com\/index.php\/wp-json\/wp\/v2\/tags?post=9072"}],"curies":[{"name":"wp","href":"https:\/\/api.w.org\/{rel}","templated":true}]}}