{"id":9057,"date":"2023-06-27T15:58:22","date_gmt":"2023-06-27T15:58:22","guid":{"rendered":"https:\/\/diariodigitalnea.com\/?p=9057"},"modified":"2023-06-27T15:58:23","modified_gmt":"2023-06-27T15:58:23","slug":"las-fotos-de-las-vacaciones-de-soltera-de-pampita-en-ibiza-con-amigas-sin-hijos-ni-maridos","status":"publish","type":"post","link":"https:\/\/diariodigitalnea.com\/index.php\/2023\/06\/27\/las-fotos-de-las-vacaciones-de-soltera-de-pampita-en-ibiza-con-amigas-sin-hijos-ni-maridos\/","title":{"rendered":"Las fotos de las vacaciones de soltera de Pampita en Ibiza: con amigas, sin hijos ni maridos"},"content":{"rendered":"\n<p>La modelo disfruta a pleno de sus vacaciones lejos de las obligaciones familiares: playa de d\u00eda y show de Maluma de noche<\/p>\n\n\n\n<p><br>En medio de una agenda ocupada, Carolina Pampita Ardohain siempre se reserva unos d\u00edas a mitad de a\u00f1o par disfrutar de un per\u00edodo de vacaciones. En esta oportunidad, la modelo viaj\u00f3 a Espa\u00f1a como parte de un arreglo que tiene con una cadena importante de hoteles. La conductora aprovech\u00f3 para disfrutar de las playas de Ibiza junto a algunas amigas, y tambi\u00e9n se divirti\u00f3 durante la noche, al asistir a un show de Maluma.<\/p>\n\n\n\n<figure class=\"wp-block-image size-large\"><img fetchpriority=\"high\" decoding=\"async\" width=\"1024\" height=\"595\" src=\"https:\/\/diariodigitalnea.com\/wp-content\/uploads\/2023\/06\/pampi-1024x595.jpg\" alt=\"\" class=\"wp-image-9059\" srcset=\"https:\/\/diariodigitalnea.com\/wp-content\/uploads\/2023\/06\/pampi-1024x595.jpg 1024w, https:\/\/diariodigitalnea.com\/wp-content\/uploads\/2023\/06\/pampi-300x174.jpg 300w, https:\/\/diariodigitalnea.com\/wp-content\/uploads\/2023\/06\/pampi-768x446.jpg 768w, https:\/\/diariodigitalnea.com\/wp-content\/uploads\/2023\/06\/pampi.jpg 1089w\" sizes=\"(max-width: 1024px) 100vw, 1024px\" \/><\/figure>\n\n\n\n<p>\u201cMadre, conductora, modelo, actriz, bailarina. Me apasiona todo lo que hago\u201d, se lee en su biograf\u00eda de Instagram, red social en la que tiene casi siete millones y medio de seguidores, con quienes comparte a diario distintas fotos y videos de su vida personal y privada. Y all\u00ed es donde justamente decidi\u00f3 plasmar cada uno de los pasos que est\u00e1 dando en esa reconocida zona tur\u00edstica.<\/p>\n\n\n\n<p><br>\u201c\u00a1Reci\u00e9n llegada a Ibiza para disfrutar!\u201d, expres\u00f3 Pampita al momento de presentar las primeras im\u00e1genes en el lujoso hotel donde se estaba hospedando. Luego llegar\u00eda el momento de las fotos en las playas con una microbikini verde que provoc\u00f3 una revoluci\u00f3n entre sus seguidores, entre quienes la felicitaban por la elecci\u00f3n de la ropa y las que ped\u00edan el dato de d\u00f3nde se podr\u00eda conseguir.<\/p>\n\n\n\n<figure class=\"wp-block-image size-large\"><img decoding=\"async\" width=\"1024\" height=\"774\" src=\"https:\/\/diariodigitalnea.com\/wp-content\/uploads\/2023\/06\/pampi3-1024x774.jpg\" alt=\"\" class=\"wp-image-9058\" srcset=\"https:\/\/diariodigitalnea.com\/wp-content\/uploads\/2023\/06\/pampi3-1024x774.jpg 1024w, https:\/\/diariodigitalnea.com\/wp-content\/uploads\/2023\/06\/pampi3-300x227.jpg 300w, https:\/\/diariodigitalnea.com\/wp-content\/uploads\/2023\/06\/pampi3-768x580.jpg 768w, https:\/\/diariodigitalnea.com\/wp-content\/uploads\/2023\/06\/pampi3.jpg 1088w\" sizes=\"(max-width: 1024px) 100vw, 1024px\" \/><\/figure>\n\n\n\n<p>M\u00e1s tarde, llegar\u00eda el turno de hacerse un espacio en la agenda para ver el show de Maluma, para el que eligi\u00f3 un vestido corto plateado que tampoco pas\u00f3 inadvertido. \u201cLa Argentina m\u00e1s hermosa y el colombiano m\u00e1s lindo\u201d, coment\u00f3 una de sus seguidoras, en tanto que otra aclar\u00f3: \u201cQuiero tener el vestido de Pampita y el lomazo de Pampita y estar viendo a Maluma en Ibiza como Pampita\u201d.<\/p>\n\n\n\n<p><br>Por su parte, Garc\u00eda Morit\u00e1n pasa sus d\u00edas en Buenos Aires entre su trabajo como diputado en el Congreso Nacional y su rol de padre, como fue posible observarlo el \u00faltimo fin de semana, en el que acompa\u00f1ado de la peque\u00f1a Ana, pos\u00f3 desde el teatro donde actu\u00f3 Delfina Garc\u00eda Morit\u00e1n, su hija mayor.<\/p>\n\n\n\n<p><\/p>\n\n\n\n<p>As\u00ed, fue posible ver algunas instant\u00e1neas que retrataron esa jornada, de la que tambi\u00e9n particip\u00f3 Roberto Garc\u00eda Morit\u00e1n, abuelo de Ana. \u201cAmo verte actuar, bailar y cantar. Amo verte crecer y ser libre. Amo ser tu pap\u00e1\u201d, fueron las palabras del diputado.<\/p>\n\n\n\n<figure class=\"wp-block-image size-large\"><img decoding=\"async\" width=\"1024\" height=\"513\" src=\"http:\/\/diariodigitalnea.com\/wp-content\/uploads\/2023\/05\/ENCUENTRO-IG-Verde-copy-1024x513.jpg\" alt=\"PUBLICIDAD\" class=\"wp-image-8132\" srcset=\"https:\/\/diariodigitalnea.com\/wp-content\/uploads\/2023\/05\/ENCUENTRO-IG-Verde-copy-1024x513.jpg 1024w, https:\/\/diariodigitalnea.com\/wp-content\/uploads\/2023\/05\/ENCUENTRO-IG-Verde-copy-300x150.jpg 300w, https:\/\/diariodigitalnea.com\/wp-content\/uploads\/2023\/05\/ENCUENTRO-IG-Verde-copy-768x385.jpg 768w, https:\/\/diariodigitalnea.com\/wp-content\/uploads\/2023\/05\/ENCUENTRO-IG-Verde-copy-1536x769.jpg 1536w, https:\/\/diariodigitalnea.com\/wp-content\/uploads\/2023\/05\/ENCUENTRO-IG-Verde-copy-2048x1026.jpg 2048w\" sizes=\"(max-width: 1024px) 100vw, 1024px\" \/><figcaption>Publicidad: Encuentro Tienda de Bebidas, Chile 190 Local 4 \u2013 Tel: 3624386655 &#8211; Gral San Mart\u00edn<\/figcaption><\/figure>\n\n\n\n<p><br>Los \u00faltimos d\u00edas, la modelo fue interceptada a la salida de la grabaci\u00f3n del ciclo de preguntas y respuestas conducido por Guido Kazcka y consultada sobre la posibilidad de ser madre nuevamente, mientras su marido se encontraba detr\u00e1s de c\u00e1mara.<\/p>\n\n\n\n<p><\/p>\n\n\n\n<p>\u201c\u00bfCerramos f\u00e1brica, Caro?\u201d, fueron las palabras elegidas por la entrevistadora de Implacables (Canal 9), a lo que la modelo, con una peque\u00f1a sonrisa y sin esquivar la pregunta afirm\u00f3: \u201cY no s\u00e9, preguntale ac\u00e1 al se\u00f1or\u201d, dando cuenta de que ella a\u00fan sue\u00f1a con tener otro hijo. En ese instante la c\u00e1mara gira y la cara de Garc\u00eda Morit\u00e1n queda en primer plano y sin emitir palabras cerr\u00f3 los ojos y gir\u00f3 la cabeza con la clara intenci\u00f3n de demostrar que por el momento no piensa en volver a ser padre.<\/p>\n\n\n\n<p><\/p>\n\n\n\n<p>\u201cVamos a ver, vamos a ver\u201d, continu\u00f3 Pampita, \u201cyo todav\u00eda esa puerta no la cierro pero me cuesta convencer ah\u00ed del otro lado\u201d, cerr\u00f3 entre risas.<\/p>\n\n\n\n<figure class=\"wp-block-image size-large\"><img loading=\"lazy\" decoding=\"async\" width=\"1024\" height=\"446\" src=\"http:\/\/diariodigitalnea.com\/wp-content\/uploads\/2023\/05\/CONSTRUCAL-CON-FABRICA-2-1024x446.jpg\" alt=\"publicidad Construcal 2\" class=\"wp-image-8211\" srcset=\"https:\/\/diariodigitalnea.com\/wp-content\/uploads\/2023\/05\/CONSTRUCAL-CON-FABRICA-2-1024x446.jpg 1024w, https:\/\/diariodigitalnea.com\/wp-content\/uploads\/2023\/05\/CONSTRUCAL-CON-FABRICA-2-300x131.jpg 300w, https:\/\/diariodigitalnea.com\/wp-content\/uploads\/2023\/05\/CONSTRUCAL-CON-FABRICA-2-768x334.jpg 768w, https:\/\/diariodigitalnea.com\/wp-content\/uploads\/2023\/05\/CONSTRUCAL-CON-FABRICA-2-1536x669.jpg 1536w, https:\/\/diariodigitalnea.com\/wp-content\/uploads\/2023\/05\/CONSTRUCAL-CON-FABRICA-2-2048x892.jpg 2048w\" sizes=\"(max-width: 1024px) 100vw, 1024px\" \/><figcaption>Publicidad: ConstruCal Cales hidratas y vivas para uso vial y construcci\u00f3n TEL: 3624602737\n<\/figcaption><\/figure>\n","protected":false},"excerpt":{"rendered":"<p>La modelo disfruta a pleno de sus vacaciones lejos de las obligaciones familiares: playa de d\u00eda y show de Maluma de noche En medio de una agenda ocupada, Carolina Pampita Ardohain siempre se reserva unos d\u00edas a mitad de a\u00f1o par disfrutar de un per\u00edodo de vacaciones. En esta oportunidad, la modelo viaj\u00f3 a Espa\u00f1a [&hellip;]<\/p>\n","protected":false},"author":4,"featured_media":9060,"comment_status":"closed","ping_status":"closed","sticky":false,"template":"","format":"standard","meta":{"om_disable_all_campaigns":false,"_monsterinsights_skip_tracking":false,"_monsterinsights_sitenote_active":false,"_monsterinsights_sitenote_note":"","_monsterinsights_sitenote_category":0,"footnotes":""},"categories":[7],"tags":[1684,3078],"class_list":["post-9057","post","type-post","status-publish","format-standard","has-post-thumbnail","hentry","category-espectaculos","tag-pampita","tag-sola"],"aioseo_notices":[],"amp_enabled":true,"_links":{"self":[{"href":"https:\/\/diariodigitalnea.com\/index.php\/wp-json\/wp\/v2\/posts\/9057","targetHints":{"allow":["GET"]}}],"collection":[{"href":"https:\/\/diariodigitalnea.com\/index.php\/wp-json\/wp\/v2\/posts"}],"about":[{"href":"https:\/\/diariodigitalnea.com\/index.php\/wp-json\/wp\/v2\/types\/post"}],"author":[{"embeddable":true,"href":"https:\/\/diariodigitalnea.com\/index.php\/wp-json\/wp\/v2\/users\/4"}],"replies":[{"embeddable":true,"href":"https:\/\/diariodigitalnea.com\/index.php\/wp-json\/wp\/v2\/comments?post=9057"}],"version-history":[{"count":1,"href":"https:\/\/diariodigitalnea.com\/index.php\/wp-json\/wp\/v2\/posts\/9057\/revisions"}],"predecessor-version":[{"id":9061,"href":"https:\/\/diariodigitalnea.com\/index.php\/wp-json\/wp\/v2\/posts\/9057\/revisions\/9061"}],"wp:featuredmedia":[{"embeddable":true,"href":"https:\/\/diariodigitalnea.com\/index.php\/wp-json\/wp\/v2\/media\/9060"}],"wp:attachment":[{"href":"https:\/\/diariodigitalnea.com\/index.php\/wp-json\/wp\/v2\/media?parent=9057"}],"wp:term":[{"taxonomy":"category","embeddable":true,"href":"https:\/\/diariodigitalnea.com\/index.php\/wp-json\/wp\/v2\/categories?post=9057"},{"taxonomy":"post_tag","embeddable":true,"href":"https:\/\/diariodigitalnea.com\/index.php\/wp-json\/wp\/v2\/tags?post=9057"}],"curies":[{"name":"wp","href":"https:\/\/api.w.org\/{rel}","templated":true}]}}