{"id":905,"date":"2022-09-03T23:57:13","date_gmt":"2022-09-03T23:57:13","guid":{"rendered":"https:\/\/diariodigitalnea.com\/?p=905"},"modified":"2022-09-03T23:57:14","modified_gmt":"2022-09-03T23:57:14","slug":"alberto-fernandez-le-cedio-un-auto-blindado-a-cristina-kirchner","status":"publish","type":"post","link":"https:\/\/diariodigitalnea.com\/index.php\/2022\/09\/03\/alberto-fernandez-le-cedio-un-auto-blindado-a-cristina-kirchner\/","title":{"rendered":"Alberto Fern\u00e1ndez le cedi\u00f3 un auto blindado a Cristina Kirchner"},"content":{"rendered":"\n<p>El mandatario argentino puso a disposici\u00f3n el veh\u00edculo presidencial, en busca de aumentar la seguridad de la Vicepresidenta.<\/p>\n\n\n\n<p><strong>En contexto de las medidas de seguridad para proteger a Cristina Kirchner, el presidente de la Rep\u00fablica Argentina, Alberto Fern\u00e1ndez le cedi\u00f3 su veh\u00edculo blindado a la Vicepresidenta despu\u00e9s del atentado contra su persona en el barrio porte\u00f1o de Recoleta.<\/strong><\/p>\n\n\n\n<p><strong>\u00a0<\/strong><br><strong>El coche presidencial es un Ford Mondeo de color negro, equipado con un alto nivel de blindaje.\u00a0<\/strong>El autom\u00f3vil de alta gama formaba parte de la flota de la Agencia Federal de Inteligencia (AFI) y hab\u00eda sido adquirido durante la gesti\u00f3n del gobierno Cambiemos.<\/p>\n\n\n\n<figure class=\"wp-block-image size-large\"><img fetchpriority=\"high\" decoding=\"async\" width=\"1024\" height=\"574\" src=\"https:\/\/diariodigitalnea.com\/wp-content\/uploads\/2022\/09\/wwwws-1024x574.jpg\" alt=\"\" class=\"wp-image-906\" srcset=\"https:\/\/diariodigitalnea.com\/wp-content\/uploads\/2022\/09\/wwwws-1024x574.jpg 1024w, https:\/\/diariodigitalnea.com\/wp-content\/uploads\/2022\/09\/wwwws-300x168.jpg 300w, https:\/\/diariodigitalnea.com\/wp-content\/uploads\/2022\/09\/wwwws-768x431.jpg 768w, https:\/\/diariodigitalnea.com\/wp-content\/uploads\/2022\/09\/wwwws.jpg 1300w\" sizes=\"(max-width: 1024px) 100vw, 1024px\" \/><\/figure>\n\n\n\n<p>Reci\u00e9n este s\u00e1bado, se pudo ver a Cristina Kirchner usando el veh\u00edculo presidencial cuando sali\u00f3 de por primera vez de su casa luego del intento de magnicidio. Anteriormente, la Vicepresidenta se trasladaba tambi\u00e9n en un Ford Mondeo, pero de color blanco. Sin embargo, hab\u00eda dejado de usarlo porque se encontraba bajo restauraci\u00f3n.<\/p>\n\n\n\n<p>En 2021, la entonces interventora de la AFI, Cristina Caama\u00f1o, decidi\u00f3 ceder los dos veh\u00edculos al Poder Ejecutivo tras evaluar que no eran necesarios para las funciones asignadas a la Agencia. Adem\u00e1s, la exfiscal argentina hab\u00eda puesto bajo subasta m\u00e1s de 69 veh\u00edculos pertenecientes al ente encargado de la informaci\u00f3n e inteligencia criminal para la garant\u00eda de nuestro pa\u00eds.<\/p>\n","protected":false},"excerpt":{"rendered":"<p>El mandatario argentino puso a disposici\u00f3n el veh\u00edculo presidencial, en busca de aumentar la seguridad de la Vicepresidenta. En contexto de las medidas de seguridad para proteger a Cristina Kirchner, el presidente de la Rep\u00fablica Argentina, Alberto Fern\u00e1ndez le cedi\u00f3 su veh\u00edculo blindado a la Vicepresidenta despu\u00e9s del atentado contra su persona en el barrio [&hellip;]<\/p>\n","protected":false},"author":4,"featured_media":907,"comment_status":"closed","ping_status":"closed","sticky":false,"template":"","format":"standard","meta":{"om_disable_all_campaigns":false,"_monsterinsights_skip_tracking":false,"_monsterinsights_sitenote_active":false,"_monsterinsights_sitenote_note":"","_monsterinsights_sitenote_category":0,"footnotes":""},"categories":[4],"tags":[136,113,135],"class_list":["post-905","post","type-post","status-publish","format-standard","has-post-thumbnail","hentry","category-politica","tag-auto-blindado","tag-cfk","tag-seguridad"],"aioseo_notices":[],"amp_enabled":true,"_links":{"self":[{"href":"https:\/\/diariodigitalnea.com\/index.php\/wp-json\/wp\/v2\/posts\/905","targetHints":{"allow":["GET"]}}],"collection":[{"href":"https:\/\/diariodigitalnea.com\/index.php\/wp-json\/wp\/v2\/posts"}],"about":[{"href":"https:\/\/diariodigitalnea.com\/index.php\/wp-json\/wp\/v2\/types\/post"}],"author":[{"embeddable":true,"href":"https:\/\/diariodigitalnea.com\/index.php\/wp-json\/wp\/v2\/users\/4"}],"replies":[{"embeddable":true,"href":"https:\/\/diariodigitalnea.com\/index.php\/wp-json\/wp\/v2\/comments?post=905"}],"version-history":[{"count":1,"href":"https:\/\/diariodigitalnea.com\/index.php\/wp-json\/wp\/v2\/posts\/905\/revisions"}],"predecessor-version":[{"id":908,"href":"https:\/\/diariodigitalnea.com\/index.php\/wp-json\/wp\/v2\/posts\/905\/revisions\/908"}],"wp:featuredmedia":[{"embeddable":true,"href":"https:\/\/diariodigitalnea.com\/index.php\/wp-json\/wp\/v2\/media\/907"}],"wp:attachment":[{"href":"https:\/\/diariodigitalnea.com\/index.php\/wp-json\/wp\/v2\/media?parent=905"}],"wp:term":[{"taxonomy":"category","embeddable":true,"href":"https:\/\/diariodigitalnea.com\/index.php\/wp-json\/wp\/v2\/categories?post=905"},{"taxonomy":"post_tag","embeddable":true,"href":"https:\/\/diariodigitalnea.com\/index.php\/wp-json\/wp\/v2\/tags?post=905"}],"curies":[{"name":"wp","href":"https:\/\/api.w.org\/{rel}","templated":true}]}}