{"id":8956,"date":"2023-06-21T14:54:50","date_gmt":"2023-06-21T14:54:50","guid":{"rendered":"https:\/\/diariodigitalnea.com\/?p=8956"},"modified":"2023-06-21T14:54:52","modified_gmt":"2023-06-21T14:54:52","slug":"en-medio-de-un-gran-operativo-policial-y-al-grito-de-asesina-marcela-acuna-llego-a-declarar","status":"publish","type":"post","link":"https:\/\/diariodigitalnea.com\/index.php\/2023\/06\/21\/en-medio-de-un-gran-operativo-policial-y-al-grito-de-asesina-marcela-acuna-llego-a-declarar\/","title":{"rendered":"En medio de un gran operativo policial y al grito de \u00abasesina\u00bb, Marcela Acu\u00f1a lleg\u00f3 a declarar"},"content":{"rendered":"\n<p>Pasadas las 10 de la ma\u00f1ana de este mi\u00e9rcoles lleg\u00f3 Marcela Acu\u00f1a a la fiscal\u00eda ubicada sobre la Avenida 9 de Julio de la ciudad de Resistencia para brindar su declaraci\u00f3n en el marco de la causa de Cecilia Strzyzowski.<\/p>\n\n\n\n<p><br>Cabe recordar que es una de las imputadas en la causa y se encuentra detenida en la comisar\u00eda de violencia de g\u00e9nero.<\/p>\n\n\n\n<figure class=\"wp-block-image size-large\"><img fetchpriority=\"high\" decoding=\"async\" width=\"1024\" height=\"640\" src=\"https:\/\/diariodigitalnea.com\/wp-content\/uploads\/2023\/06\/ACUNA2-1024x640.jpg\" alt=\"\" class=\"wp-image-8957\" srcset=\"https:\/\/diariodigitalnea.com\/wp-content\/uploads\/2023\/06\/ACUNA2-1024x640.jpg 1024w, https:\/\/diariodigitalnea.com\/wp-content\/uploads\/2023\/06\/ACUNA2-300x188.jpg 300w, https:\/\/diariodigitalnea.com\/wp-content\/uploads\/2023\/06\/ACUNA2-768x480.jpg 768w, https:\/\/diariodigitalnea.com\/wp-content\/uploads\/2023\/06\/ACUNA2.jpg 1480w\" sizes=\"(max-width: 1024px) 100vw, 1024px\" \/><\/figure>\n\n\n\n<p>Acu\u00f1a lleg\u00f3 a la sede de la fiscal\u00eda en el medio de un gran despliegue en el operativo policial y en el lugar se escucharon algunos gritos de \u00abasesina\u00bb.<br>En la causa hay 7 detenidos y a cada uno se le imputa una figura distinta, hasta el momento a Marcela se la acusa de \u00abhomicidio agravado por el concurso premeditado de dos o mas personas en calidad de co-autora\u00bb.<\/p>\n\n\n\n<p><\/p>\n\n\n\n<p>Esta es la primera vez que Acu\u00f1a brindar\u00e1 declaraci\u00f3n desde que est\u00e1 detenida, de los detenidos ya declararon Melgarejo, Reynoso, Obreg\u00f3n, Gonz\u00e1lez y Emerenciano Sena. Los cuatro primeros brindaron datos que sirven para la investigaci\u00f3n, mientras que Sena no brind\u00f3 ning\u00fan dato de inter\u00e9s para la causa.<\/p>\n\n\n\n<figure class=\"wp-block-image size-large\"><img decoding=\"async\" width=\"1024\" height=\"513\" src=\"http:\/\/diariodigitalnea.com\/wp-content\/uploads\/2023\/05\/ENCUENTRO-IG-Verde-copy-1024x513.jpg\" alt=\"PUBLICIDAD\" class=\"wp-image-8132\" srcset=\"https:\/\/diariodigitalnea.com\/wp-content\/uploads\/2023\/05\/ENCUENTRO-IG-Verde-copy-1024x513.jpg 1024w, https:\/\/diariodigitalnea.com\/wp-content\/uploads\/2023\/05\/ENCUENTRO-IG-Verde-copy-300x150.jpg 300w, https:\/\/diariodigitalnea.com\/wp-content\/uploads\/2023\/05\/ENCUENTRO-IG-Verde-copy-768x385.jpg 768w, https:\/\/diariodigitalnea.com\/wp-content\/uploads\/2023\/05\/ENCUENTRO-IG-Verde-copy-1536x769.jpg 1536w, https:\/\/diariodigitalnea.com\/wp-content\/uploads\/2023\/05\/ENCUENTRO-IG-Verde-copy-2048x1026.jpg 2048w\" sizes=\"(max-width: 1024px) 100vw, 1024px\" \/><figcaption>Publicidad: Encuentro Tienda de Bebidas, Chile 190 Local 4 \u2013 Tel: 3624386655 &#8211; Gral San Mart\u00edn<\/figcaption><\/figure>\n\n\n\n<p>En el caso de Emerenciano Sena, la declaraci\u00f3n dur\u00f3 poco m\u00e1s de una hora. Su estrategia consisti\u00f3 en tratar de ubicarse lo m\u00e1s lejos posible de la escena de los hechos, y desconocer as\u00ed cualquier imputaci\u00f3n que se realice en su contra. Juan Carlos Saife es el abogado que defiende a los padres de Cesar Sena.<\/p>\n\n\n\n<p><\/p>\n\n\n\n<p>Por otro lado, las \u00faltimas novedades en la causa se encuentran relacionadas a la declaraci\u00f3n de Gustavo Obreg\u00f3n, quien marc\u00f3 un punto en cercan\u00edas a la chancher\u00eda de los Sena donde se realizaron nuevos rastrillajes y se logr\u00f3 hallar restos \u00f3seos y un dije que pertenecer\u00eda a Cecilia. Este dije al igual que las prendas secuestradas d\u00edas atr\u00e1s ser\u00e1n reconocidos por la familia durante el mediod\u00eda de este mi\u00e9rcoles.<\/p>\n\n\n\n<figure class=\"wp-block-image size-large\"><img decoding=\"async\" width=\"1024\" height=\"446\" src=\"http:\/\/diariodigitalnea.com\/wp-content\/uploads\/2023\/05\/CONSTRUCAL-CON-FABRICA-2-1024x446.jpg\" alt=\"publicidad Construcal 2\" class=\"wp-image-8211\" srcset=\"https:\/\/diariodigitalnea.com\/wp-content\/uploads\/2023\/05\/CONSTRUCAL-CON-FABRICA-2-1024x446.jpg 1024w, https:\/\/diariodigitalnea.com\/wp-content\/uploads\/2023\/05\/CONSTRUCAL-CON-FABRICA-2-300x131.jpg 300w, https:\/\/diariodigitalnea.com\/wp-content\/uploads\/2023\/05\/CONSTRUCAL-CON-FABRICA-2-768x334.jpg 768w, https:\/\/diariodigitalnea.com\/wp-content\/uploads\/2023\/05\/CONSTRUCAL-CON-FABRICA-2-1536x669.jpg 1536w, https:\/\/diariodigitalnea.com\/wp-content\/uploads\/2023\/05\/CONSTRUCAL-CON-FABRICA-2-2048x892.jpg 2048w\" sizes=\"(max-width: 1024px) 100vw, 1024px\" \/><figcaption>Publicidad: ConstruCal Cales hidratas y vivas para uso vial y construcci\u00f3n TEL: 3624602737\n<\/figcaption><\/figure>\n","protected":false},"excerpt":{"rendered":"<p>Pasadas las 10 de la ma\u00f1ana de este mi\u00e9rcoles lleg\u00f3 Marcela Acu\u00f1a a la fiscal\u00eda ubicada sobre la Avenida 9 de Julio de la ciudad de Resistencia para brindar su declaraci\u00f3n en el marco de la causa de Cecilia Strzyzowski. Cabe recordar que es una de las imputadas en la causa y se encuentra detenida [&hellip;]<\/p>\n","protected":false},"author":4,"featured_media":8958,"comment_status":"closed","ping_status":"closed","sticky":false,"template":"","format":"standard","meta":{"om_disable_all_campaigns":false,"_monsterinsights_skip_tracking":false,"_monsterinsights_sitenote_active":false,"_monsterinsights_sitenote_note":"","_monsterinsights_sitenote_category":0,"footnotes":""},"categories":[33,52],"tags":[3040],"class_list":["post-8956","post","type-post","status-publish","format-standard","has-post-thumbnail","hentry","category-chaco","category-policiales","tag-marcela-acuna"],"aioseo_notices":[],"amp_enabled":true,"_links":{"self":[{"href":"https:\/\/diariodigitalnea.com\/index.php\/wp-json\/wp\/v2\/posts\/8956","targetHints":{"allow":["GET"]}}],"collection":[{"href":"https:\/\/diariodigitalnea.com\/index.php\/wp-json\/wp\/v2\/posts"}],"about":[{"href":"https:\/\/diariodigitalnea.com\/index.php\/wp-json\/wp\/v2\/types\/post"}],"author":[{"embeddable":true,"href":"https:\/\/diariodigitalnea.com\/index.php\/wp-json\/wp\/v2\/users\/4"}],"replies":[{"embeddable":true,"href":"https:\/\/diariodigitalnea.com\/index.php\/wp-json\/wp\/v2\/comments?post=8956"}],"version-history":[{"count":1,"href":"https:\/\/diariodigitalnea.com\/index.php\/wp-json\/wp\/v2\/posts\/8956\/revisions"}],"predecessor-version":[{"id":8959,"href":"https:\/\/diariodigitalnea.com\/index.php\/wp-json\/wp\/v2\/posts\/8956\/revisions\/8959"}],"wp:featuredmedia":[{"embeddable":true,"href":"https:\/\/diariodigitalnea.com\/index.php\/wp-json\/wp\/v2\/media\/8958"}],"wp:attachment":[{"href":"https:\/\/diariodigitalnea.com\/index.php\/wp-json\/wp\/v2\/media?parent=8956"}],"wp:term":[{"taxonomy":"category","embeddable":true,"href":"https:\/\/diariodigitalnea.com\/index.php\/wp-json\/wp\/v2\/categories?post=8956"},{"taxonomy":"post_tag","embeddable":true,"href":"https:\/\/diariodigitalnea.com\/index.php\/wp-json\/wp\/v2\/tags?post=8956"}],"curies":[{"name":"wp","href":"https:\/\/api.w.org\/{rel}","templated":true}]}}