{"id":8941,"date":"2023-06-21T00:44:59","date_gmt":"2023-06-21T00:44:59","guid":{"rendered":"https:\/\/diariodigitalnea.com\/?p=8941"},"modified":"2023-06-21T00:46:35","modified_gmt":"2023-06-21T00:46:35","slug":"este-miercoles-la-familia-de-cecilia-strzyzowski-estara-frente-a-frente-con-todo-lo-encontrado-en-los-rastrillajes","status":"publish","type":"post","link":"https:\/\/diariodigitalnea.com\/index.php\/2023\/06\/21\/este-miercoles-la-familia-de-cecilia-strzyzowski-estara-frente-a-frente-con-todo-lo-encontrado-en-los-rastrillajes\/","title":{"rendered":"Este mi\u00e9rcoles la familia de Cecilia Strzyzowski estar\u00e1 frente a frente con todo lo encontrado en los rastrillajes"},"content":{"rendered":"\n<p>La madre y la t\u00eda abuela de la joven har\u00e1n este mi\u00e9rcoles el reconocimiento oficial de los objetos hallados por la polic\u00eda en los diversos procedimientos.<\/p>\n\n\n\n<p>El domingo pasado, en uno de los rastrillajes que se hizo en el barrio Emerenciano de Resistencia, Chaco, se hall\u00f3 una valija quemada. La imagen de lo que qued\u00f3 de entre las cenizas aport\u00f3 un dato estremecedor para la familia de Cecilia Strzyzowski: un cintillo que -aseguran sus cercanos- es similar al que usaba la joven de 28 a\u00f1os junto a su alianza de casada. Este martes, en otro operativo, los investigadores dieron con un dije en forma de cruz. Y de nuevo, las fotos de la mujer desaparecida que llevaba en su pecho una alhaja parecida se repitieron.<\/p>\n\n\n\n<p>La familia de Cecilia estar\u00e1 frente a frente a todos los elementos que se han secuestrado en los diversos allanamientos. <strong><em>\u201cVan la mam\u00e1 y la t\u00eda abuela al reconocimiento de todo lo hallado: ropa quemada, valija, anillo, dije\u201d<\/em><\/strong>, confiaron las fuentes del caso a este medio.<\/p>\n\n\n\n<figure class=\"wp-block-image size-full\"><img fetchpriority=\"high\" decoding=\"async\" width=\"992\" height=\"558\" src=\"http:\/\/diariodigitalnea.com\/wp-content\/uploads\/2023\/06\/cecilia3.jpg\" alt=\"\" class=\"wp-image-8943\" srcset=\"https:\/\/diariodigitalnea.com\/wp-content\/uploads\/2023\/06\/cecilia3.jpg 992w, https:\/\/diariodigitalnea.com\/wp-content\/uploads\/2023\/06\/cecilia3-300x169.jpg 300w, https:\/\/diariodigitalnea.com\/wp-content\/uploads\/2023\/06\/cecilia3-768x432.jpg 768w\" sizes=\"(max-width: 992px) 100vw, 992px\" \/><\/figure>\n\n\n\n<p>Justamente, ese reconocimiento de lo hallado el domingo en un descampado se iba a hacer este martes, pero el sorpresivo pedido de Jos\u00e9 Gustavo Obreg\u00f3n, asistente de los Sena detenido, cambi\u00f3 todo. El hombre, imputado por el delito de <strong>\u201chomicidio agravado por el concurso premeditado de dos o m\u00e1s personas en calidad de part\u00edcipe secundario\u201d<\/strong>, pidi\u00f3 ampliar esta ma\u00f1ana su declaraci\u00f3n.<\/p>\n\n\n\n<p>Fuentes de la investigaci\u00f3n confiaron a este medio que <strong>Obreg\u00f3n manifest\u00f3 que \u201ciba a marcar el lugar donde se deshicieron de los restos de Cecilia\u201d<\/strong>. De esta manera, en presencia de su abogada defensora, aport\u00f3 las coordenadas. Su testimonio dispar\u00f3 los rastrillajes.<\/p>\n\n\n\n<p>As\u00ed, un equipo de buzos t\u00e1cticos de la polic\u00eda provincial trabaj\u00f3 en el R\u00edo Tragadero, en Campo Rossi, y en el Canal Quijano, detr\u00e1s del barrio Emerenciano Sena. <strong>Luego de cuatro horas, dieron por finalizado el operativo: encontraron restos \u00f3seos triturados y un dije con forma de cruz.<\/strong><\/p>\n\n\n\n<p>La presentaci\u00f3n a la familia de Cecilia de esa joya ser\u00e1 una de las claves del caso. Fuentes de la investigaci\u00f3n se animaron a especular con que <strong>la alhaja que se ve en las fotos de la mujer desaparecida es la misma que hallaron en los rastrillajes de este martes<\/strong>: \u201cEs el dije encontrado hoy. Los fiscales piensan eso\u201d.<\/p>\n\n\n\n<figure class=\"wp-block-image size-full\"><img decoding=\"async\" width=\"720\" height=\"403\" src=\"http:\/\/diariodigitalnea.com\/wp-content\/uploads\/2023\/06\/cecilia4-1.jpg\" alt=\"\" class=\"wp-image-8944\" srcset=\"https:\/\/diariodigitalnea.com\/wp-content\/uploads\/2023\/06\/cecilia4-1.jpg 720w, https:\/\/diariodigitalnea.com\/wp-content\/uploads\/2023\/06\/cecilia4-1-300x168.jpg 300w\" sizes=\"(max-width: 720px) 100vw, 720px\" \/><\/figure>\n\n\n\n<p><strong><em>\u201cSi hab\u00eda un pacto de silencio, se rompi\u00f3 con esta declaraci\u00f3n\u201d<\/em><\/strong>, aseguraron desde el entorno de la familia de Cecilia. Al mismo tiempo, remarcaron que \u201cObreg\u00f3n habl\u00f3 del descarte del cuerpo. No aport\u00f3 informaci\u00f3n ni detalles del crimen\u201d. Justamente, no fue llamativo que luego Emerenciano Sena pidiera hablar por primera vez desde que est\u00e1 detenido.<\/p>\n\n\n\n<p>Sin responder preguntas de los fiscales, uno de los principales acusados de haber participado del crimen de Cecilia dijo que \u00e9l \u201cno fue\u201d y que \u201cno estaba\u201d en su casa. Hay que recordar que la \u00faltima imagen de la joven con vida la capta una c\u00e1mara de seguridad entrando a la casa de los Sena. Nunca se la ve salir.<\/p>\n\n\n\n<p>Marcela Acu\u00f1a, la esposa de Emerenciano, tambi\u00e9n pidi\u00f3 presentarse ante los fiscales por primera vez. Se sospecha que lo har\u00e1 este mi\u00e9rcoles.<\/p>\n","protected":false},"excerpt":{"rendered":"<p>La madre y la t\u00eda abuela de la joven har\u00e1n este mi\u00e9rcoles el reconocimiento oficial de los objetos hallados por la polic\u00eda en los diversos procedimientos. El domingo pasado, en uno de los rastrillajes que se hizo en el barrio Emerenciano de Resistencia, Chaco, se hall\u00f3 una valija quemada. La imagen de lo que qued\u00f3 [&hellip;]<\/p>\n","protected":false},"author":3,"featured_media":8942,"comment_status":"closed","ping_status":"closed","sticky":false,"template":"","format":"standard","meta":{"om_disable_all_campaigns":false,"_monsterinsights_skip_tracking":false,"_monsterinsights_sitenote_active":false,"_monsterinsights_sitenote_note":"","_monsterinsights_sitenote_category":0,"footnotes":""},"categories":[1],"tags":[3032,3059,734,3060],"class_list":["post-8941","post","type-post","status-publish","format-standard","has-post-thumbnail","hentry","category-uncategorized","tag-caso-cecilia-strzyzowski","tag-clan-sena","tag-femicidio","tag-reconocimiento-de-elementos"],"aioseo_notices":[],"amp_enabled":true,"_links":{"self":[{"href":"https:\/\/diariodigitalnea.com\/index.php\/wp-json\/wp\/v2\/posts\/8941","targetHints":{"allow":["GET"]}}],"collection":[{"href":"https:\/\/diariodigitalnea.com\/index.php\/wp-json\/wp\/v2\/posts"}],"about":[{"href":"https:\/\/diariodigitalnea.com\/index.php\/wp-json\/wp\/v2\/types\/post"}],"author":[{"embeddable":true,"href":"https:\/\/diariodigitalnea.com\/index.php\/wp-json\/wp\/v2\/users\/3"}],"replies":[{"embeddable":true,"href":"https:\/\/diariodigitalnea.com\/index.php\/wp-json\/wp\/v2\/comments?post=8941"}],"version-history":[{"count":1,"href":"https:\/\/diariodigitalnea.com\/index.php\/wp-json\/wp\/v2\/posts\/8941\/revisions"}],"predecessor-version":[{"id":8945,"href":"https:\/\/diariodigitalnea.com\/index.php\/wp-json\/wp\/v2\/posts\/8941\/revisions\/8945"}],"wp:featuredmedia":[{"embeddable":true,"href":"https:\/\/diariodigitalnea.com\/index.php\/wp-json\/wp\/v2\/media\/8942"}],"wp:attachment":[{"href":"https:\/\/diariodigitalnea.com\/index.php\/wp-json\/wp\/v2\/media?parent=8941"}],"wp:term":[{"taxonomy":"category","embeddable":true,"href":"https:\/\/diariodigitalnea.com\/index.php\/wp-json\/wp\/v2\/categories?post=8941"},{"taxonomy":"post_tag","embeddable":true,"href":"https:\/\/diariodigitalnea.com\/index.php\/wp-json\/wp\/v2\/tags?post=8941"}],"curies":[{"name":"wp","href":"https:\/\/api.w.org\/{rel}","templated":true}]}}