{"id":8904,"date":"2023-06-17T21:56:11","date_gmt":"2023-06-17T21:56:11","guid":{"rendered":"https:\/\/diariodigitalnea.com\/?p=8904"},"modified":"2023-06-17T21:56:12","modified_gmt":"2023-06-17T21:56:12","slug":"llego-a-resistencia-la-muestra-de-van-gogh-que-es-furor-en-el-mundo","status":"publish","type":"post","link":"https:\/\/diariodigitalnea.com\/index.php\/2023\/06\/17\/llego-a-resistencia-la-muestra-de-van-gogh-que-es-furor-en-el-mundo\/","title":{"rendered":"Lleg\u00f3 a Resistencia la muestra de Van Gogh que es furor en el mundo"},"content":{"rendered":"\n<p>\u00abVan Gogh, immersive experience\u00bb conjuga la obra de uno de los artistas m\u00e1s importantes de la historia, con la tecnolog\u00eda mapping, una galer\u00eda de cuadros y relatos y realidad virtual.<\/p>\n\n\n\n<p><br>La misma se puede disfrutar desde el 16 de Junio al 2 de Julio en el Gala Hotel &amp; Convenciones de 16:00 hs a 22:00 hs de Mi\u00e9rcoles a Domingo.<\/p>\n\n\n\n<figure class=\"wp-block-image size-full\"><img fetchpriority=\"high\" decoding=\"async\" width=\"940\" height=\"578\" src=\"https:\/\/diariodigitalnea.com\/wp-content\/uploads\/2023\/06\/van3-1.jpg\" alt=\"\" class=\"wp-image-8906\" srcset=\"https:\/\/diariodigitalnea.com\/wp-content\/uploads\/2023\/06\/van3-1.jpg 940w, https:\/\/diariodigitalnea.com\/wp-content\/uploads\/2023\/06\/van3-1-300x184.jpg 300w, https:\/\/diariodigitalnea.com\/wp-content\/uploads\/2023\/06\/van3-1-768x472.jpg 768w\" sizes=\"(max-width: 940px) 100vw, 940px\" \/><\/figure>\n\n\n\n<p>Los precios son los siguientes: Mi\u00e9rcoles a Viernes $2500 + SC y S\u00e1bado y Domingo $3000 + SC.<\/p>\n\n\n\n<p><br>Los tickets online se adquieren a trav\u00e9s de www.paseshow.com.ar &amp; boleter\u00edas de Gala Hotel &amp; Convenciones. Los ni\u00f1os abonan desde los 6 a\u00f1os y los jubilados 50% de descuento.<\/p>\n\n\n\n<p><\/p>\n\n\n\n<figure class=\"wp-block-image size-full\"><img decoding=\"async\" width=\"940\" height=\"578\" src=\"https:\/\/diariodigitalnea.com\/wp-content\/uploads\/2023\/06\/van3.jpg\" alt=\"\" class=\"wp-image-8905\" srcset=\"https:\/\/diariodigitalnea.com\/wp-content\/uploads\/2023\/06\/van3.jpg 940w, https:\/\/diariodigitalnea.com\/wp-content\/uploads\/2023\/06\/van3-300x184.jpg 300w, https:\/\/diariodigitalnea.com\/wp-content\/uploads\/2023\/06\/van3-768x472.jpg 768w\" sizes=\"(max-width: 940px) 100vw, 940px\" \/><\/figure>\n\n\n\n<p><strong>UN SHOW IMPERDIBLE<\/strong><\/p>\n\n\n\n<p>VAN GOGH Inmersive Art Experience es un espect\u00e1culo multimedia inmersivo que le permite al espectador adentrarse, literalmente, en las obras de Van Gogh y vivir una experiencia multisensorial acompa\u00f1ado de m\u00fasica y una voz que narra la vida y obra del pintor holand\u00e9s.<\/p>\n\n\n\n<p><\/p>\n\n\n\n<p>La exhibici\u00f3n immersiva presenta m\u00e1s de 70 obras emblem\u00e1ticas del pintor, combinando tecnolog\u00eda de vanguardia con piezas dise\u00f1adas a la perfecci\u00f3n.<\/p>\n\n\n\n<figure class=\"wp-block-image size-large\"><img decoding=\"async\" width=\"1024\" height=\"513\" src=\"http:\/\/diariodigitalnea.com\/wp-content\/uploads\/2023\/05\/ENCUENTRO-IG-Verde-copy-1024x513.jpg\" alt=\"PUBLICIDAD\" class=\"wp-image-8132\" srcset=\"https:\/\/diariodigitalnea.com\/wp-content\/uploads\/2023\/05\/ENCUENTRO-IG-Verde-copy-1024x513.jpg 1024w, https:\/\/diariodigitalnea.com\/wp-content\/uploads\/2023\/05\/ENCUENTRO-IG-Verde-copy-300x150.jpg 300w, https:\/\/diariodigitalnea.com\/wp-content\/uploads\/2023\/05\/ENCUENTRO-IG-Verde-copy-768x385.jpg 768w, https:\/\/diariodigitalnea.com\/wp-content\/uploads\/2023\/05\/ENCUENTRO-IG-Verde-copy-1536x769.jpg 1536w, https:\/\/diariodigitalnea.com\/wp-content\/uploads\/2023\/05\/ENCUENTRO-IG-Verde-copy-2048x1026.jpg 2048w\" sizes=\"(max-width: 1024px) 100vw, 1024px\" \/><figcaption>Publicidad: Encuentro Tienda de Bebidas, Chile 190 Local 4 \u2013 Tel: 3624386655 &#8211; Gral San Mart\u00edn<\/figcaption><\/figure>\n\n\n\n<p>Toda la superficie del sal\u00f3n principal est\u00e1 rodeada de im\u00e1genes impresionantes que sumergen a los invitados al interior de las pinturas, que cobran vida fuera del marco a trav\u00e9s de proyecciones animadas.<\/p>\n\n\n\n<p><\/p>\n\n\n\n<p>La exposici\u00f3n incluye una serie de grandes decorados inspirados en los cuadros de Van Gogh que permiten al p\u00fablico tomar fotograf\u00edas inolvidables donde las inmensas proyecciones de v\u00eddeo acompa\u00f1adas por la banda sonora envuelven al espectador y lo transportan a una est\u00e9tica contemplativa y sensorial, nunca antes vista en el pa\u00eds.<\/p>\n\n\n\n<figure class=\"wp-block-image size-large\"><img loading=\"lazy\" decoding=\"async\" width=\"1024\" height=\"446\" src=\"http:\/\/diariodigitalnea.com\/wp-content\/uploads\/2023\/05\/CONSTRUCAL-CON-FABRICA-2-1024x446.jpg\" alt=\"publicidad Construcal 2\" class=\"wp-image-8211\" srcset=\"https:\/\/diariodigitalnea.com\/wp-content\/uploads\/2023\/05\/CONSTRUCAL-CON-FABRICA-2-1024x446.jpg 1024w, https:\/\/diariodigitalnea.com\/wp-content\/uploads\/2023\/05\/CONSTRUCAL-CON-FABRICA-2-300x131.jpg 300w, https:\/\/diariodigitalnea.com\/wp-content\/uploads\/2023\/05\/CONSTRUCAL-CON-FABRICA-2-768x334.jpg 768w, https:\/\/diariodigitalnea.com\/wp-content\/uploads\/2023\/05\/CONSTRUCAL-CON-FABRICA-2-1536x669.jpg 1536w, https:\/\/diariodigitalnea.com\/wp-content\/uploads\/2023\/05\/CONSTRUCAL-CON-FABRICA-2-2048x892.jpg 2048w\" sizes=\"(max-width: 1024px) 100vw, 1024px\" \/><figcaption>Publicidad: ConstruCal Cales hidratas y vivas para uso vial y construcci\u00f3n TEL: 3624602737\n<\/figcaption><\/figure>\n","protected":false},"excerpt":{"rendered":"<p>\u00abVan Gogh, immersive experience\u00bb conjuga la obra de uno de los artistas m\u00e1s importantes de la historia, con la tecnolog\u00eda mapping, una galer\u00eda de cuadros y relatos y realidad virtual. La misma se puede disfrutar desde el 16 de Junio al 2 de Julio en el Gala Hotel &amp; Convenciones de 16:00 hs a 22:00 [&hellip;]<\/p>\n","protected":false},"author":4,"featured_media":8907,"comment_status":"closed","ping_status":"closed","sticky":false,"template":"","format":"standard","meta":{"om_disable_all_campaigns":false,"_monsterinsights_skip_tracking":false,"_monsterinsights_sitenote_active":false,"_monsterinsights_sitenote_note":"","_monsterinsights_sitenote_category":0,"footnotes":""},"categories":[33,53,7],"tags":[551,21,3053],"class_list":["post-8904","post","type-post","status-publish","format-standard","has-post-thumbnail","hentry","category-chaco","category-cultura","category-espectaculos","tag-arte","tag-espectaculos","tag-van-gogh"],"aioseo_notices":[],"amp_enabled":true,"_links":{"self":[{"href":"https:\/\/diariodigitalnea.com\/index.php\/wp-json\/wp\/v2\/posts\/8904","targetHints":{"allow":["GET"]}}],"collection":[{"href":"https:\/\/diariodigitalnea.com\/index.php\/wp-json\/wp\/v2\/posts"}],"about":[{"href":"https:\/\/diariodigitalnea.com\/index.php\/wp-json\/wp\/v2\/types\/post"}],"author":[{"embeddable":true,"href":"https:\/\/diariodigitalnea.com\/index.php\/wp-json\/wp\/v2\/users\/4"}],"replies":[{"embeddable":true,"href":"https:\/\/diariodigitalnea.com\/index.php\/wp-json\/wp\/v2\/comments?post=8904"}],"version-history":[{"count":1,"href":"https:\/\/diariodigitalnea.com\/index.php\/wp-json\/wp\/v2\/posts\/8904\/revisions"}],"predecessor-version":[{"id":8908,"href":"https:\/\/diariodigitalnea.com\/index.php\/wp-json\/wp\/v2\/posts\/8904\/revisions\/8908"}],"wp:featuredmedia":[{"embeddable":true,"href":"https:\/\/diariodigitalnea.com\/index.php\/wp-json\/wp\/v2\/media\/8907"}],"wp:attachment":[{"href":"https:\/\/diariodigitalnea.com\/index.php\/wp-json\/wp\/v2\/media?parent=8904"}],"wp:term":[{"taxonomy":"category","embeddable":true,"href":"https:\/\/diariodigitalnea.com\/index.php\/wp-json\/wp\/v2\/categories?post=8904"},{"taxonomy":"post_tag","embeddable":true,"href":"https:\/\/diariodigitalnea.com\/index.php\/wp-json\/wp\/v2\/tags?post=8904"}],"curies":[{"name":"wp","href":"https:\/\/api.w.org\/{rel}","templated":true}]}}