{"id":8809,"date":"2023-06-13T17:20:08","date_gmt":"2023-06-13T17:20:08","guid":{"rendered":"https:\/\/diariodigitalnea.com\/?p=8809"},"modified":"2023-06-13T17:20:08","modified_gmt":"2023-06-13T17:20:08","slug":"emerenciano-hoy-conducen-aurelio-diaz-y-jose-suarez-hasta-que-recupere-mi-libertad","status":"publish","type":"post","link":"https:\/\/diariodigitalnea.com\/index.php\/2023\/06\/13\/emerenciano-hoy-conducen-aurelio-diaz-y-jose-suarez-hasta-que-recupere-mi-libertad\/","title":{"rendered":"Emerenciano: \u00abHoy conducen Aurelio Diaz y Jos\u00e9 Suarez hasta que recupere mi libertad\u00bb"},"content":{"rendered":"\n<p>Tras la detenci\u00f3n del pasado viernes, Emerenciano Sena reapareci\u00f3 mediante un mensaje de voz dedicado a su militancia. El dirigente social se\u00f1al\u00f3 su actual situaci\u00f3n y brind\u00f3 directivas de c\u00f3mo actuar ante su ausencia\u00a0<\/p>\n\n\n\n<p>Luego de lo que fue la detenci\u00f3n de la familia Sena, tanto de C\u00e9sar su hijo, como tambi\u00e9n Emerenciano Sena y Marcela Acu\u00f1a por la desaparici\u00f3n de Cecilia, el dirigente social reapareci\u00f3 mediante un audio de Whatsapp para su militancia.<\/p>\n\n\n\n<p>\u00abEn esta situaci\u00f3n cr\u00edtica, hoy conducen a Aurelio D\u00edaz y Jos\u00e9 Su\u00e1rez, la parte pol\u00edtica del movimiento. Todos los docentes, todos los compa\u00f1eros y compa\u00f1eras. Obreros y no obreras, Centro de salud y todos los compa\u00f1eros de adentro y de afuera, los merenderos y absolutamente todos\u201d, fueron sus primeras palabras desde prisi\u00f3n.<\/p>\n\n\n\n<p>#Hagan reuni\u00f3n permanente y expliquen esta esta situaci\u00f3n urgente hasta que recuper\u00e9 mi libertad, estamos as\u00ed\u201d, afirm\u00f3 el dirigente piquetero, quien cerr\u00f3: Hagan actividad econ\u00f3mica porque estamos sin plata y necesitamos plata para, no solamente para comer lo que estamos detenidos, sino tambi\u00e9n para comprar algunas cosas que va a servir. No vemos la lucha, compa\u00f1ero, hasta la Victoria\u00bb, Emerenciano Sena<\/p>\n","protected":false},"excerpt":{"rendered":"<p>Tras la detenci\u00f3n del pasado viernes, Emerenciano Sena reapareci\u00f3 mediante un mensaje de voz dedicado a su militancia. El dirigente social se\u00f1al\u00f3 su actual situaci\u00f3n y brind\u00f3 directivas de c\u00f3mo actuar ante su ausencia\u00a0 Luego de lo que fue la detenci\u00f3n de la familia Sena, tanto de C\u00e9sar su hijo, como tambi\u00e9n Emerenciano Sena y [&hellip;]<\/p>\n","protected":false},"author":3,"featured_media":8810,"comment_status":"closed","ping_status":"closed","sticky":false,"template":"","format":"standard","meta":{"om_disable_all_campaigns":false,"_monsterinsights_skip_tracking":false,"_monsterinsights_sitenote_active":false,"_monsterinsights_sitenote_note":"","_monsterinsights_sitenote_category":0,"footnotes":""},"categories":[33,2799,52],"tags":[414,3035,3034],"class_list":["post-8809","post","type-post","status-publish","format-standard","has-post-thumbnail","hentry","category-chaco","category-mas-leidas","category-policiales","tag-detenido","tag-dirigente-piquetero","tag-emerenciano-sena"],"aioseo_notices":[],"amp_enabled":true,"_links":{"self":[{"href":"https:\/\/diariodigitalnea.com\/index.php\/wp-json\/wp\/v2\/posts\/8809","targetHints":{"allow":["GET"]}}],"collection":[{"href":"https:\/\/diariodigitalnea.com\/index.php\/wp-json\/wp\/v2\/posts"}],"about":[{"href":"https:\/\/diariodigitalnea.com\/index.php\/wp-json\/wp\/v2\/types\/post"}],"author":[{"embeddable":true,"href":"https:\/\/diariodigitalnea.com\/index.php\/wp-json\/wp\/v2\/users\/3"}],"replies":[{"embeddable":true,"href":"https:\/\/diariodigitalnea.com\/index.php\/wp-json\/wp\/v2\/comments?post=8809"}],"version-history":[{"count":1,"href":"https:\/\/diariodigitalnea.com\/index.php\/wp-json\/wp\/v2\/posts\/8809\/revisions"}],"predecessor-version":[{"id":8811,"href":"https:\/\/diariodigitalnea.com\/index.php\/wp-json\/wp\/v2\/posts\/8809\/revisions\/8811"}],"wp:featuredmedia":[{"embeddable":true,"href":"https:\/\/diariodigitalnea.com\/index.php\/wp-json\/wp\/v2\/media\/8810"}],"wp:attachment":[{"href":"https:\/\/diariodigitalnea.com\/index.php\/wp-json\/wp\/v2\/media?parent=8809"}],"wp:term":[{"taxonomy":"category","embeddable":true,"href":"https:\/\/diariodigitalnea.com\/index.php\/wp-json\/wp\/v2\/categories?post=8809"},{"taxonomy":"post_tag","embeddable":true,"href":"https:\/\/diariodigitalnea.com\/index.php\/wp-json\/wp\/v2\/tags?post=8809"}],"curies":[{"name":"wp","href":"https:\/\/api.w.org\/{rel}","templated":true}]}}