{"id":8719,"date":"2023-06-07T20:43:32","date_gmt":"2023-06-07T20:43:32","guid":{"rendered":"https:\/\/diariodigitalnea.com\/?p=8719"},"modified":"2023-06-07T20:43:34","modified_gmt":"2023-06-07T20:43:34","slug":"messi-explico-su-decision-de-irse-al-inter-miami-quiero-pensar-mas-en-mi-familia","status":"publish","type":"post","link":"https:\/\/diariodigitalnea.com\/index.php\/2023\/06\/07\/messi-explico-su-decision-de-irse-al-inter-miami-quiero-pensar-mas-en-mi-familia\/","title":{"rendered":"Messi explic\u00f3 su decisi\u00f3n de irse al Inter Miami: \u00abQuiero pensar m\u00e1s en mi familia\u00bb"},"content":{"rendered":"\n<p>Leo confirm\u00f3 que seguir\u00e1 su carrera en el equipo de la MLS y fue cr\u00edtico al contar por qu\u00e9 no se dio su regreso al Barcelona.<\/p>\n\n\n\n<p><br>\u00abPensar en m\u00ed, en mi familia\u2026\u00bb. Los \u00faltimos d\u00edas no fueron f\u00e1ciles para Lionel Messi. A pesar de haber ganado todo a nivel clubes y de ser un campe\u00f3n del mundo con la Selecci\u00f3n Argentina, decidir el pr\u00f3ximo paso en su carrera no fue sencillo y m\u00e1s cuando entre los interesados aparec\u00eda un club como Barcelona. Pens\u00f3 en su entorno, en el futuro de sus mujer y sus hijos y confirm\u00f3 lo que ya era un secreto a voces:. lo que se ven\u00eda anunciando en Ol\u00e9 desde la semana pasada: seguir\u00e1 su carrera el Inter Miami, donde firmar\u00e1 por dos a\u00f1os. Y fue cr\u00edtico al explicar por qu\u00e9 no se dio su vuelta a Espa\u00f1a.<\/p>\n\n\n\n<figure class=\"wp-block-image size-large\"><img fetchpriority=\"high\" decoding=\"async\" width=\"1024\" height=\"581\" src=\"https:\/\/diariodigitalnea.com\/wp-content\/uploads\/2023\/06\/messi3-1024x581.jpg\" alt=\"\" class=\"wp-image-8722\" srcset=\"https:\/\/diariodigitalnea.com\/wp-content\/uploads\/2023\/06\/messi3-1024x581.jpg 1024w, https:\/\/diariodigitalnea.com\/wp-content\/uploads\/2023\/06\/messi3-300x170.jpg 300w, https:\/\/diariodigitalnea.com\/wp-content\/uploads\/2023\/06\/messi3-768x436.jpg 768w, https:\/\/diariodigitalnea.com\/wp-content\/uploads\/2023\/06\/messi3.jpg 1041w\" sizes=\"(max-width: 1024px) 100vw, 1024px\" \/><\/figure>\n\n\n\n<p><br>\u00abQuer\u00eda tomar mi propia decisi\u00f3n y por eso fue un poco que no se dio mi vuelta al Barsa. Si bien me hubiese encantado, no se pudo. Tambi\u00e9n estoy en un momento donde quiero salir un poco del foco, pensar m\u00e1s en mi familia. Quiero volver a reencontrarme con el disfrute, con disfrute de mi familia, de mis hijos, del d\u00eda a d\u00eda\u00bb, explic\u00f3 Leo a coraz\u00f3n abierto desde Par\u00eds en una extensa entrevista con Mundo Deportivo y Sport.<br>Si bien fue cauto al remarcar que \u00abtodav\u00eda no lo tengo cerrado al cien por cien\u00bb, la decisi\u00f3n est\u00e1 tomada (hay un precontrato firmado) y el propio Inter Miami ya le dedic\u00f3 su primer posteo. Sin embargo, en medio de la felicidad por este nuevo desaf\u00edo, dej\u00f3 en claro que todav\u00eda sigue con la espina clavada desde aquel inesperado y abrupto adi\u00f3s del Barcelona.<\/p>\n\n\n\n<p><br>\u00abTen\u00eda muchas ganas, mucha ilusi\u00f3n de poder volver a Barcelona, pero despu\u00e9s de haber vivido lo que viv\u00ed y la salida que tuve, no quer\u00eda volver a estar otra vez en la misma situaci\u00f3n: esperar a ver qu\u00e9 iba a pasar y dejar mi futuro en mano de otro. Ten\u00eda miedo a que volviera a pasar lo mismo y andar a las corridas como pas\u00f3, que me tuve que venir a Par\u00eds a estar en un hotel mucho tiempo con mi familia, con mis hijos yendo al colegio\u00bb, reconoci\u00f3 en medio de una fuerte confesi\u00f3n sobre su paso por el PSG.<\/p>\n\n\n\n<figure class=\"wp-block-image size-large\"><img decoding=\"async\" width=\"1024\" height=\"624\" src=\"https:\/\/diariodigitalnea.com\/wp-content\/uploads\/2023\/06\/messi2-1024x624.jpg\" alt=\"\" class=\"wp-image-8721\" srcset=\"https:\/\/diariodigitalnea.com\/wp-content\/uploads\/2023\/06\/messi2-1024x624.jpg 1024w, https:\/\/diariodigitalnea.com\/wp-content\/uploads\/2023\/06\/messi2-300x183.jpg 300w, https:\/\/diariodigitalnea.com\/wp-content\/uploads\/2023\/06\/messi2-768x468.jpg 768w, https:\/\/diariodigitalnea.com\/wp-content\/uploads\/2023\/06\/messi2.jpg 1063w\" sizes=\"(max-width: 1024px) 100vw, 1024px\" \/><\/figure>\n\n\n\n<p><br>Adem\u00e1s, aunque destac\u00f3 que \u00abla Liga dijo que hab\u00eda aceptado todo\u00bb y que \u00abestaba todo bien para que volviera\u00bb, remarc\u00f3 que \u00abfaltaban much\u00edsimas otras cosas que deb\u00edan darse\u00bb y lanz\u00f3 un primer palito: \u00abEscuch\u00e9 que ten\u00edan que vender jugadores o bajar sueldo a jugadores y la verdad es que yo no quer\u00eda pasar por eso, ni hacerme cargo de obtener algo que tuviera que ver con todo eso. Ya se me acus\u00f3 de much\u00edsimas cosas que no fueron ciertas en mi carrera en el Barcelona y ya estaba un poco cansado, no quer\u00eda pasar por todo eso\u00bb.<\/p>\n\n\n\n<p><br>Messi ten\u00eda sobre la mesa tambi\u00e9n un ofert\u00f3n multimillonario del Al Hilal, pero prefiri\u00f3 el Inter de Miami de Beckam, con quien estuvo hace poco m\u00e1s de un mes cuando el ingl\u00e9s lo visit\u00f3 en el PSG. Siempre tuvo en la cabeza la idea de una mudanza a esa ciudad, y decidi\u00f3 que a los 36 a\u00f1os es un buen momento con todo lo que ven\u00eda viviendo. Si bien su idea en principio era seguir jugando en el alto nivel europeo, no se dio lo de Barcelona y lo tent\u00f3 Estados Unidos, donde el a\u00f1o que viene ser\u00e1 la Copa Am\u00e9rica y en 2026, el Mundial, al que tal vez llegue.<\/p>\n\n\n\n<p><br>Si bien la MLS no es una liga top a nivel mundial, Messi cree que va a poder mantenerse jugando y adem\u00e1s abocarse m\u00e1s a su familia. Adem\u00e1s, vivir en un contexto de mayor tranquilidad. Y en cuanto a su equipo, hoy \u00faltimo, ya acordaron que lo van a rodear.<\/p>\n\n\n\n<figure class=\"wp-block-embed is-type-video is-provider-youtube wp-block-embed-youtube wp-embed-aspect-16-9 wp-has-aspect-ratio\"><div class=\"wp-block-embed__wrapper\">\n<iframe title=\"\ud83d\ude31 MESSI, EN EXCLUSIVA PARA SPORT: &quot;ME VOY AL INTER DE MIAMI&quot;\" width=\"1200\" height=\"675\" src=\"https:\/\/www.youtube.com\/embed\/MPktkb7bupA?feature=oembed\" frameborder=\"0\" allow=\"accelerometer; autoplay; clipboard-write; encrypted-media; gyroscope; picture-in-picture; web-share\" allowfullscreen><\/iframe>\n<\/div><\/figure>\n\n\n\n<p><br>Messi y la postura del Barcelona<br>Cuando le consultaron si sent\u00eda que el Barcelona hizo todo lo posible por contratarlo, Leo fue contundente: \u00abEs un tema de ellos. La verdad, sinceramente, no s\u00e9 si ha hecho todo lo posible o no. Yo sab\u00eda lo que hablaba con Xavi, sobre todo\u2026 Ahora hab\u00edan, por lo que se dice, logrado el permiso de la Liga para poder hacerlo. Pero ya te digo, no era s\u00f3lo eso. Faltaban muchas cosas. El club, hoy por hoy, no estaba en condiciones de afirmarme al 100% de que pod\u00eda volver. Y es entendible, por la situaci\u00f3n que est\u00e1 pasando el club, Y as\u00ed lo viv\u00ed\u00bb.<\/p>\n\n\n\n<p><br>Y a la hora de hablar de la dirigencia, fue al hueso y destac\u00f3 que lo econ\u00f3mico no fue un obst\u00e1culo y que ni siquiera se lleg\u00f3 a analizar una propuesta: \u00abSeguramente haya gente que no quiere que vuelva, como tambi\u00e9n en su momento no quer\u00eda que me quedara cuando me tuve que ir. Como mucha gente que s\u00e9 que quiere que vuelva y as\u00ed lo manifestaron y lo hicieron p\u00fablico. Pero seguramente haya gente de la junta que no quiere que vuelva, que crea que no sea bueno para el club mi regreso\u00bb.<\/p>\n\n\n\n<figure class=\"wp-block-image size-large\"><img decoding=\"async\" width=\"1024\" height=\"513\" src=\"http:\/\/diariodigitalnea.com\/wp-content\/uploads\/2023\/05\/ENCUENTRO-IG-Verde-copy-1024x513.jpg\" alt=\"PUBLICIDAD\" class=\"wp-image-8132\" srcset=\"https:\/\/diariodigitalnea.com\/wp-content\/uploads\/2023\/05\/ENCUENTRO-IG-Verde-copy-1024x513.jpg 1024w, https:\/\/diariodigitalnea.com\/wp-content\/uploads\/2023\/05\/ENCUENTRO-IG-Verde-copy-300x150.jpg 300w, https:\/\/diariodigitalnea.com\/wp-content\/uploads\/2023\/05\/ENCUENTRO-IG-Verde-copy-768x385.jpg 768w, https:\/\/diariodigitalnea.com\/wp-content\/uploads\/2023\/05\/ENCUENTRO-IG-Verde-copy-1536x769.jpg 1536w, https:\/\/diariodigitalnea.com\/wp-content\/uploads\/2023\/05\/ENCUENTRO-IG-Verde-copy-2048x1026.jpg 2048w\" sizes=\"(max-width: 1024px) 100vw, 1024px\" \/><figcaption>Publicidad: Encuentro Tienda de Bebidas, Chile 190 Local 4 \u2013 Tel: 3624386655 &#8211; Gral San Mart\u00edn<\/figcaption><\/figure>\n\n\n\n<p>Por \u00faltimo, mencion\u00f3 que \u00abtuve ofertas de otro equipo europeo, pero ni siquiera la evalu\u00e9 porque en Europa mi idea solo era irme al Barcelona\u00bb y cerr\u00f3 enfocado en su futuro en Miami. \u00abQuiero vivir el f\u00fatbol de otra manera y disfrutar m\u00e1s del d\u00eda a d\u00eda. Obviamente con la misma responsabilidad y ganas de querer ganar y de hacerlas cosas bien siempre. Pero con m\u00e1s tranquilidad\u00bb.<\/p>\n\n\n\n<p><\/p>\n\n\n\n<p>Su futuro en Barcelona<br>\u00abMe gustar\u00eda tener en alg\u00fan momento una despedida de verdad con la gente que tanto vivimos y disfrutamos y padecimos tambi\u00e9n. Fueron much\u00edsimos a\u00f1os juntos, y me gustar\u00eda despedirme como lo siento y despu\u00e9s estar cerca del club. Es m\u00e1s, voy a vivir en Barcelona. Es una de las cosas que tenemos clar\u00edsimo con mi mujer, mis hijos. Ojal\u00e1, no s\u00e9 en qu\u00e9 momento ni qu\u00e9 ni cu\u00e1ndo pero ojal\u00e1 alg\u00fan d\u00eda pueda aportar algo al club y ayudar porque es un club que amo como siempre dije\u00bb.<\/p>\n\n\n\n<figure class=\"wp-block-image size-large\"><img loading=\"lazy\" decoding=\"async\" width=\"1024\" height=\"446\" src=\"http:\/\/diariodigitalnea.com\/wp-content\/uploads\/2023\/05\/CONSTRUCAL-CON-FABRICA-2-1024x446.jpg\" alt=\"publicidad Construcal 2\" class=\"wp-image-8211\" srcset=\"https:\/\/diariodigitalnea.com\/wp-content\/uploads\/2023\/05\/CONSTRUCAL-CON-FABRICA-2-1024x446.jpg 1024w, https:\/\/diariodigitalnea.com\/wp-content\/uploads\/2023\/05\/CONSTRUCAL-CON-FABRICA-2-300x131.jpg 300w, https:\/\/diariodigitalnea.com\/wp-content\/uploads\/2023\/05\/CONSTRUCAL-CON-FABRICA-2-768x334.jpg 768w, https:\/\/diariodigitalnea.com\/wp-content\/uploads\/2023\/05\/CONSTRUCAL-CON-FABRICA-2-1536x669.jpg 1536w, https:\/\/diariodigitalnea.com\/wp-content\/uploads\/2023\/05\/CONSTRUCAL-CON-FABRICA-2-2048x892.jpg 2048w\" sizes=\"(max-width: 1024px) 100vw, 1024px\" \/><figcaption>Publicidad: ConstruCal Cales hidratas y vivas para uso vial y construcci\u00f3n TEL: 3624602737\n<\/figcaption><\/figure>\n","protected":false},"excerpt":{"rendered":"<p>Leo confirm\u00f3 que seguir\u00e1 su carrera en el equipo de la MLS y fue cr\u00edtico al contar por qu\u00e9 no se dio su regreso al Barcelona. \u00abPensar en m\u00ed, en mi familia\u2026\u00bb. Los \u00faltimos d\u00edas no fueron f\u00e1ciles para Lionel Messi. A pesar de haber ganado todo a nivel clubes y de ser un campe\u00f3n [&hellip;]<\/p>\n","protected":false},"author":4,"featured_media":8720,"comment_status":"closed","ping_status":"closed","sticky":false,"template":"","format":"standard","meta":{"om_disable_all_campaigns":false,"_monsterinsights_skip_tracking":false,"_monsterinsights_sitenote_active":false,"_monsterinsights_sitenote_note":"","_monsterinsights_sitenote_category":0,"footnotes":""},"categories":[6,95],"tags":[311,1283],"class_list":["post-8719","post","type-post","status-publish","format-standard","has-post-thumbnail","hentry","category-deporte","category-informacion-general","tag-messi","tag-miami"],"aioseo_notices":[],"amp_enabled":true,"_links":{"self":[{"href":"https:\/\/diariodigitalnea.com\/index.php\/wp-json\/wp\/v2\/posts\/8719","targetHints":{"allow":["GET"]}}],"collection":[{"href":"https:\/\/diariodigitalnea.com\/index.php\/wp-json\/wp\/v2\/posts"}],"about":[{"href":"https:\/\/diariodigitalnea.com\/index.php\/wp-json\/wp\/v2\/types\/post"}],"author":[{"embeddable":true,"href":"https:\/\/diariodigitalnea.com\/index.php\/wp-json\/wp\/v2\/users\/4"}],"replies":[{"embeddable":true,"href":"https:\/\/diariodigitalnea.com\/index.php\/wp-json\/wp\/v2\/comments?post=8719"}],"version-history":[{"count":1,"href":"https:\/\/diariodigitalnea.com\/index.php\/wp-json\/wp\/v2\/posts\/8719\/revisions"}],"predecessor-version":[{"id":8723,"href":"https:\/\/diariodigitalnea.com\/index.php\/wp-json\/wp\/v2\/posts\/8719\/revisions\/8723"}],"wp:featuredmedia":[{"embeddable":true,"href":"https:\/\/diariodigitalnea.com\/index.php\/wp-json\/wp\/v2\/media\/8720"}],"wp:attachment":[{"href":"https:\/\/diariodigitalnea.com\/index.php\/wp-json\/wp\/v2\/media?parent=8719"}],"wp:term":[{"taxonomy":"category","embeddable":true,"href":"https:\/\/diariodigitalnea.com\/index.php\/wp-json\/wp\/v2\/categories?post=8719"},{"taxonomy":"post_tag","embeddable":true,"href":"https:\/\/diariodigitalnea.com\/index.php\/wp-json\/wp\/v2\/tags?post=8719"}],"curies":[{"name":"wp","href":"https:\/\/api.w.org\/{rel}","templated":true}]}}