{"id":8631,"date":"2023-06-02T21:50:44","date_gmt":"2023-06-02T21:50:44","guid":{"rendered":"https:\/\/diariodigitalnea.com\/?p=8631"},"modified":"2023-06-02T21:50:45","modified_gmt":"2023-06-02T21:50:45","slug":"camila-homs-confeso-que-esta-en-pareja-y-estallaron-los-rumores-muy-bien-acompanada","status":"publish","type":"post","link":"https:\/\/diariodigitalnea.com\/index.php\/2023\/06\/02\/camila-homs-confeso-que-esta-en-pareja-y-estallaron-los-rumores-muy-bien-acompanada\/","title":{"rendered":"Camila Homs confes\u00f3 que est\u00e1 en pareja y estallaron los rumores: \u201cMuy bien acompa\u00f1ada\u201d"},"content":{"rendered":"\n<p>La ex de Rodrigo de Paul disfruta de su buen momento en dos frentes: confirm\u00f3 su participaci\u00f3n en el Bailando 2023 y volvi\u00f3 a encontrar el amor<br>Camila Homs tiene un nuevo desaf\u00edo profesional en el corto plazo: participar en el Bailando 2023, que conducir\u00e1 Marcelo Tinelli por la pantalla de Am\u00e9rica. Esta ser\u00e1 la primera oportunidad de conocer m\u00e1s a la modelo que tuvo una enorme exposici\u00f3n por su escandalosa separaci\u00f3n de Rodrigo de Paul.<\/p>\n\n\n\n<p><\/p>\n\n\n\n<p>\u201cAhora se viene la tele\u201d, asegur\u00f3 la influencer en una entrevista con Socios del espect\u00e1culo (El Trece). En un comienzo, ella no quer\u00eda aceptar la propuesta, pero finalmente se anim\u00f3. \u201cFue mucho por mis representantes, Paul y Willy (Garc\u00eda Navarro), habl\u00e9 bastante con ellos. Lo pens\u00e9 yo tambi\u00e9n y es una experiencia que est\u00e1 buena vivirla una vez aunque sea\u201d, admiti\u00f3.<\/p>\n\n\n\n<figure class=\"wp-block-image size-full\"><img fetchpriority=\"high\" decoding=\"async\" width=\"976\" height=\"551\" src=\"https:\/\/diariodigitalnea.com\/wp-content\/uploads\/2023\/06\/cami9.jpg\" alt=\"\" class=\"wp-image-8633\" srcset=\"https:\/\/diariodigitalnea.com\/wp-content\/uploads\/2023\/06\/cami9.jpg 976w, https:\/\/diariodigitalnea.com\/wp-content\/uploads\/2023\/06\/cami9-300x169.jpg 300w, https:\/\/diariodigitalnea.com\/wp-content\/uploads\/2023\/06\/cami9-768x434.jpg 768w\" sizes=\"(max-width: 976px) 100vw, 976px\" \/><\/figure>\n\n\n\n<p><br>Adem\u00e1s, la joven se\u00f1al\u00f3: \u201cMe tengo fe bailando, no s\u00e9 si soy buena o mala bailando, pero s\u00e9 que voy a darlo todo. Todav\u00eda no arrancamos con los ensayos, pero la semana que viene me re\u00fano y a la brevedad empezamos\u201d. Cuando le preguntaron qu\u00e9 pensaban sus padres sobre este desaf\u00edo, Camila respondi\u00f3: \u201cMis pap\u00e1s siempre me apoyan en la decisi\u00f3n que uno tome. Me dan sus consejos pero mientras yo est\u00e9 contenta y feliz y me haga bien, ellos van a estar bien\u201d.<\/p>\n\n\n\n<p><br>Tambi\u00e9n se refiri\u00f3 a las versiones sobre su romance con el futbolista Jos\u00e9 Sosa, quien actualmente se destaca en el club Estudiantes de La Plata. \u201cEstoy muy bien acompa\u00f1ada, nos estamos conociendo\u201d, asegur\u00f3 entre risas c\u00f3mplices, pero no quiso dar m\u00e1s detalles de su relaci\u00f3n amorosa ni mencionar al futbolista con pasado en la Selecci\u00f3n. Luego, se refiri\u00f3 al v\u00ednculo actual con el padre de sus hijos: \u201cEst\u00e1 todo muy bien, todo tranquilo. Por el momento no viajo (a Europa), pero est\u00e1 todo bien\u201d.<\/p>\n\n\n\n<figure class=\"wp-block-image size-large\"><img decoding=\"async\" width=\"1024\" height=\"513\" src=\"http:\/\/diariodigitalnea.com\/wp-content\/uploads\/2023\/05\/ENCUENTRO-IG-Verde-copy-1024x513.jpg\" alt=\"PUBLICIDAD\" class=\"wp-image-8132\" srcset=\"https:\/\/diariodigitalnea.com\/wp-content\/uploads\/2023\/05\/ENCUENTRO-IG-Verde-copy-1024x513.jpg 1024w, https:\/\/diariodigitalnea.com\/wp-content\/uploads\/2023\/05\/ENCUENTRO-IG-Verde-copy-300x150.jpg 300w, https:\/\/diariodigitalnea.com\/wp-content\/uploads\/2023\/05\/ENCUENTRO-IG-Verde-copy-768x385.jpg 768w, https:\/\/diariodigitalnea.com\/wp-content\/uploads\/2023\/05\/ENCUENTRO-IG-Verde-copy-1536x769.jpg 1536w, https:\/\/diariodigitalnea.com\/wp-content\/uploads\/2023\/05\/ENCUENTRO-IG-Verde-copy-2048x1026.jpg 2048w\" sizes=\"(max-width: 1024px) 100vw, 1024px\" \/><figcaption>Publicidad: Encuentro Tienda de Bebidas, Chile 190 Local 4 \u2013 Tel: 3624386655 &#8211; Gral San Mart\u00edn<\/figcaption><\/figure>\n\n\n\n<p>De esta manera, Homs se suma al listado de participantes que aceptaron estar en el certamen de baile seg\u00fan informaron en LAM (Am\u00e9rica). Uno de los primeros confirmados fue Tom\u00e1s Holder, el joven que sali\u00f3 eliminado en primer lugar del reality Gran Hermano. Si bien casi no estuvo adentro de la casa ni se lo lleg\u00f3 a conocer en profundidad, con sus controvertidas declaraciones se hizo m\u00e1s conocido que muchos otros exhermanitos que permanecieron m\u00e1s tiempo adentro del juego.<\/p>\n\n\n\n<p><\/p>\n\n\n\n<p>Luego, Coti Romero y su novio Alexis Quiroga tambi\u00e9n ser\u00e1n de la partida. Pero no bailar\u00e1n juntos sino que lo har\u00e1n cada uno con un partenaire distinto. En el caso de Coti, ella misma eligi\u00f3 a Maxi Diorio, uno de los bailarines hist\u00f3ricos de la pista de Marcelo. Hace unos d\u00edas, a ra\u00edz de esta decisi\u00f3n, Moria Cas\u00e1n tuvo palabras muy picantes para \u00e9l. En la cuenta de LAM, en Twitter, escribi\u00f3 sin filtro: \u201cPodr\u00eda, pero que la haga bailar a Coty, no a su bulto, please que a esta altura ya debe tener vida propia. A domar a la pareja cotybull\u201d. Tambi\u00e9n Alfa acept\u00f3 luego de firmar contrato con Pol\u00e9mica en el bar.<\/p>\n\n\n\n<figure class=\"wp-block-image size-full\"><img decoding=\"async\" width=\"829\" height=\"506\" src=\"https:\/\/diariodigitalnea.com\/wp-content\/uploads\/2023\/06\/cami3.jpg\" alt=\"\" class=\"wp-image-8632\" srcset=\"https:\/\/diariodigitalnea.com\/wp-content\/uploads\/2023\/06\/cami3.jpg 829w, https:\/\/diariodigitalnea.com\/wp-content\/uploads\/2023\/06\/cami3-300x183.jpg 300w, https:\/\/diariodigitalnea.com\/wp-content\/uploads\/2023\/06\/cami3-768x469.jpg 768w\" sizes=\"(max-width: 829px) 100vw, 829px\" \/><\/figure>\n\n\n\n<p><\/p>\n\n\n\n<p>Seg\u00fan revel\u00f3 De Brito, otra figura confirmada es Anabel S\u00e1nchez, la joven de 18 a\u00f1os de origen humilde que se grab\u00f3 desfilando en su casa para poder hacerlo en Vogue. Cande Tinelli es otra de las celebridades confirmadas. La cantante eligi\u00f3 a Jony Lazarte como su bailar\u00edn y a la Cata como coach. Coki Ram\u00edrez volver\u00e1 a la pista del certamen.<\/p>\n\n\n\n<p><\/p>\n\n\n\n<p>Tambi\u00e9n est\u00e1 confirmado Kennys Palacios, el asistente personal de Wanda Nara, quien pidi\u00f3 un mont\u00f3n de condiciones para formar parte del concurso y se las aceptaron, seg\u00fan cont\u00f3 el conductor de LAM. Y finalmente, Lourdes S\u00e1nchez tambi\u00e9n es otra de las convocadas por la producci\u00f3n.<\/p>\n\n\n\n<figure class=\"wp-block-image size-large\"><img loading=\"lazy\" decoding=\"async\" width=\"1024\" height=\"446\" src=\"http:\/\/diariodigitalnea.com\/wp-content\/uploads\/2023\/05\/CONSTRUCAL-CON-FABRICA-2-1024x446.jpg\" alt=\"publicidad Construcal 2\" class=\"wp-image-8211\" srcset=\"https:\/\/diariodigitalnea.com\/wp-content\/uploads\/2023\/05\/CONSTRUCAL-CON-FABRICA-2-1024x446.jpg 1024w, https:\/\/diariodigitalnea.com\/wp-content\/uploads\/2023\/05\/CONSTRUCAL-CON-FABRICA-2-300x131.jpg 300w, https:\/\/diariodigitalnea.com\/wp-content\/uploads\/2023\/05\/CONSTRUCAL-CON-FABRICA-2-768x334.jpg 768w, https:\/\/diariodigitalnea.com\/wp-content\/uploads\/2023\/05\/CONSTRUCAL-CON-FABRICA-2-1536x669.jpg 1536w, https:\/\/diariodigitalnea.com\/wp-content\/uploads\/2023\/05\/CONSTRUCAL-CON-FABRICA-2-2048x892.jpg 2048w\" sizes=\"(max-width: 1024px) 100vw, 1024px\" \/><figcaption>Publicidad: ConstruCal Cales hidratas y vivas para uso vial y construcci\u00f3n TEL: 3624602737\n<\/figcaption><\/figure>\n","protected":false},"excerpt":{"rendered":"<p>La ex de Rodrigo de Paul disfruta de su buen momento en dos frentes: confirm\u00f3 su participaci\u00f3n en el Bailando 2023 y volvi\u00f3 a encontrar el amorCamila Homs tiene un nuevo desaf\u00edo profesional en el corto plazo: participar en el Bailando 2023, que conducir\u00e1 Marcelo Tinelli por la pantalla de Am\u00e9rica. Esta ser\u00e1 la primera [&hellip;]<\/p>\n","protected":false},"author":4,"featured_media":8634,"comment_status":"closed","ping_status":"closed","sticky":false,"template":"","format":"standard","meta":{"om_disable_all_campaigns":false,"_monsterinsights_skip_tracking":false,"_monsterinsights_sitenote_active":false,"_monsterinsights_sitenote_note":"","_monsterinsights_sitenote_category":0,"footnotes":""},"categories":[7,2799],"tags":[1735],"class_list":["post-8631","post","type-post","status-publish","format-standard","has-post-thumbnail","hentry","category-espectaculos","category-mas-leidas","tag-camila-homs"],"aioseo_notices":[],"amp_enabled":true,"_links":{"self":[{"href":"https:\/\/diariodigitalnea.com\/index.php\/wp-json\/wp\/v2\/posts\/8631","targetHints":{"allow":["GET"]}}],"collection":[{"href":"https:\/\/diariodigitalnea.com\/index.php\/wp-json\/wp\/v2\/posts"}],"about":[{"href":"https:\/\/diariodigitalnea.com\/index.php\/wp-json\/wp\/v2\/types\/post"}],"author":[{"embeddable":true,"href":"https:\/\/diariodigitalnea.com\/index.php\/wp-json\/wp\/v2\/users\/4"}],"replies":[{"embeddable":true,"href":"https:\/\/diariodigitalnea.com\/index.php\/wp-json\/wp\/v2\/comments?post=8631"}],"version-history":[{"count":1,"href":"https:\/\/diariodigitalnea.com\/index.php\/wp-json\/wp\/v2\/posts\/8631\/revisions"}],"predecessor-version":[{"id":8635,"href":"https:\/\/diariodigitalnea.com\/index.php\/wp-json\/wp\/v2\/posts\/8631\/revisions\/8635"}],"wp:featuredmedia":[{"embeddable":true,"href":"https:\/\/diariodigitalnea.com\/index.php\/wp-json\/wp\/v2\/media\/8634"}],"wp:attachment":[{"href":"https:\/\/diariodigitalnea.com\/index.php\/wp-json\/wp\/v2\/media?parent=8631"}],"wp:term":[{"taxonomy":"category","embeddable":true,"href":"https:\/\/diariodigitalnea.com\/index.php\/wp-json\/wp\/v2\/categories?post=8631"},{"taxonomy":"post_tag","embeddable":true,"href":"https:\/\/diariodigitalnea.com\/index.php\/wp-json\/wp\/v2\/tags?post=8631"}],"curies":[{"name":"wp","href":"https:\/\/api.w.org\/{rel}","templated":true}]}}