{"id":8595,"date":"2023-06-01T18:17:19","date_gmt":"2023-06-01T18:17:19","guid":{"rendered":"https:\/\/diariodigitalnea.com\/?p=8595"},"modified":"2023-06-01T18:42:49","modified_gmt":"2023-06-01T18:42:49","slug":"aerolineas-argentinas-anuncio-que-volaran-a-miami-y-nueva-york-desde-aeroparque","status":"publish","type":"post","link":"https:\/\/diariodigitalnea.com\/index.php\/2023\/06\/01\/aerolineas-argentinas-anuncio-que-volaran-a-miami-y-nueva-york-desde-aeroparque\/","title":{"rendered":"Aerol\u00edneas Argentinas anunci\u00f3 que volar\u00e1n a Miami y Nueva York desde Aeroparque"},"content":{"rendered":"\n<p>A partir del pr\u00f3ximo 7 de agosto, Aerol\u00edneas Argentinas iniciar\u00e1 operaciones regulares de vuelo hacia Estados Unidos desde el aeroparque Jorge Newbery, utilizando aviones Airbus 330-200, seg\u00fan confirmaron fuentes de la compa\u00f1\u00eda de bandera.<\/p>\n\n\n\n<p>Esta ser\u00e1 la primera vez que este tipo de aeronaves de doble pasillo opere regularmente en Aeroparque. En esta ocasi\u00f3n, los vuelos conectar\u00e1n con destinos internacionales como Miami y Nueva York, y tambi\u00e9n ofrecer\u00e1n vuelos nacionales a El Calafate, Iguaz\u00fa y Ushuaia.<\/p>\n\n\n\n<p>Para la ruta hacia Miami, los vuelos se realizar\u00e1n los martes, mi\u00e9rcoles, viernes y domingos, partiendo a las 23:30, y los regresos ser\u00e1n tres veces por semana con salidas a las 10:05 y llegadas a las 20:00.<\/p>\n\n\n\n<p>En cuanto a la ruta hacia Nueva York, se ofrecer\u00e1n tres vuelos semanales los lunes, jueves y s\u00e1bados, con salidas a las 23:55, y los regresos ser\u00e1n los martes, viernes y domingos, partiendo desde el Aeropuerto JFK a las 15:25 y llegando a las 3:25.<\/p>\n\n\n\n<p>Estos vuelos permitir\u00e1n a los turistas conectar con los principales destinos tur\u00edsticos de Argentina, aprovechando los horarios de salida diarios y con tiempos de conexi\u00f3n m\u00ednimos.<\/p>\n\n\n\n<figure class=\"wp-block-image size-large\"><img fetchpriority=\"high\" decoding=\"async\" width=\"1024\" height=\"683\" src=\"http:\/\/diariodigitalnea.com\/wp-content\/uploads\/2023\/06\/aeroparque2-1024x683.jpg\" alt=\"\" class=\"wp-image-8597\" srcset=\"https:\/\/diariodigitalnea.com\/wp-content\/uploads\/2023\/06\/aeroparque2-1024x683.jpg 1024w, https:\/\/diariodigitalnea.com\/wp-content\/uploads\/2023\/06\/aeroparque2-300x200.jpg 300w, https:\/\/diariodigitalnea.com\/wp-content\/uploads\/2023\/06\/aeroparque2-768x512.jpg 768w, https:\/\/diariodigitalnea.com\/wp-content\/uploads\/2023\/06\/aeroparque2-1536x1024.jpg 1536w, https:\/\/diariodigitalnea.com\/wp-content\/uploads\/2023\/06\/aeroparque2-2048x1365.jpg 2048w, https:\/\/diariodigitalnea.com\/wp-content\/uploads\/2023\/06\/aeroparque2-900x600.jpg 900w\" sizes=\"(max-width: 1024px) 100vw, 1024px\" \/><\/figure>\n\n\n\n<p>Adem\u00e1s, ya se han confirmado las primeras operaciones con aviones Airbus en vuelos dom\u00e9sticos, que se llevar\u00e1n a cabo los lunes y mi\u00e9rcoles a las 6:55, cubriendo la ruta Aeroparque-Ushuaia. Tambi\u00e9n se han programado tres vuelos de regreso desde Tierra del Fuego, los lunes, mi\u00e9rcoles y s\u00e1bados.<\/p>\n\n\n\n<p>Asimismo, habr\u00e1 un vuelo hacia Iguaz\u00fa todos los s\u00e1bados a las 6:55, y otro vuelo, tambi\u00e9n los s\u00e1bados, desde El Calafate a las 18:30.<\/p>\n\n\n\n<p>\u201cCon estas mejoras en nuestros productos, somos m\u00e1s eficientes en nuestras operaciones y, al mismo tiempo, fortalecemos nuestro papel al atraer a m\u00e1s turistas desde Estados Unidos, quienes podr\u00e1n conectar con todos los vuelos nacionales de nuestra red con tiempos de conexi\u00f3n m\u00ednimos\u201d, explic\u00f3 Pablo Ceriani, presidente de Aerol\u00edneas Argentinas.<\/p>\n\n\n\n<p>Los aviones A330 son los de mayor capacidad en la flota de Aerol\u00edneas Argentinas y forman parte de su flota exclusiva de largo alcance. Cuentan con 24 asientos en clase ejecutiva y 248 en clase turista. Debido a su autonom\u00eda, rendimiento y caracter\u00edsticas de vuelo, estas aeronaves cubren principalmente rutas hacia Europa, Estados Unidos, el Caribe y destinos nacionales de alta demanda.<\/p>\n\n\n\n<p>Recientemente, la empresa ha incorporado un nuevo avi\u00f3n de este modelo, y se espera que otro se incorpore durante el a\u00f1o. Con esto, la flota de A330-200 contar\u00e1 nuevamente con 10 aviones operativos.<\/p>\n\n\n\n<figure class=\"wp-block-image size-large\"><img decoding=\"async\" width=\"1024\" height=\"446\" src=\"http:\/\/diariodigitalnea.com\/wp-content\/uploads\/2023\/05\/CONSTRUCAL-CON-FABRICA-2-1024x446.jpg\" alt=\"publicidad Construcal 2\" class=\"wp-image-8211\" srcset=\"https:\/\/diariodigitalnea.com\/wp-content\/uploads\/2023\/05\/CONSTRUCAL-CON-FABRICA-2-1024x446.jpg 1024w, https:\/\/diariodigitalnea.com\/wp-content\/uploads\/2023\/05\/CONSTRUCAL-CON-FABRICA-2-300x131.jpg 300w, https:\/\/diariodigitalnea.com\/wp-content\/uploads\/2023\/05\/CONSTRUCAL-CON-FABRICA-2-768x334.jpg 768w, https:\/\/diariodigitalnea.com\/wp-content\/uploads\/2023\/05\/CONSTRUCAL-CON-FABRICA-2-1536x669.jpg 1536w, https:\/\/diariodigitalnea.com\/wp-content\/uploads\/2023\/05\/CONSTRUCAL-CON-FABRICA-2-2048x892.jpg 2048w\" sizes=\"(max-width: 1024px) 100vw, 1024px\" \/><figcaption>Publicidad: ConstruCal Cales hidratas y vivas para uso vial y construcci\u00f3n TEL: 3624602737\n<\/figcaption><\/figure>\n","protected":false},"excerpt":{"rendered":"<p>A partir del pr\u00f3ximo 7 de agosto, Aerol\u00edneas Argentinas iniciar\u00e1 operaciones regulares de vuelo hacia Estados Unidos desde el aeroparque Jorge Newbery, utilizando aviones Airbus 330-200, seg\u00fan confirmaron fuentes de la compa\u00f1\u00eda de bandera. Esta ser\u00e1 la primera vez que este tipo de aeronaves de doble pasillo opere regularmente en Aeroparque. En esta ocasi\u00f3n, los [&hellip;]<\/p>\n","protected":false},"author":3,"featured_media":8596,"comment_status":"closed","ping_status":"closed","sticky":false,"template":"","format":"standard","meta":{"om_disable_all_campaigns":false,"_monsterinsights_skip_tracking":false,"_monsterinsights_sitenote_active":false,"_monsterinsights_sitenote_note":"","_monsterinsights_sitenote_category":0,"footnotes":""},"categories":[90],"tags":[1512,2982,1283,1897],"class_list":["post-8595","post","type-post","status-publish","format-standard","has-post-thumbnail","hentry","category-nacionales","tag-aerolineas-argentinas","tag-aeroparque","tag-miami","tag-nueva-york"],"aioseo_notices":[],"amp_enabled":true,"_links":{"self":[{"href":"https:\/\/diariodigitalnea.com\/index.php\/wp-json\/wp\/v2\/posts\/8595","targetHints":{"allow":["GET"]}}],"collection":[{"href":"https:\/\/diariodigitalnea.com\/index.php\/wp-json\/wp\/v2\/posts"}],"about":[{"href":"https:\/\/diariodigitalnea.com\/index.php\/wp-json\/wp\/v2\/types\/post"}],"author":[{"embeddable":true,"href":"https:\/\/diariodigitalnea.com\/index.php\/wp-json\/wp\/v2\/users\/3"}],"replies":[{"embeddable":true,"href":"https:\/\/diariodigitalnea.com\/index.php\/wp-json\/wp\/v2\/comments?post=8595"}],"version-history":[{"count":1,"href":"https:\/\/diariodigitalnea.com\/index.php\/wp-json\/wp\/v2\/posts\/8595\/revisions"}],"predecessor-version":[{"id":8598,"href":"https:\/\/diariodigitalnea.com\/index.php\/wp-json\/wp\/v2\/posts\/8595\/revisions\/8598"}],"wp:featuredmedia":[{"embeddable":true,"href":"https:\/\/diariodigitalnea.com\/index.php\/wp-json\/wp\/v2\/media\/8596"}],"wp:attachment":[{"href":"https:\/\/diariodigitalnea.com\/index.php\/wp-json\/wp\/v2\/media?parent=8595"}],"wp:term":[{"taxonomy":"category","embeddable":true,"href":"https:\/\/diariodigitalnea.com\/index.php\/wp-json\/wp\/v2\/categories?post=8595"},{"taxonomy":"post_tag","embeddable":true,"href":"https:\/\/diariodigitalnea.com\/index.php\/wp-json\/wp\/v2\/tags?post=8595"}],"curies":[{"name":"wp","href":"https:\/\/api.w.org\/{rel}","templated":true}]}}