{"id":8518,"date":"2023-05-30T00:19:38","date_gmt":"2023-05-30T00:19:38","guid":{"rendered":"https:\/\/diariodigitalnea.com\/?p=8518"},"modified":"2023-05-30T00:37:58","modified_gmt":"2023-05-30T00:37:58","slug":"la-estatua-de-marcelo-gallardo-en-river-analizan-limar-la-entrepierna-desproporcionada","status":"publish","type":"post","link":"https:\/\/diariodigitalnea.com\/index.php\/2023\/05\/30\/la-estatua-de-marcelo-gallardo-en-river-analizan-limar-la-entrepierna-desproporcionada\/","title":{"rendered":"Monumento al \u00abMu\u00f1eco\u00bb: analizan limar la entrepierna de la estatua de Marcelo Gallardo"},"content":{"rendered":"\n<p>No ser\u00eda necesaria trasladarla del lugar donde fue presentada el s\u00e1bado pasado, ya que la escultora Mercedes Savall podr\u00eda trabajar en ese sitio.<\/p>\n\n\n\n<p><br>El tama\u00f1o desproporcionado de la entrepierna de la estatua de Marcelo Gallardo que River inaugur\u00f3 el \u00faltimo s\u00e1bado en los pies del estadio Monumental fue una de las tendencias que no solo domin\u00f3 las redes sociales, sino que tambi\u00e9n estuvo presente en la mayor\u00eda de las charlas de amigos o familiares durante el fin de semana largo. Este lunes, la novedad radica en que se analiza intervenir el monumento al &#8216;Mu\u00f1eco&#8217; para reducir la zona que provoc\u00f3 una fuerte pol\u00e9mica.<\/p>\n\n\n\n<p><br>As\u00ed lo confirmaron desde el entorno del ide\u00f3logo de la movida, Carlos Trillo, aunque aclararon que todav\u00eda no hay una decisi\u00f3n final al respecto. De hecho, ni siquiera hubo una devoluci\u00f3n por parte de Gallardo sobre la escultura, teniendo en cuenta que el s\u00e1bado fue un d\u00eda muy movilizante y en el que el entrenador m\u00e1s ganador de la historia del Millonario estuvo emocionado todo el tiempo.<br>De todas formas, en caso de concretarse la modificaci\u00f3n, no se necesitar\u00eda movilizar del lugar donde fue emplazada, ya que la escultura Mercedes Savall podr\u00eda trabajar en ese mismo sitio.<\/p>\n\n\n\n<figure class=\"wp-block-image size-large\"><img fetchpriority=\"high\" decoding=\"async\" width=\"1024\" height=\"749\" src=\"https:\/\/diariodigitalnea.com\/wp-content\/uploads\/2023\/05\/gallardo3-1024x749.jpg\" alt=\"\" class=\"wp-image-8526\" srcset=\"https:\/\/diariodigitalnea.com\/wp-content\/uploads\/2023\/05\/gallardo3-1024x749.jpg 1024w, https:\/\/diariodigitalnea.com\/wp-content\/uploads\/2023\/05\/gallardo3-300x219.jpg 300w, https:\/\/diariodigitalnea.com\/wp-content\/uploads\/2023\/05\/gallardo3-768x562.jpg 768w, https:\/\/diariodigitalnea.com\/wp-content\/uploads\/2023\/05\/gallardo3-160x117.jpg 160w, https:\/\/diariodigitalnea.com\/wp-content\/uploads\/2023\/05\/gallardo3.jpg 1300w\" sizes=\"(max-width: 1024px) 100vw, 1024px\" \/><\/figure>\n\n\n\n<p><br>A partir de este s\u00e1bado 27 y luego del multitudinario acto que organiz\u00f3 la instituci\u00f3n, los cientos y miles de hinchas, familias y ni\u00f1os que se acerquen a esa zona de la ciudad de Buenos Aires tienen la oportunidad de sacarse una selfie o posar al lado del coloso \u00abMu\u00f1eco\u00bb de 7 metros de altura y 6,3 toneladas de peso que se erige junto a la cancha de River.<\/p>\n\n\n\n<p><br>Eso s\u00ed, un detalle muy particular sobresale en la creaci\u00f3n de la escultora Mercedes Savall, quien se encarg\u00f3 de la obra a pedido del mencionado Trillo. A pesar de respetar las facciones de Gallardo con una virtuosa rigurosidad, la zona de la entrepierna del DT se observa desproporcionadamente amplia respecto al resto de su cuerpo.<\/p>\n\n\n\n<figure class=\"wp-block-image size-large\"><img decoding=\"async\" width=\"1024\" height=\"513\" src=\"http:\/\/diariodigitalnea.com\/wp-content\/uploads\/2023\/05\/ENCUENTRO-IG-Verde-copy-1024x513.jpg\" alt=\"PUBLICIDAD\" class=\"wp-image-8132\" srcset=\"https:\/\/diariodigitalnea.com\/wp-content\/uploads\/2023\/05\/ENCUENTRO-IG-Verde-copy-1024x513.jpg 1024w, https:\/\/diariodigitalnea.com\/wp-content\/uploads\/2023\/05\/ENCUENTRO-IG-Verde-copy-300x150.jpg 300w, https:\/\/diariodigitalnea.com\/wp-content\/uploads\/2023\/05\/ENCUENTRO-IG-Verde-copy-768x385.jpg 768w, https:\/\/diariodigitalnea.com\/wp-content\/uploads\/2023\/05\/ENCUENTRO-IG-Verde-copy-1536x769.jpg 1536w, https:\/\/diariodigitalnea.com\/wp-content\/uploads\/2023\/05\/ENCUENTRO-IG-Verde-copy-2048x1026.jpg 2048w\" sizes=\"(max-width: 1024px) 100vw, 1024px\" \/><figcaption>Publicidad: Encuentro Tienda de Bebidas, Chile 190 Local 4 \u2013 Tel: 3624386655 &#8211; Gral San Mart\u00edn<\/figcaption><\/figure>\n\n\n\n<p><br>Una vez descubierta la estatua, esta situaci\u00f3n no pas\u00f3 desapercibida para nadie en N\u00fa\u00f1ez y mucho menos en las redes sociales, donde circularon memes, bromas y comentarios, opacando incluso el emotivo discurso que hizo el Mu\u00f1eco sobre el escenario o la presencia de much\u00edsimas figuras e \u00eddolos del mundo River.<\/p>\n\n\n\n<p><br>La duda era conocer la naturaleza de ese dise\u00f1o tan particular en la humanidad del Gallardo \u00abde cobre\u00bb, si hab\u00eda sido casual o voluntario. Y fue la propia escultora quien se encarg\u00f3 de develar el interrogante.<\/p>\n\n\n\n<p><br>\u00abEl f\u00fatbol es as\u00ed, esto es el lenguaje futbol\u00edstico. Vamos a decirlo de esa manera, para que los hinchas lo disfruten un poco m\u00e1s\u00bb, respondi\u00f3 la artista entre risas, para remarcar lo que en el c\u00f3digo siempre machista del ambiente futbolero determinar\u00eda alg\u00fan factor an\u00edmico en la personalidad del ex DT.<\/p>\n\n\n\n<figure class=\"wp-block-image size-large\"><img decoding=\"async\" width=\"1024\" height=\"446\" src=\"http:\/\/diariodigitalnea.com\/wp-content\/uploads\/2023\/05\/CONSTRUCAL-CON-FABRICA-2-1024x446.jpg\" alt=\"publicidad Construcal 2\" class=\"wp-image-8211\" srcset=\"https:\/\/diariodigitalnea.com\/wp-content\/uploads\/2023\/05\/CONSTRUCAL-CON-FABRICA-2-1024x446.jpg 1024w, https:\/\/diariodigitalnea.com\/wp-content\/uploads\/2023\/05\/CONSTRUCAL-CON-FABRICA-2-300x131.jpg 300w, https:\/\/diariodigitalnea.com\/wp-content\/uploads\/2023\/05\/CONSTRUCAL-CON-FABRICA-2-768x334.jpg 768w, https:\/\/diariodigitalnea.com\/wp-content\/uploads\/2023\/05\/CONSTRUCAL-CON-FABRICA-2-1536x669.jpg 1536w, https:\/\/diariodigitalnea.com\/wp-content\/uploads\/2023\/05\/CONSTRUCAL-CON-FABRICA-2-2048x892.jpg 2048w\" sizes=\"(max-width: 1024px) 100vw, 1024px\" \/><figcaption>Publicidad: ConstruCal Cales hidratas y vivas para uso vial y construcci\u00f3n TEL: 3624602737\n<\/figcaption><\/figure>\n","protected":false},"excerpt":{"rendered":"<p>No ser\u00eda necesaria trasladarla del lugar donde fue presentada el s\u00e1bado pasado, ya que la escultora Mercedes Savall podr\u00eda trabajar en ese sitio. El tama\u00f1o desproporcionado de la entrepierna de la estatua de Marcelo Gallardo que River inaugur\u00f3 el \u00faltimo s\u00e1bado en los pies del estadio Monumental fue una de las tendencias que no solo [&hellip;]<\/p>\n","protected":false},"author":4,"featured_media":8525,"comment_status":"closed","ping_status":"closed","sticky":false,"template":"","format":"standard","meta":{"om_disable_all_campaigns":false,"_monsterinsights_skip_tracking":false,"_monsterinsights_sitenote_active":false,"_monsterinsights_sitenote_note":"","_monsterinsights_sitenote_category":0,"footnotes":""},"categories":[6,7,95],"tags":[746,253],"class_list":["post-8518","post","type-post","status-publish","format-standard","has-post-thumbnail","hentry","category-deporte","category-espectaculos","category-informacion-general","tag-marcelo-gallardo","tag-river-plate"],"aioseo_notices":[],"amp_enabled":true,"_links":{"self":[{"href":"https:\/\/diariodigitalnea.com\/index.php\/wp-json\/wp\/v2\/posts\/8518","targetHints":{"allow":["GET"]}}],"collection":[{"href":"https:\/\/diariodigitalnea.com\/index.php\/wp-json\/wp\/v2\/posts"}],"about":[{"href":"https:\/\/diariodigitalnea.com\/index.php\/wp-json\/wp\/v2\/types\/post"}],"author":[{"embeddable":true,"href":"https:\/\/diariodigitalnea.com\/index.php\/wp-json\/wp\/v2\/users\/4"}],"replies":[{"embeddable":true,"href":"https:\/\/diariodigitalnea.com\/index.php\/wp-json\/wp\/v2\/comments?post=8518"}],"version-history":[{"count":3,"href":"https:\/\/diariodigitalnea.com\/index.php\/wp-json\/wp\/v2\/posts\/8518\/revisions"}],"predecessor-version":[{"id":8532,"href":"https:\/\/diariodigitalnea.com\/index.php\/wp-json\/wp\/v2\/posts\/8518\/revisions\/8532"}],"wp:featuredmedia":[{"embeddable":true,"href":"https:\/\/diariodigitalnea.com\/index.php\/wp-json\/wp\/v2\/media\/8525"}],"wp:attachment":[{"href":"https:\/\/diariodigitalnea.com\/index.php\/wp-json\/wp\/v2\/media?parent=8518"}],"wp:term":[{"taxonomy":"category","embeddable":true,"href":"https:\/\/diariodigitalnea.com\/index.php\/wp-json\/wp\/v2\/categories?post=8518"},{"taxonomy":"post_tag","embeddable":true,"href":"https:\/\/diariodigitalnea.com\/index.php\/wp-json\/wp\/v2\/tags?post=8518"}],"curies":[{"name":"wp","href":"https:\/\/api.w.org\/{rel}","templated":true}]}}