{"id":8517,"date":"2023-05-30T00:16:58","date_gmt":"2023-05-30T00:16:58","guid":{"rendered":"https:\/\/diariodigitalnea.com\/?p=8517"},"modified":"2023-05-30T00:40:12","modified_gmt":"2023-05-30T00:40:12","slug":"macabro-hallazgo-en-rio-de-janeiro-dan-con-el-cuerpo-de-un-reconocido-actor-estaba-dentro-de-un-baul-enterrado","status":"publish","type":"post","link":"https:\/\/diariodigitalnea.com\/index.php\/2023\/05\/30\/macabro-hallazgo-en-rio-de-janeiro-dan-con-el-cuerpo-de-un-reconocido-actor-estaba-dentro-de-un-baul-enterrado\/","title":{"rendered":"Macabro hallazgo en R\u00edo de Janeiro: encuentran el cuerpo de un reconocido actor dentro de un ba\u00fal enterrado"},"content":{"rendered":"\n<p>Seg\u00fan informaci\u00f3n publicada por medios locales, contin\u00faan las investigaciones para esclarecer qui\u00e9n asesin\u00f3 a Jefferson Machado da Costa, reconocido actor de telenovelas de R\u00edo de Janeiro que fue encontrado sin vida dentro de un ba\u00fal enterrado el pasado 22 de mayo.<\/p>\n\n\n\n<p>Aunque todav\u00eda no existe una versi\u00f3n oficial sobre qu\u00e9 fue lo que pas\u00f3 y por qu\u00e9 asesinaron al histri\u00f3n de 44 a\u00f1os, medios locales como &#8216;Metr\u00f3poles&#8217; aseguran que la polic\u00eda de R\u00edo de Janeiro ya tiene una hip\u00f3tesis sobre c\u00f3mo muri\u00f3 y qui\u00e9nes ser\u00edan las tres personas implicadas en su crimen.<\/p>\n\n\n\n<figure class=\"wp-block-gallery has-nested-images columns-default is-cropped wp-block-gallery-1 is-layout-flex wp-block-gallery-is-layout-flex\">\n<figure class=\"wp-block-image size-large\"><img fetchpriority=\"high\" decoding=\"async\" width=\"415\" height=\"415\" data-id=\"8521\" src=\"http:\/\/diariodigitalnea.com\/wp-content\/uploads\/2023\/05\/actor3.jpg\" alt=\"\" class=\"wp-image-8521\" srcset=\"https:\/\/diariodigitalnea.com\/wp-content\/uploads\/2023\/05\/actor3.jpg 415w, https:\/\/diariodigitalnea.com\/wp-content\/uploads\/2023\/05\/actor3-300x300.jpg 300w, https:\/\/diariodigitalnea.com\/wp-content\/uploads\/2023\/05\/actor3-150x150.jpg 150w, https:\/\/diariodigitalnea.com\/wp-content\/uploads\/2023\/05\/actor3-200x200.jpg 200w\" sizes=\"(max-width: 415px) 100vw, 415px\" \/><\/figure>\n\n\n\n<figure class=\"wp-block-image size-large\"><img decoding=\"async\" width=\"415\" height=\"415\" data-id=\"8520\" src=\"http:\/\/diariodigitalnea.com\/wp-content\/uploads\/2023\/05\/actor2.jpg\" alt=\"\" class=\"wp-image-8520\" srcset=\"https:\/\/diariodigitalnea.com\/wp-content\/uploads\/2023\/05\/actor2.jpg 415w, https:\/\/diariodigitalnea.com\/wp-content\/uploads\/2023\/05\/actor2-300x300.jpg 300w, https:\/\/diariodigitalnea.com\/wp-content\/uploads\/2023\/05\/actor2-150x150.jpg 150w, https:\/\/diariodigitalnea.com\/wp-content\/uploads\/2023\/05\/actor2-200x200.jpg 200w\" sizes=\"(max-width: 415px) 100vw, 415px\" \/><\/figure>\n\n\n\n<figure class=\"wp-block-image size-large\"><img decoding=\"async\" width=\"415\" height=\"415\" data-id=\"8519\" src=\"http:\/\/diariodigitalnea.com\/wp-content\/uploads\/2023\/05\/actor1.jpg\" alt=\"\" class=\"wp-image-8519\" srcset=\"https:\/\/diariodigitalnea.com\/wp-content\/uploads\/2023\/05\/actor1.jpg 415w, https:\/\/diariodigitalnea.com\/wp-content\/uploads\/2023\/05\/actor1-300x300.jpg 300w, https:\/\/diariodigitalnea.com\/wp-content\/uploads\/2023\/05\/actor1-150x150.jpg 150w, https:\/\/diariodigitalnea.com\/wp-content\/uploads\/2023\/05\/actor1-200x200.jpg 200w\" sizes=\"(max-width: 415px) 100vw, 415px\" \/><\/figure>\n<\/figure>\n\n\n\n<p>Seg\u00fan han publicado varios medios de comunicaci\u00f3n del mundo del espect\u00e1culo, el histri\u00f3n fue encontrado en estado de momificaci\u00f3n, raz\u00f3n por la que se cree que su muerte habr\u00eda sucedido a finales de enero.<\/p>\n\n\n\n<h2 class=\"wp-block-heading\">Asfixia o estrangulamiento<\/h2>\n\n\n\n<p>Univisi\u00f3n asegura que el cuerpo del actor fue encontrado con las manos y los pies atados con cinta adhesiva, con un pa\u00f1uelo en la boca y un cable de tel\u00e9fono que rodeaba su cuello. Por este motivo, la principal causa de muerte considerada es &#8216;asfixia o estrangulamiento&#8217;.<\/p>\n\n\n\n<figure class=\"wp-block-image size-full\"><img loading=\"lazy\" decoding=\"async\" width=\"738\" height=\"415\" src=\"http:\/\/diariodigitalnea.com\/wp-content\/uploads\/2023\/05\/actor7.jpg\" alt=\"\" class=\"wp-image-8522\" srcset=\"https:\/\/diariodigitalnea.com\/wp-content\/uploads\/2023\/05\/actor7.jpg 738w, https:\/\/diariodigitalnea.com\/wp-content\/uploads\/2023\/05\/actor7-300x169.jpg 300w\" sizes=\"(max-width: 738px) 100vw, 738px\" \/><\/figure>\n","protected":false},"excerpt":{"rendered":"<p>Seg\u00fan informaci\u00f3n publicada por medios locales, contin\u00faan las investigaciones para esclarecer qui\u00e9n asesin\u00f3 a Jefferson Machado da Costa, reconocido actor de telenovelas de R\u00edo de Janeiro que fue encontrado sin vida dentro de un ba\u00fal enterrado el pasado 22 de mayo. Aunque todav\u00eda no existe una versi\u00f3n oficial sobre qu\u00e9 fue lo que pas\u00f3 y [&hellip;]<\/p>\n","protected":false},"author":3,"featured_media":8524,"comment_status":"closed","ping_status":"closed","sticky":false,"template":"","format":"standard","meta":{"om_disable_all_campaigns":false,"_monsterinsights_skip_tracking":false,"_monsterinsights_sitenote_active":false,"_monsterinsights_sitenote_note":"","_monsterinsights_sitenote_category":0,"footnotes":""},"categories":[7,9,52],"tags":[2071,2951,2950,2952,1654],"class_list":["post-8517","post","type-post","status-publish","format-standard","has-post-thumbnail","hentry","category-espectaculos","category-internacionales","category-policiales","tag-actor","tag-enterrado","tag-jefferson-machado","tag-macabro","tag-rio-de-janeiro"],"aioseo_notices":[],"amp_enabled":true,"_links":{"self":[{"href":"https:\/\/diariodigitalnea.com\/index.php\/wp-json\/wp\/v2\/posts\/8517","targetHints":{"allow":["GET"]}}],"collection":[{"href":"https:\/\/diariodigitalnea.com\/index.php\/wp-json\/wp\/v2\/posts"}],"about":[{"href":"https:\/\/diariodigitalnea.com\/index.php\/wp-json\/wp\/v2\/types\/post"}],"author":[{"embeddable":true,"href":"https:\/\/diariodigitalnea.com\/index.php\/wp-json\/wp\/v2\/users\/3"}],"replies":[{"embeddable":true,"href":"https:\/\/diariodigitalnea.com\/index.php\/wp-json\/wp\/v2\/comments?post=8517"}],"version-history":[{"count":3,"href":"https:\/\/diariodigitalnea.com\/index.php\/wp-json\/wp\/v2\/posts\/8517\/revisions"}],"predecessor-version":[{"id":8533,"href":"https:\/\/diariodigitalnea.com\/index.php\/wp-json\/wp\/v2\/posts\/8517\/revisions\/8533"}],"wp:featuredmedia":[{"embeddable":true,"href":"https:\/\/diariodigitalnea.com\/index.php\/wp-json\/wp\/v2\/media\/8524"}],"wp:attachment":[{"href":"https:\/\/diariodigitalnea.com\/index.php\/wp-json\/wp\/v2\/media?parent=8517"}],"wp:term":[{"taxonomy":"category","embeddable":true,"href":"https:\/\/diariodigitalnea.com\/index.php\/wp-json\/wp\/v2\/categories?post=8517"},{"taxonomy":"post_tag","embeddable":true,"href":"https:\/\/diariodigitalnea.com\/index.php\/wp-json\/wp\/v2\/tags?post=8517"}],"curies":[{"name":"wp","href":"https:\/\/api.w.org\/{rel}","templated":true}]}}