{"id":8490,"date":"2023-05-29T21:13:47","date_gmt":"2023-05-29T21:13:47","guid":{"rendered":"https:\/\/diariodigitalnea.com\/?p=8490"},"modified":"2023-05-29T21:13:48","modified_gmt":"2023-05-29T21:13:48","slug":"colectivos-extienden-la-conciliacion-obligatoria-y-no-habra-paro","status":"publish","type":"post","link":"https:\/\/diariodigitalnea.com\/index.php\/2023\/05\/29\/colectivos-extienden-la-conciliacion-obligatoria-y-no-habra-paro\/","title":{"rendered":"Colectivos: extienden la conciliaci\u00f3n obligatoria y no habr\u00e1 paro"},"content":{"rendered":"\n<p>Ante la falta de un acuerdo salarial, el Ministerio de Trabajo prorrog\u00f3 la medida para que las partes sigan negociando.<\/p>\n\n\n\n<p><br>El Ministerio de Trabajo extendi\u00f3 este lunes, por diez d\u00edas m\u00e1s, la conciliaci\u00f3n obligatoria en torno al conflicto salarial que mantiene el gremio Uni\u00f3n Tranviarios Automotor (UTA ) y empresas de colectivos para evitar el paro previsto para este martes por 24 horas.<\/p>\n\n\n\n<p><br>Vale recordar que la UTA hab\u00eda anunciado que si este lunes no se llegaba a un acuerdo, iban a dar por ca\u00edda la conciliaci\u00f3n obligatorio, con un paro nacional para este martes, tanto en las l\u00edneas que operan en el AMBA como en el interior del pa\u00eds.<\/p>\n\n\n\n<figure class=\"wp-block-image size-large\"><img fetchpriority=\"high\" decoding=\"async\" width=\"1024\" height=\"446\" src=\"http:\/\/diariodigitalnea.com\/wp-content\/uploads\/2023\/05\/CONSTRUCAL-CON-FABRICA-2-1024x446.jpg\" alt=\"publicidad Construcal 2\" class=\"wp-image-8211\" srcset=\"https:\/\/diariodigitalnea.com\/wp-content\/uploads\/2023\/05\/CONSTRUCAL-CON-FABRICA-2-1024x446.jpg 1024w, https:\/\/diariodigitalnea.com\/wp-content\/uploads\/2023\/05\/CONSTRUCAL-CON-FABRICA-2-300x131.jpg 300w, https:\/\/diariodigitalnea.com\/wp-content\/uploads\/2023\/05\/CONSTRUCAL-CON-FABRICA-2-768x334.jpg 768w, https:\/\/diariodigitalnea.com\/wp-content\/uploads\/2023\/05\/CONSTRUCAL-CON-FABRICA-2-1536x669.jpg 1536w, https:\/\/diariodigitalnea.com\/wp-content\/uploads\/2023\/05\/CONSTRUCAL-CON-FABRICA-2-2048x892.jpg 2048w\" sizes=\"(max-width: 1024px) 100vw, 1024px\" \/><figcaption>Publicidad: ConstruCal Cales hidratas y vivas para uso vial y construcci\u00f3n TEL: 3624602737\n<\/figcaption><\/figure>\n\n\n\n<p><br>El gremio conducido por Roberto Fern\u00e1ndez reclama \u00abuna recomposici\u00f3n salarial urgente\u00bb para los choferes, y hab\u00eda anunciado un paro nacional el 22 de mayo pasado, luego de no haber llegado a un acuerdo durante la reuni\u00f3n con el Ministerio de Transporte con c\u00e1maras empresarias.<\/p>\n\n\n\n<p><\/p>\n\n\n\n<p>\u00abFinalizada la audiencia convocada por el Ministerio de Trabajo de la Naci\u00f3n, y no habi\u00e9ndose acordado el aumento salarial, esta entidad sindical ratifica que de no obtenerse el incremento pedido para la pr\u00f3xima audiencia, y con la finalizaci\u00f3n de la Conciliaci\u00f3n Obligatoria, se iniciar\u00e1n inmediatamente medidas de fuerza gremial, a partir de las 00 horas del d\u00eda martes 30 de mayo, en todo el territorio del pa\u00eds\u00bb, comunicaron desde la UTA.<\/p>\n\n\n\n<p><br>Sin embargo, ahora, con esta pr\u00f3rroga de la conciliaci\u00f3n obligatorio, las partes deber\u00e1n mantener las negociaciones por otros diez d\u00edas.<\/p>\n\n\n\n<figure class=\"wp-block-image size-large\"><img decoding=\"async\" width=\"1024\" height=\"513\" src=\"http:\/\/diariodigitalnea.com\/wp-content\/uploads\/2023\/05\/ENCUENTRO-IG-Verde-copy-1024x513.jpg\" alt=\"PUBLICIDAD\" class=\"wp-image-8132\" srcset=\"https:\/\/diariodigitalnea.com\/wp-content\/uploads\/2023\/05\/ENCUENTRO-IG-Verde-copy-1024x513.jpg 1024w, https:\/\/diariodigitalnea.com\/wp-content\/uploads\/2023\/05\/ENCUENTRO-IG-Verde-copy-300x150.jpg 300w, https:\/\/diariodigitalnea.com\/wp-content\/uploads\/2023\/05\/ENCUENTRO-IG-Verde-copy-768x385.jpg 768w, https:\/\/diariodigitalnea.com\/wp-content\/uploads\/2023\/05\/ENCUENTRO-IG-Verde-copy-1536x769.jpg 1536w, https:\/\/diariodigitalnea.com\/wp-content\/uploads\/2023\/05\/ENCUENTRO-IG-Verde-copy-2048x1026.jpg 2048w\" sizes=\"(max-width: 1024px) 100vw, 1024px\" \/><figcaption>Publicidad: Encuentro Tienda de Bebidas, Chile 190 Local 4 \u2013 Tel: 3624386655 &#8211; Gral San Mart\u00edn<\/figcaption><\/figure>\n","protected":false},"excerpt":{"rendered":"<p>Ante la falta de un acuerdo salarial, el Ministerio de Trabajo prorrog\u00f3 la medida para que las partes sigan negociando. El Ministerio de Trabajo extendi\u00f3 este lunes, por diez d\u00edas m\u00e1s, la conciliaci\u00f3n obligatoria en torno al conflicto salarial que mantiene el gremio Uni\u00f3n Tranviarios Automotor (UTA ) y empresas de colectivos para evitar el [&hellip;]<\/p>\n","protected":false},"author":4,"featured_media":8491,"comment_status":"closed","ping_status":"closed","sticky":false,"template":"","format":"standard","meta":{"om_disable_all_campaigns":false,"_monsterinsights_skip_tracking":false,"_monsterinsights_sitenote_active":false,"_monsterinsights_sitenote_note":"","_monsterinsights_sitenote_category":0,"footnotes":""},"categories":[5,2799],"tags":[87,563,728],"class_list":["post-8490","post","type-post","status-publish","format-standard","has-post-thumbnail","hentry","category-economia","category-mas-leidas","tag-colectivos","tag-paro","tag-uta"],"aioseo_notices":[],"amp_enabled":true,"_links":{"self":[{"href":"https:\/\/diariodigitalnea.com\/index.php\/wp-json\/wp\/v2\/posts\/8490","targetHints":{"allow":["GET"]}}],"collection":[{"href":"https:\/\/diariodigitalnea.com\/index.php\/wp-json\/wp\/v2\/posts"}],"about":[{"href":"https:\/\/diariodigitalnea.com\/index.php\/wp-json\/wp\/v2\/types\/post"}],"author":[{"embeddable":true,"href":"https:\/\/diariodigitalnea.com\/index.php\/wp-json\/wp\/v2\/users\/4"}],"replies":[{"embeddable":true,"href":"https:\/\/diariodigitalnea.com\/index.php\/wp-json\/wp\/v2\/comments?post=8490"}],"version-history":[{"count":1,"href":"https:\/\/diariodigitalnea.com\/index.php\/wp-json\/wp\/v2\/posts\/8490\/revisions"}],"predecessor-version":[{"id":8492,"href":"https:\/\/diariodigitalnea.com\/index.php\/wp-json\/wp\/v2\/posts\/8490\/revisions\/8492"}],"wp:featuredmedia":[{"embeddable":true,"href":"https:\/\/diariodigitalnea.com\/index.php\/wp-json\/wp\/v2\/media\/8491"}],"wp:attachment":[{"href":"https:\/\/diariodigitalnea.com\/index.php\/wp-json\/wp\/v2\/media?parent=8490"}],"wp:term":[{"taxonomy":"category","embeddable":true,"href":"https:\/\/diariodigitalnea.com\/index.php\/wp-json\/wp\/v2\/categories?post=8490"},{"taxonomy":"post_tag","embeddable":true,"href":"https:\/\/diariodigitalnea.com\/index.php\/wp-json\/wp\/v2\/tags?post=8490"}],"curies":[{"name":"wp","href":"https:\/\/api.w.org\/{rel}","templated":true}]}}