{"id":8465,"date":"2023-05-28T16:48:21","date_gmt":"2023-05-28T16:48:21","guid":{"rendered":"https:\/\/diariodigitalnea.com\/?p=8465"},"modified":"2023-05-28T16:48:52","modified_gmt":"2023-05-28T16:48:52","slug":"resistencia-intensifica-el-abordaje-integral-de-limpieza-en-el-micro-y-macrocentro","status":"publish","type":"post","link":"https:\/\/diariodigitalnea.com\/index.php\/2023\/05\/28\/resistencia-intensifica-el-abordaje-integral-de-limpieza-en-el-micro-y-macrocentro\/","title":{"rendered":"Resistencia intensifica el abordaje integral de limpieza en el micro y macrocentro"},"content":{"rendered":"\n<p>Las tareas de limpieza, barrido manual, desmalezado y recolecci\u00f3n de restos verdes se llevaron a cabo en el cuadrante comprendido por las avenidas principales, como ser Castelli, Alvear, Hernandarias, Avalos, Lavalle, Laprida, V\u00e9lez S\u00e1rsfield y Las Heras.<\/p>\n\n\n\n<p>\u201cPersonal de distintas \u00e1reas est\u00e1 ejecutando estos trabajos, sumando 250 personas para abarcar este amplio cuadrante\u201d, explic\u00f3 el secretario de Servicios P\u00fablicos, Claudio Westtein.<\/p>\n\n\n\n<p>\u201cComo parte de este abordaje \u2013 continu\u00f3 -, se despejaron de hojas las calles, en especial los sistemas de drenaje, como alcantarillas, bocas de tormenta, canales primarios y secundarios, para evitar obstrucciones\u201d.<\/p>\n\n\n\n<figure class=\"wp-block-image size-large\"><img fetchpriority=\"high\" decoding=\"async\" width=\"1024\" height=\"682\" src=\"http:\/\/diariodigitalnea.com\/wp-content\/uploads\/2023\/05\/LIMPIEZA-INTEGRAL-1024x682.jpg\" alt=\"\" class=\"wp-image-8467\" srcset=\"https:\/\/diariodigitalnea.com\/wp-content\/uploads\/2023\/05\/LIMPIEZA-INTEGRAL-1024x682.jpg 1024w, https:\/\/diariodigitalnea.com\/wp-content\/uploads\/2023\/05\/LIMPIEZA-INTEGRAL-300x200.jpg 300w, https:\/\/diariodigitalnea.com\/wp-content\/uploads\/2023\/05\/LIMPIEZA-INTEGRAL-768x512.jpg 768w, https:\/\/diariodigitalnea.com\/wp-content\/uploads\/2023\/05\/LIMPIEZA-INTEGRAL-900x600.jpg 900w, https:\/\/diariodigitalnea.com\/wp-content\/uploads\/2023\/05\/LIMPIEZA-INTEGRAL.jpg 1276w\" sizes=\"(max-width: 1024px) 100vw, 1024px\" \/><\/figure>\n\n\n\n<p>\u201cDe lunes a lunes y en distintos horarios trabajamos en la ciudad, pero en el microcentro lo encaramos los fines de semana, ya que merma el ritmo vehicular y as\u00ed podemos hacer un saneamiento integral\u201d, asever\u00f3.<\/p>\n\n\n\n<p>Los trabajos se ejecutaron en todas las calles del micro y macrocentro, del 0 al 800. Para ello, fueron afectados 200 trabajadores distribuidos en 16 cuadrantes.<\/p>\n\n\n\n<p>Se utilizaron 14 camiones volcadores y 5 cargadores para trasladar los restos recolectados, para luego proceder al barrido manual.<\/p>\n\n\n\n<p>\u201cEstas intervenciones deben ser acompa\u00f1adas por la comunidad, respetando el horario de recolecci\u00f3n de residuos, evitando arrojar desperdicios en la v\u00eda p\u00fablica\u201d, expres\u00f3.<\/p>\n","protected":false},"excerpt":{"rendered":"<p>Las tareas de limpieza, barrido manual, desmalezado y recolecci\u00f3n de restos verdes se llevaron a cabo en el cuadrante comprendido por las avenidas principales, como ser Castelli, Alvear, Hernandarias, Avalos, Lavalle, Laprida, V\u00e9lez S\u00e1rsfield y Las Heras. \u201cPersonal de distintas \u00e1reas est\u00e1 ejecutando estos trabajos, sumando 250 personas para abarcar este amplio cuadrante\u201d, explic\u00f3 el [&hellip;]<\/p>\n","protected":false},"author":3,"featured_media":8466,"comment_status":"closed","ping_status":"closed","sticky":false,"template":"","format":"standard","meta":{"om_disable_all_campaigns":false,"_monsterinsights_skip_tracking":false,"_monsterinsights_sitenote_active":false,"_monsterinsights_sitenote_note":"","_monsterinsights_sitenote_category":0,"footnotes":""},"categories":[33,95],"tags":[2940,212,40,2941],"class_list":["post-8465","post","type-post","status-publish","format-standard","has-post-thumbnail","hentry","category-chaco","category-informacion-general","tag-drenaje","tag-limpieza-integral","tag-resistencia","tag-servicios-publicos"],"aioseo_notices":[],"amp_enabled":true,"_links":{"self":[{"href":"https:\/\/diariodigitalnea.com\/index.php\/wp-json\/wp\/v2\/posts\/8465","targetHints":{"allow":["GET"]}}],"collection":[{"href":"https:\/\/diariodigitalnea.com\/index.php\/wp-json\/wp\/v2\/posts"}],"about":[{"href":"https:\/\/diariodigitalnea.com\/index.php\/wp-json\/wp\/v2\/types\/post"}],"author":[{"embeddable":true,"href":"https:\/\/diariodigitalnea.com\/index.php\/wp-json\/wp\/v2\/users\/3"}],"replies":[{"embeddable":true,"href":"https:\/\/diariodigitalnea.com\/index.php\/wp-json\/wp\/v2\/comments?post=8465"}],"version-history":[{"count":1,"href":"https:\/\/diariodigitalnea.com\/index.php\/wp-json\/wp\/v2\/posts\/8465\/revisions"}],"predecessor-version":[{"id":8468,"href":"https:\/\/diariodigitalnea.com\/index.php\/wp-json\/wp\/v2\/posts\/8465\/revisions\/8468"}],"wp:featuredmedia":[{"embeddable":true,"href":"https:\/\/diariodigitalnea.com\/index.php\/wp-json\/wp\/v2\/media\/8466"}],"wp:attachment":[{"href":"https:\/\/diariodigitalnea.com\/index.php\/wp-json\/wp\/v2\/media?parent=8465"}],"wp:term":[{"taxonomy":"category","embeddable":true,"href":"https:\/\/diariodigitalnea.com\/index.php\/wp-json\/wp\/v2\/categories?post=8465"},{"taxonomy":"post_tag","embeddable":true,"href":"https:\/\/diariodigitalnea.com\/index.php\/wp-json\/wp\/v2\/tags?post=8465"}],"curies":[{"name":"wp","href":"https:\/\/api.w.org\/{rel}","templated":true}]}}