{"id":8453,"date":"2023-05-28T16:16:59","date_gmt":"2023-05-28T16:16:59","guid":{"rendered":"https:\/\/diariodigitalnea.com\/?p=8453"},"modified":"2023-05-28T16:24:17","modified_gmt":"2023-05-28T16:24:17","slug":"marcos-ginocchio-y-julieta-poggio-serian-los-protagonistas-de-margarita-la-secuela-de-floricienta","status":"publish","type":"post","link":"https:\/\/diariodigitalnea.com\/index.php\/2023\/05\/28\/marcos-ginocchio-y-julieta-poggio-serian-los-protagonistas-de-margarita-la-secuela-de-floricienta\/","title":{"rendered":"Marcos Ginocchio y Julieta Poggio ser\u00edan los protagonistas de Margarita, la secuela de Floricienta"},"content":{"rendered":"\n<p>Hace unas horas, aseguraron que los ex Gran Hermano, Marcos Ginocchio y Julieta Poggio fueron convocados por Cris Morena para ser los protagonistas de \u00e9xito de Florencia Bertotti.<\/p>\n\n\n\n<p>Marcos Ginocchio y Julieta Poggio, reconocidos por su participaci\u00f3n en la \u00faltima edici\u00f3n del exitoso reality show Gran Hermano, han recibido una oportunidad \u00fanica en el mundo del entretenimiento. Cris Morena, reconocida productora y creadora de aclamadas ficciones juveniles, ha contactado a ambos exhermanitos para ofrecerles un destacado papel en su pr\u00f3ximo proyecto televisivo.<\/p>\n\n\n\n<figure class=\"wp-block-image size-large\"><img fetchpriority=\"high\" decoding=\"async\" width=\"1024\" height=\"673\" src=\"http:\/\/diariodigitalnea.com\/wp-content\/uploads\/2023\/05\/marc3-1024x673.jpg\" alt=\"\" class=\"wp-image-8457\" srcset=\"https:\/\/diariodigitalnea.com\/wp-content\/uploads\/2023\/05\/marc3-1024x673.jpg 1024w, https:\/\/diariodigitalnea.com\/wp-content\/uploads\/2023\/05\/marc3-300x197.jpg 300w, https:\/\/diariodigitalnea.com\/wp-content\/uploads\/2023\/05\/marc3-768x505.jpg 768w, https:\/\/diariodigitalnea.com\/wp-content\/uploads\/2023\/05\/marc3.jpg 1159w\" sizes=\"(max-width: 1024px) 100vw, 1024px\" \/><\/figure>\n\n\n\n<p>Cris Morena, conocida por \u00e9xitos como Floricienta, ha anunciado el desarrollo de Margarita, una serie que podr\u00eda considerarse una secuela de la exitosa ficci\u00f3n juvenil. La novela, protagonizada por Florencia Bertotti junto a Juan Gil Navarro y Fabio Di Tomasso, cautiv\u00f3 al p\u00fablico durante dos imbatibles temporadas, batiendo r\u00e9cords tanto en la pantalla chica como en el Teatro Gran Rex y en sus giras por Argentina y el extranjero.<\/p>\n\n\n\n<p>La apuesta de Cris Morena es que Margarita, que ser\u00e1 transmitida por HBO Max, siga el mismo camino de \u00e9xito. Para ello, ha seleccionado a Marcos Ginocchio y Julieta Poggio como parte fundamental del elenco, otorg\u00e1ndoles dos personajes de gran relevancia en la trama. Esta noticia ha generado una gran expectativa tanto entre los fan\u00e1ticos de los exhermanitos como entre los seguidores de las producciones de Cris Morena.<\/p>\n\n\n\n<p>No solo se espera el regreso a la ficci\u00f3n de la talentosa productora, madre de Romina Yan y Tom\u00e1s Yankelevich, sino tambi\u00e9n el debut actoral de Ginocchio y Poggio, quienes han demostrado un crecimiento constante en las redes sociales desde su participaci\u00f3n en Gran Hermano.<\/p>\n\n\n\n<figure class=\"wp-block-image size-full\"><img decoding=\"async\" width=\"623\" height=\"543\" src=\"http:\/\/diariodigitalnea.com\/wp-content\/uploads\/2023\/05\/marc.jpg\" alt=\"\" class=\"wp-image-8456\" srcset=\"https:\/\/diariodigitalnea.com\/wp-content\/uploads\/2023\/05\/marc.jpg 623w, https:\/\/diariodigitalnea.com\/wp-content\/uploads\/2023\/05\/marc-300x261.jpg 300w\" sizes=\"(max-width: 623px) 100vw, 623px\" \/><\/figure>\n\n\n\n<p>Adem\u00e1s de Marcos y Julieta Poggio, Margarita contar\u00e1 con la participaci\u00f3n de reconocidos actores como Isabel Macedo y Graciela Stefani, quienes interpretar\u00e1n a las villanas Delfina y Malala, respectivamente. Estas incorporaciones prometen a\u00f1adir emoci\u00f3n y conflictos a la trama de la serie.<\/p>\n","protected":false},"excerpt":{"rendered":"<p>Hace unas horas, aseguraron que los ex Gran Hermano, Marcos Ginocchio y Julieta Poggio fueron convocados por Cris Morena para ser los protagonistas de \u00e9xito de Florencia Bertotti. Marcos Ginocchio y Julieta Poggio, reconocidos por su participaci\u00f3n en la \u00faltima edici\u00f3n del exitoso reality show Gran Hermano, han recibido una oportunidad \u00fanica en el mundo [&hellip;]<\/p>\n","protected":false},"author":3,"featured_media":8455,"comment_status":"closed","ping_status":"closed","sticky":false,"template":"","format":"standard","meta":{"om_disable_all_campaigns":false,"_monsterinsights_skip_tracking":false,"_monsterinsights_sitenote_active":false,"_monsterinsights_sitenote_note":"","_monsterinsights_sitenote_category":0,"footnotes":""},"categories":[7],"tags":[2937,1452,2214,2938],"class_list":["post-8453","post","type-post","status-publish","format-standard","has-post-thumbnail","hentry","category-espectaculos","tag-cris-morena","tag-julieta-poggio","tag-marcos-ginocchio","tag-margarita"],"aioseo_notices":[],"amp_enabled":true,"_links":{"self":[{"href":"https:\/\/diariodigitalnea.com\/index.php\/wp-json\/wp\/v2\/posts\/8453","targetHints":{"allow":["GET"]}}],"collection":[{"href":"https:\/\/diariodigitalnea.com\/index.php\/wp-json\/wp\/v2\/posts"}],"about":[{"href":"https:\/\/diariodigitalnea.com\/index.php\/wp-json\/wp\/v2\/types\/post"}],"author":[{"embeddable":true,"href":"https:\/\/diariodigitalnea.com\/index.php\/wp-json\/wp\/v2\/users\/3"}],"replies":[{"embeddable":true,"href":"https:\/\/diariodigitalnea.com\/index.php\/wp-json\/wp\/v2\/comments?post=8453"}],"version-history":[{"count":2,"href":"https:\/\/diariodigitalnea.com\/index.php\/wp-json\/wp\/v2\/posts\/8453\/revisions"}],"predecessor-version":[{"id":8459,"href":"https:\/\/diariodigitalnea.com\/index.php\/wp-json\/wp\/v2\/posts\/8453\/revisions\/8459"}],"wp:featuredmedia":[{"embeddable":true,"href":"https:\/\/diariodigitalnea.com\/index.php\/wp-json\/wp\/v2\/media\/8455"}],"wp:attachment":[{"href":"https:\/\/diariodigitalnea.com\/index.php\/wp-json\/wp\/v2\/media?parent=8453"}],"wp:term":[{"taxonomy":"category","embeddable":true,"href":"https:\/\/diariodigitalnea.com\/index.php\/wp-json\/wp\/v2\/categories?post=8453"},{"taxonomy":"post_tag","embeddable":true,"href":"https:\/\/diariodigitalnea.com\/index.php\/wp-json\/wp\/v2\/tags?post=8453"}],"curies":[{"name":"wp","href":"https:\/\/api.w.org\/{rel}","templated":true}]}}