{"id":8377,"date":"2023-05-24T02:19:46","date_gmt":"2023-05-24T02:19:46","guid":{"rendered":"https:\/\/diariodigitalnea.com\/?p=8377"},"modified":"2023-05-24T02:19:47","modified_gmt":"2023-05-24T02:19:47","slug":"la-defensoria-solicito-a-secheep-que-se-posterguen-a-60-dias-los-avisos-de-corte","status":"publish","type":"post","link":"https:\/\/diariodigitalnea.com\/index.php\/2023\/05\/24\/la-defensoria-solicito-a-secheep-que-se-posterguen-a-60-dias-los-avisos-de-corte\/","title":{"rendered":"La defensor\u00eda solicit\u00f3 a Secheep que se posterguen a 60 d\u00edas los avisos de corte"},"content":{"rendered":"\n<p><em>Mediante una presentaci\u00f3n de oficio, se hizo alusi\u00f3n \u00a0tambi\u00e9n en el contar con dos facturas impagas.\u00a0 Se insta a su vez a formas\u00a0 de cobro digitales, al igual que \u00a0se eliminen los tiempos de espera excesivos en la atenci\u00f3n al p\u00fablico.<\/em><\/p>\n\n\n\n<p>La Defensor\u00eda del Pueblo realiz\u00f3 una nueva presentaci\u00f3n a la empresa Secheep\u00a0 donde se indic\u00f3 que se arbitren las medidas necesarias para postergar los avisos de corte, en vez \u00a0de treinta d\u00edas, \u00a0a sesenta d\u00edas. Adem\u00e1s que los cortes se realicen con dos facturas impagas, no con una como ocurre en la actualidad, entendiendo el nivel de incrementos que se contin\u00faan dando.<\/p>\n\n\n\n<figure class=\"wp-block-image size-large\"><img fetchpriority=\"high\" decoding=\"async\" width=\"1024\" height=\"768\" src=\"http:\/\/diariodigitalnea.com\/wp-content\/uploads\/2023\/05\/4-1-1024x768.jpg\" alt=\"\" class=\"wp-image-8379\" srcset=\"https:\/\/diariodigitalnea.com\/wp-content\/uploads\/2023\/05\/4-1-1024x768.jpg 1024w, https:\/\/diariodigitalnea.com\/wp-content\/uploads\/2023\/05\/4-1-300x225.jpg 300w, https:\/\/diariodigitalnea.com\/wp-content\/uploads\/2023\/05\/4-1-768x576.jpg 768w, https:\/\/diariodigitalnea.com\/wp-content\/uploads\/2023\/05\/4-1-1536x1152.jpg 1536w, https:\/\/diariodigitalnea.com\/wp-content\/uploads\/2023\/05\/4-1.jpg 1600w\" sizes=\"(max-width: 1024px) 100vw, 1024px\" \/><\/figure>\n\n\n\n<p>La misma concibe que los aumentos e incrementos en la factura de luz requieran un plazo razonable para que las y los usuarios puedan hacer los pagos correspondientes. Desde el organismo se indic\u00f3 que \u201cconsideramos que es necesario instrumentar un plazo de gracia para las familias y usuarios chaque\u00f1os puedan afrontar estos pagos. <\/p>\n\n\n\n<p>Del mismo modo hemos encontrado numerosos casos de aumentos por un porcentual mayor al previsto, que incluso es contrario a lo establecido en la ley de defensa del consumidor en el cap\u00edtulo de servicios p\u00fablicos\u201d, explicaba el Defensor del Pueblo, Bernardo Voloj.\u00a0 Por lo tanto se ha requerido que se vea de forma urgente la revisi\u00f3n de las mediciones realizadas.<\/p>\n\n\n\n<figure class=\"wp-block-image size-large\"><img decoding=\"async\" width=\"1024\" height=\"735\" src=\"http:\/\/diariodigitalnea.com\/wp-content\/uploads\/2023\/05\/3-2-1024x735.jpg\" alt=\"\" class=\"wp-image-8378\" srcset=\"https:\/\/diariodigitalnea.com\/wp-content\/uploads\/2023\/05\/3-2-1024x735.jpg 1024w, https:\/\/diariodigitalnea.com\/wp-content\/uploads\/2023\/05\/3-2-300x215.jpg 300w, https:\/\/diariodigitalnea.com\/wp-content\/uploads\/2023\/05\/3-2-768x552.jpg 768w, https:\/\/diariodigitalnea.com\/wp-content\/uploads\/2023\/05\/3-2-1536x1103.jpg 1536w, https:\/\/diariodigitalnea.com\/wp-content\/uploads\/2023\/05\/3-2.jpg 1600w\" sizes=\"(max-width: 1024px) 100vw, 1024px\" \/><\/figure>\n\n\n\n<p>Producto de un trabajo conjunto con el Defensor Adjunto, Hugo Maldonado, &nbsp;se plante\u00f3 la necesidad de que para poder acceder a los planes de financiamiento, se arbitren medios tecnol\u00f3gicos y digitales para no seguir incurriendo en las demoras y en el excesivo tiempo de espera en la atenci\u00f3n en oficinas.<\/p>\n\n\n\n<p>\u201cValoramos las medidas paliativas que se vienen tomando en la provincia, pero entendemos que la compleja situaci\u00f3n econ\u00f3mica amerita respuestas mucho m\u00e1s flexibles y adecuadas con la capacidad financiera y patrimonial de los usuarios y usuarias del servicio de energ\u00eda el\u00e9ctrica del Chaco\u201d, concluy\u00f3 el defensor.<\/p>\n\n\n\n<figure class=\"wp-block-image size-full\"><img decoding=\"async\" width=\"1024\" height=\"375\" src=\"http:\/\/diariodigitalnea.com\/wp-content\/uploads\/2022\/10\/CONSTRUCAL-CON-FABRICA.jpg\" alt=\"publicidad CONSTRUCAL\" class=\"wp-image-2241\" srcset=\"https:\/\/diariodigitalnea.com\/wp-content\/uploads\/2022\/10\/CONSTRUCAL-CON-FABRICA.jpg 1024w, https:\/\/diariodigitalnea.com\/wp-content\/uploads\/2022\/10\/CONSTRUCAL-CON-FABRICA-300x110.jpg 300w, https:\/\/diariodigitalnea.com\/wp-content\/uploads\/2022\/10\/CONSTRUCAL-CON-FABRICA-768x281.jpg 768w\" sizes=\"(max-width: 1024px) 100vw, 1024px\" \/><figcaption>Publicidad: ConstruCal Cales hidratas y vivas para uso vial y construcci\u00f3n TEL: 3624602737<\/figcaption><\/figure>\n","protected":false},"excerpt":{"rendered":"<p>Mediante una presentaci\u00f3n de oficio, se hizo alusi\u00f3n \u00a0tambi\u00e9n en el contar con dos facturas impagas.\u00a0 Se insta a su vez a formas\u00a0 de cobro digitales, al igual que \u00a0se eliminen los tiempos de espera excesivos en la atenci\u00f3n al p\u00fablico. La Defensor\u00eda del Pueblo realiz\u00f3 una nueva presentaci\u00f3n a la empresa Secheep\u00a0 donde se [&hellip;]<\/p>\n","protected":false},"author":3,"featured_media":8380,"comment_status":"closed","ping_status":"closed","sticky":false,"template":"","format":"standard","meta":{"om_disable_all_campaigns":false,"_monsterinsights_skip_tracking":false,"_monsterinsights_sitenote_active":false,"_monsterinsights_sitenote_note":"","_monsterinsights_sitenote_category":0,"footnotes":""},"categories":[33,5],"tags":[2916,1522,2063],"class_list":["post-8377","post","type-post","status-publish","format-standard","has-post-thumbnail","hentry","category-chaco","category-economia","tag-cortes-de-energia","tag-defensoria-del-pueblo","tag-secheep"],"aioseo_notices":[],"amp_enabled":true,"_links":{"self":[{"href":"https:\/\/diariodigitalnea.com\/index.php\/wp-json\/wp\/v2\/posts\/8377","targetHints":{"allow":["GET"]}}],"collection":[{"href":"https:\/\/diariodigitalnea.com\/index.php\/wp-json\/wp\/v2\/posts"}],"about":[{"href":"https:\/\/diariodigitalnea.com\/index.php\/wp-json\/wp\/v2\/types\/post"}],"author":[{"embeddable":true,"href":"https:\/\/diariodigitalnea.com\/index.php\/wp-json\/wp\/v2\/users\/3"}],"replies":[{"embeddable":true,"href":"https:\/\/diariodigitalnea.com\/index.php\/wp-json\/wp\/v2\/comments?post=8377"}],"version-history":[{"count":1,"href":"https:\/\/diariodigitalnea.com\/index.php\/wp-json\/wp\/v2\/posts\/8377\/revisions"}],"predecessor-version":[{"id":8381,"href":"https:\/\/diariodigitalnea.com\/index.php\/wp-json\/wp\/v2\/posts\/8377\/revisions\/8381"}],"wp:featuredmedia":[{"embeddable":true,"href":"https:\/\/diariodigitalnea.com\/index.php\/wp-json\/wp\/v2\/media\/8380"}],"wp:attachment":[{"href":"https:\/\/diariodigitalnea.com\/index.php\/wp-json\/wp\/v2\/media?parent=8377"}],"wp:term":[{"taxonomy":"category","embeddable":true,"href":"https:\/\/diariodigitalnea.com\/index.php\/wp-json\/wp\/v2\/categories?post=8377"},{"taxonomy":"post_tag","embeddable":true,"href":"https:\/\/diariodigitalnea.com\/index.php\/wp-json\/wp\/v2\/tags?post=8377"}],"curies":[{"name":"wp","href":"https:\/\/api.w.org\/{rel}","templated":true}]}}