{"id":8041,"date":"2023-05-11T22:05:54","date_gmt":"2023-05-11T22:05:54","guid":{"rendered":"https:\/\/diariodigitalnea.com\/?p=8041"},"modified":"2023-05-11T22:05:55","modified_gmt":"2023-05-11T22:05:55","slug":"tragedia-en-salta-el-intendente-del-parque-nacional-los-cardones-murio-tras-caer-a-mas-de-5700-metros-de-altura","status":"publish","type":"post","link":"https:\/\/diariodigitalnea.com\/index.php\/2023\/05\/11\/tragedia-en-salta-el-intendente-del-parque-nacional-los-cardones-murio-tras-caer-a-mas-de-5700-metros-de-altura\/","title":{"rendered":"Tragedia en Salta: el intendente del Parque Nacional Los Cardones muri\u00f3 tras caer a m\u00e1s de 5700 metros de altura"},"content":{"rendered":"\n<p>El intendente del Parque Nacional Los Cardones, ubicado a alrededor de 120 kil\u00f3metros de la capital salte\u00f1a, Lucas Raimundo Busto, de 42 a\u00f1os, muri\u00f3 tras sufrir una ca\u00edda a m\u00e1s de 5700 metros de altura. \u00c9l estaba haciendo una expedici\u00f3n en el Nevado de Cachi junto a otra persona.<\/p>\n\n\n\n<p>Por el momento, se desconoce c\u00f3mo ocurri\u00f3 el accidente que provoc\u00f3 la tragedia y termin\u00f3 con la vida del intendente. Una posible hip\u00f3tesis es que el hombre perdi\u00f3 el equilibrio y cay\u00f3 desde lo m\u00e1s alto.<\/p>\n\n\n\n<p>Adem\u00e1s, las fuentes provinciales contaron que era el \u00faltimo tramo del recorrido antes de hacer cumbre, por lo que la ca\u00edda termin\u00f3 siendo fatal. Ahora, la fiscal penal 2 de la Unidad de Graves Atentados contra las Personas de Turno, Ver\u00f3nica Simesen de Bielke, se encarga de investigar el caso.<\/p>\n\n\n\n<figure class=\"wp-block-image size-full\"><img fetchpriority=\"high\" decoding=\"async\" width=\"879\" height=\"514\" src=\"http:\/\/diariodigitalnea.com\/wp-content\/uploads\/2023\/05\/nevado.jpg\" alt=\"\" class=\"wp-image-8043\" srcset=\"https:\/\/diariodigitalnea.com\/wp-content\/uploads\/2023\/05\/nevado.jpg 879w, https:\/\/diariodigitalnea.com\/wp-content\/uploads\/2023\/05\/nevado-300x175.jpg 300w, https:\/\/diariodigitalnea.com\/wp-content\/uploads\/2023\/05\/nevado-768x449.jpg 768w\" sizes=\"(max-width: 879px) 100vw, 879px\" \/><figcaption>El Nevado de Cachi en Salta<\/figcaption><\/figure>\n\n\n\n<p>Los miembros del Club Amigos de la Monta\u00f1a, el Grupo de Operaci\u00f3n y Rescates de Altura (GORA) y de la VII agrupaci\u00f3n de Gendarmer\u00eda Nacional fueron a retirar el cuerpo, el cual ser\u00e1 trasladado al Servicio de Tanatolog\u00eda Forense del Cuerpo de Investigaciones Fiscales para realizarle la autopsia correspondiente.<\/p>\n\n\n\n<h2 class=\"wp-block-heading\">La despedida de las autoridades del Parque Nacional Los Cardones a Lucas Raimundo Busto<\/h2>\n\n\n\n<p>A trav\u00e9s de la p\u00e1gina oficial de Facebook del Parque Nacional Los Cardones, los funcionarios que trabajan all\u00ed escribieron unas palabras para despedir a Lucas, quien se desempe\u00f1aba como intendente.<\/p>\n\n\n\n<p>\u201cNo hay palabras para expresar tanto dolor, se fue nuestro l\u00edder, un excelente compa\u00f1ero, amigo, una persona maravillosa\u201d, comenz\u00f3 el texto para el hombre que tambi\u00e9n trabaj\u00f3 como becario postdoctoral en el CONICET y en el Museo de Ciencias Naturales \u201cBernardino Rivadavia\u201d.<\/p>\n\n\n\n<figure class=\"wp-block-image size-large\"><img decoding=\"async\" width=\"1024\" height=\"1024\" src=\"http:\/\/diariodigitalnea.com\/wp-content\/uploads\/2023\/05\/lucas-1024x1024.jpg\" alt=\"\" class=\"wp-image-8042\" srcset=\"https:\/\/diariodigitalnea.com\/wp-content\/uploads\/2023\/05\/lucas-1024x1024.jpg 1024w, https:\/\/diariodigitalnea.com\/wp-content\/uploads\/2023\/05\/lucas-300x300.jpg 300w, https:\/\/diariodigitalnea.com\/wp-content\/uploads\/2023\/05\/lucas-150x150.jpg 150w, https:\/\/diariodigitalnea.com\/wp-content\/uploads\/2023\/05\/lucas-768x768.jpg 768w, https:\/\/diariodigitalnea.com\/wp-content\/uploads\/2023\/05\/lucas-200x200.jpg 200w, https:\/\/diariodigitalnea.com\/wp-content\/uploads\/2023\/05\/lucas.jpg 1080w\" sizes=\"(max-width: 1024px) 100vw, 1024px\" \/><\/figure>\n\n\n\n<p>\u201cLa familia del Parque Nacional Los Cardones ha sufrido una p\u00e9rdida irreparable que a\u00fan no podemos asumir. Nos queda un gran ejemplo y todos sus valores. Acompa\u00f1amos en el dolor a su familia y amigos. \u00a1Hasta siempre querido Lucas!\u201d, cierra el posteo.<\/p>\n","protected":false},"excerpt":{"rendered":"<p>El intendente del Parque Nacional Los Cardones, ubicado a alrededor de 120 kil\u00f3metros de la capital salte\u00f1a, Lucas Raimundo Busto, de 42 a\u00f1os, muri\u00f3 tras sufrir una ca\u00edda a m\u00e1s de 5700 metros de altura. \u00c9l estaba haciendo una expedici\u00f3n en el Nevado de Cachi junto a otra persona. Por el momento, se desconoce c\u00f3mo [&hellip;]<\/p>\n","protected":false},"author":3,"featured_media":8044,"comment_status":"closed","ping_status":"closed","sticky":false,"template":"","format":"standard","meta":{"om_disable_all_campaigns":false,"_monsterinsights_skip_tracking":false,"_monsterinsights_sitenote_active":false,"_monsterinsights_sitenote_note":"","_monsterinsights_sitenote_category":0,"footnotes":""},"categories":[95,2799],"tags":[2827,2826,1999,202],"class_list":["post-8041","post","type-post","status-publish","format-standard","has-post-thumbnail","hentry","category-informacion-general","category-mas-leidas","tag-nevado-de-cachi","tag-parque-nacional-los-cardones","tag-salta","tag-tragedia"],"aioseo_notices":[],"amp_enabled":true,"_links":{"self":[{"href":"https:\/\/diariodigitalnea.com\/index.php\/wp-json\/wp\/v2\/posts\/8041","targetHints":{"allow":["GET"]}}],"collection":[{"href":"https:\/\/diariodigitalnea.com\/index.php\/wp-json\/wp\/v2\/posts"}],"about":[{"href":"https:\/\/diariodigitalnea.com\/index.php\/wp-json\/wp\/v2\/types\/post"}],"author":[{"embeddable":true,"href":"https:\/\/diariodigitalnea.com\/index.php\/wp-json\/wp\/v2\/users\/3"}],"replies":[{"embeddable":true,"href":"https:\/\/diariodigitalnea.com\/index.php\/wp-json\/wp\/v2\/comments?post=8041"}],"version-history":[{"count":1,"href":"https:\/\/diariodigitalnea.com\/index.php\/wp-json\/wp\/v2\/posts\/8041\/revisions"}],"predecessor-version":[{"id":8045,"href":"https:\/\/diariodigitalnea.com\/index.php\/wp-json\/wp\/v2\/posts\/8041\/revisions\/8045"}],"wp:featuredmedia":[{"embeddable":true,"href":"https:\/\/diariodigitalnea.com\/index.php\/wp-json\/wp\/v2\/media\/8044"}],"wp:attachment":[{"href":"https:\/\/diariodigitalnea.com\/index.php\/wp-json\/wp\/v2\/media?parent=8041"}],"wp:term":[{"taxonomy":"category","embeddable":true,"href":"https:\/\/diariodigitalnea.com\/index.php\/wp-json\/wp\/v2\/categories?post=8041"},{"taxonomy":"post_tag","embeddable":true,"href":"https:\/\/diariodigitalnea.com\/index.php\/wp-json\/wp\/v2\/tags?post=8041"}],"curies":[{"name":"wp","href":"https:\/\/api.w.org\/{rel}","templated":true}]}}