{"id":7993,"date":"2023-05-09T01:27:31","date_gmt":"2023-05-09T01:27:31","guid":{"rendered":"https:\/\/diariodigitalnea.com\/?p=7993"},"modified":"2023-05-09T01:27:32","modified_gmt":"2023-05-09T01:27:32","slug":"georgina-rodriguez-la-esposa-de-cristiano-ronaldo-poso-con-la-microtendencia-denim-que-arrasa","status":"publish","type":"post","link":"https:\/\/diariodigitalnea.com\/index.php\/2023\/05\/09\/georgina-rodriguez-la-esposa-de-cristiano-ronaldo-poso-con-la-microtendencia-denim-que-arrasa\/","title":{"rendered":"Georgina Rodr\u00edguez, la esposa de Cristiano Ronaldo, pos\u00f3 con la microtendencia denim que arrasa"},"content":{"rendered":"\n<p>La modelo y empresaria realiz\u00f3 una sesi\u00f3n de fotos para la marca deportiva de la cual es embajadora, y combin\u00f3 sus prendas con el calzado de la temporada.<\/p>\n\n\n\n<p><br>El denim es el gran protagonista de este a\u00f1o, desde hace algunos meses varias celebridades argentinas vienen anticipando esta tendencia internacional, no solo llevando este g\u00e9nero en piezas de ropa, sino tambi\u00e9n en calzado.<\/p>\n\n\n\n<figure class=\"wp-block-image size-large\"><img fetchpriority=\"high\" decoding=\"async\" width=\"1024\" height=\"693\" src=\"https:\/\/diariodigitalnea.com\/wp-content\/uploads\/2023\/05\/georgina1-1024x693.jpg\" alt=\"\" class=\"wp-image-7997\" srcset=\"https:\/\/diariodigitalnea.com\/wp-content\/uploads\/2023\/05\/georgina1-1024x693.jpg 1024w, https:\/\/diariodigitalnea.com\/wp-content\/uploads\/2023\/05\/georgina1-300x203.jpg 300w, https:\/\/diariodigitalnea.com\/wp-content\/uploads\/2023\/05\/georgina1-768x520.jpg 768w, https:\/\/diariodigitalnea.com\/wp-content\/uploads\/2023\/05\/georgina1.jpg 1300w\" sizes=\"(max-width: 1024px) 100vw, 1024px\" \/><\/figure>\n\n\n\n<p><br>Esta fiebre ha causado que las grandes marcas decidan sus colecciones destinadas plenamente a los pantalones de jean, camperas o camisas vaqueras, convirtiendo sus complementos &#8211; las botas total denim-, en la microtendencia protagonista de la temporada.<\/p>\n\n\n\n<p><br>Georgina Rodr\u00edguez, la esposa de Cristiano Ronaldo, fue una de las \u00faltimas en reafirmarlo. La modelo realiz\u00f3 una sesi\u00f3n de fotos para la marca deportiva Alo Yoga, de la cual es embajadora en redes sociales y dio c\u00e1tedra sobre las mil maneras de lucir este revival de los 2000.<\/p>\n\n\n\n<figure class=\"wp-block-image size-large\"><img decoding=\"async\" width=\"1024\" height=\"795\" src=\"https:\/\/diariodigitalnea.com\/wp-content\/uploads\/2023\/05\/georgina2-1024x795.jpg\" alt=\"\" class=\"wp-image-7996\" srcset=\"https:\/\/diariodigitalnea.com\/wp-content\/uploads\/2023\/05\/georgina2-1024x795.jpg 1024w, https:\/\/diariodigitalnea.com\/wp-content\/uploads\/2023\/05\/georgina2-300x233.jpg 300w, https:\/\/diariodigitalnea.com\/wp-content\/uploads\/2023\/05\/georgina2-768x596.jpg 768w, https:\/\/diariodigitalnea.com\/wp-content\/uploads\/2023\/05\/georgina2.jpg 1300w\" sizes=\"(max-width: 1024px) 100vw, 1024px\" \/><\/figure>\n\n\n\n<p><br>En este caso, la empresaria pos\u00f3 con un par de botas color azul lavado, un tono azul m\u00e1s claro que el denim tradicional, que suele ser m\u00e1s oscuro. Un dise\u00f1o cowboy con un taco de 5 cent\u00edmetros, con plantillas flexibles de l\u00e1tex para no generar dolor ni molestia en los pies.<\/p>\n\n\n\n<p><\/p>\n\n\n\n<p>Este modelo simula el bajo de un pantal\u00f3n vaquero y pertenece a la marca Bershka. Tanto ha sido su \u00e9xito que actualmente se encuentra agotado en la p\u00e1gina web.<\/p>\n\n\n\n<p><\/p>\n\n\n\n<figure class=\"wp-block-image size-full\"><img decoding=\"async\" width=\"1024\" height=\"375\" src=\"http:\/\/diariodigitalnea.com\/wp-content\/uploads\/2022\/10\/CONSTRUCAL-CON-FABRICA.jpg\" alt=\"\" class=\"wp-image-2241\" srcset=\"https:\/\/diariodigitalnea.com\/wp-content\/uploads\/2022\/10\/CONSTRUCAL-CON-FABRICA.jpg 1024w, https:\/\/diariodigitalnea.com\/wp-content\/uploads\/2022\/10\/CONSTRUCAL-CON-FABRICA-300x110.jpg 300w, https:\/\/diariodigitalnea.com\/wp-content\/uploads\/2022\/10\/CONSTRUCAL-CON-FABRICA-768x281.jpg 768w\" sizes=\"(max-width: 1024px) 100vw, 1024px\" \/><figcaption>Publicidad: ConstruCal Cales hidratas y vivas para uso vial y construcci\u00f3n TEL: 3624602737<\/figcaption><\/figure>\n","protected":false},"excerpt":{"rendered":"<p>La modelo y empresaria realiz\u00f3 una sesi\u00f3n de fotos para la marca deportiva de la cual es embajadora, y combin\u00f3 sus prendas con el calzado de la temporada. El denim es el gran protagonista de este a\u00f1o, desde hace algunos meses varias celebridades argentinas vienen anticipando esta tendencia internacional, no solo llevando este g\u00e9nero en [&hellip;]<\/p>\n","protected":false},"author":4,"featured_media":7994,"comment_status":"closed","ping_status":"closed","sticky":false,"template":"","format":"standard","meta":{"om_disable_all_campaigns":false,"_monsterinsights_skip_tracking":false,"_monsterinsights_sitenote_active":false,"_monsterinsights_sitenote_note":"","_monsterinsights_sitenote_category":0,"footnotes":""},"categories":[7,2799],"tags":[2818,2038,449],"class_list":["post-7993","post","type-post","status-publish","format-standard","has-post-thumbnail","hentry","category-espectaculos","category-mas-leidas","tag-denim","tag-georgina-rodriguez-2","tag-moda"],"aioseo_notices":[],"amp_enabled":true,"_links":{"self":[{"href":"https:\/\/diariodigitalnea.com\/index.php\/wp-json\/wp\/v2\/posts\/7993","targetHints":{"allow":["GET"]}}],"collection":[{"href":"https:\/\/diariodigitalnea.com\/index.php\/wp-json\/wp\/v2\/posts"}],"about":[{"href":"https:\/\/diariodigitalnea.com\/index.php\/wp-json\/wp\/v2\/types\/post"}],"author":[{"embeddable":true,"href":"https:\/\/diariodigitalnea.com\/index.php\/wp-json\/wp\/v2\/users\/4"}],"replies":[{"embeddable":true,"href":"https:\/\/diariodigitalnea.com\/index.php\/wp-json\/wp\/v2\/comments?post=7993"}],"version-history":[{"count":1,"href":"https:\/\/diariodigitalnea.com\/index.php\/wp-json\/wp\/v2\/posts\/7993\/revisions"}],"predecessor-version":[{"id":7998,"href":"https:\/\/diariodigitalnea.com\/index.php\/wp-json\/wp\/v2\/posts\/7993\/revisions\/7998"}],"wp:featuredmedia":[{"embeddable":true,"href":"https:\/\/diariodigitalnea.com\/index.php\/wp-json\/wp\/v2\/media\/7994"}],"wp:attachment":[{"href":"https:\/\/diariodigitalnea.com\/index.php\/wp-json\/wp\/v2\/media?parent=7993"}],"wp:term":[{"taxonomy":"category","embeddable":true,"href":"https:\/\/diariodigitalnea.com\/index.php\/wp-json\/wp\/v2\/categories?post=7993"},{"taxonomy":"post_tag","embeddable":true,"href":"https:\/\/diariodigitalnea.com\/index.php\/wp-json\/wp\/v2\/tags?post=7993"}],"curies":[{"name":"wp","href":"https:\/\/api.w.org\/{rel}","templated":true}]}}