{"id":7961,"date":"2023-05-08T03:57:31","date_gmt":"2023-05-08T03:57:31","guid":{"rendered":"https:\/\/diariodigitalnea.com\/?p=7961"},"modified":"2023-05-08T03:57:32","modified_gmt":"2023-05-08T03:57:32","slug":"se-preve-una-semana-fresca-y-con-sol","status":"publish","type":"post","link":"https:\/\/diariodigitalnea.com\/index.php\/2023\/05\/08\/se-preve-una-semana-fresca-y-con-sol\/","title":{"rendered":"Se prev\u00e9 una semana fresca y con sol"},"content":{"rendered":"\n<p>Seg\u00fan informa el Servicio Meteorol\u00f3gico Nacional, se prev\u00e9 una semana con temperaturas que rondar\u00e1 entre 10 y 25 grados, sin presencia de precipitaciones.<\/p>\n\n\n\n<p>Para este lunes, la m\u00e1xima ser\u00e1 de 25\u00b0C y la m\u00ednima de 12 grados, con neblinas matinales y vientos del sector Sudeste durante toda la jornada. Para el martes la temperatura descender\u00e1 hasta los 11 grados y la m\u00e1xima oscilar\u00e1 los 24. El cielo se pronostica algo nublado sin precipitaciones.<\/p>\n\n\n\n<p>Para el mi\u00e9rcoles, la temperatura se mantendr\u00e1 igual que la jornada anterior, con neblinas matinales y cielo algo nublado. El jueves ser\u00e1 el d\u00eda m\u00e1s fresco de la semana, con 10\u00b0C de m\u00ednima. La m\u00e1xima se mantendr\u00eda en 24 grados. El viento virar\u00eda hacia el sector Noreste a unos 12 kil\u00f3metros por hora.<\/p>\n\n\n\n<p>El viernes se pronostica algo nublado y con temperaturas que ir\u00e1n entre los 11 y 24 grados. El viento vendr\u00e1 del sector Este.<\/p>\n\n\n\n<p>Para el fin de semana, las condiciones del tiempo continuar\u00e1n con las mismas proyecciones. El s\u00e1bado la temperatura oscilar\u00e1 entre los 11 y 22 grados.<\/p>\n\n\n\n<figure class=\"wp-block-image size-full\"><img fetchpriority=\"high\" decoding=\"async\" width=\"1024\" height=\"375\" src=\"http:\/\/diariodigitalnea.com\/wp-content\/uploads\/2022\/10\/CONSTRUCAL-CON-FABRICA.jpg\" alt=\"\" class=\"wp-image-2241\" srcset=\"https:\/\/diariodigitalnea.com\/wp-content\/uploads\/2022\/10\/CONSTRUCAL-CON-FABRICA.jpg 1024w, https:\/\/diariodigitalnea.com\/wp-content\/uploads\/2022\/10\/CONSTRUCAL-CON-FABRICA-300x110.jpg 300w, https:\/\/diariodigitalnea.com\/wp-content\/uploads\/2022\/10\/CONSTRUCAL-CON-FABRICA-768x281.jpg 768w\" sizes=\"(max-width: 1024px) 100vw, 1024px\" \/><figcaption>Publicidad: ConstruCal Cales hidratas y vivas para uso vial y construcci\u00f3n TEL: 3624602737<\/figcaption><\/figure>\n","protected":false},"excerpt":{"rendered":"<p>Seg\u00fan informa el Servicio Meteorol\u00f3gico Nacional, se prev\u00e9 una semana con temperaturas que rondar\u00e1 entre 10 y 25 grados, sin presencia de precipitaciones. Para este lunes, la m\u00e1xima ser\u00e1 de 25\u00b0C y la m\u00ednima de 12 grados, con neblinas matinales y vientos del sector Sudeste durante toda la jornada. Para el martes la temperatura descender\u00e1 [&hellip;]<\/p>\n","protected":false},"author":3,"featured_media":7962,"comment_status":"closed","ping_status":"closed","sticky":false,"template":"","format":"standard","meta":{"om_disable_all_campaigns":false,"_monsterinsights_skip_tracking":false,"_monsterinsights_sitenote_active":false,"_monsterinsights_sitenote_note":"","_monsterinsights_sitenote_category":0,"footnotes":""},"categories":[33],"tags":[235,106,195,236],"class_list":["post-7961","post","type-post","status-publish","format-standard","has-post-thumbnail","hentry","category-chaco","tag-fresco","tag-pronostico","tag-smn","tag-soleado"],"aioseo_notices":[],"amp_enabled":true,"_links":{"self":[{"href":"https:\/\/diariodigitalnea.com\/index.php\/wp-json\/wp\/v2\/posts\/7961","targetHints":{"allow":["GET"]}}],"collection":[{"href":"https:\/\/diariodigitalnea.com\/index.php\/wp-json\/wp\/v2\/posts"}],"about":[{"href":"https:\/\/diariodigitalnea.com\/index.php\/wp-json\/wp\/v2\/types\/post"}],"author":[{"embeddable":true,"href":"https:\/\/diariodigitalnea.com\/index.php\/wp-json\/wp\/v2\/users\/3"}],"replies":[{"embeddable":true,"href":"https:\/\/diariodigitalnea.com\/index.php\/wp-json\/wp\/v2\/comments?post=7961"}],"version-history":[{"count":1,"href":"https:\/\/diariodigitalnea.com\/index.php\/wp-json\/wp\/v2\/posts\/7961\/revisions"}],"predecessor-version":[{"id":7963,"href":"https:\/\/diariodigitalnea.com\/index.php\/wp-json\/wp\/v2\/posts\/7961\/revisions\/7963"}],"wp:featuredmedia":[{"embeddable":true,"href":"https:\/\/diariodigitalnea.com\/index.php\/wp-json\/wp\/v2\/media\/7962"}],"wp:attachment":[{"href":"https:\/\/diariodigitalnea.com\/index.php\/wp-json\/wp\/v2\/media?parent=7961"}],"wp:term":[{"taxonomy":"category","embeddable":true,"href":"https:\/\/diariodigitalnea.com\/index.php\/wp-json\/wp\/v2\/categories?post=7961"},{"taxonomy":"post_tag","embeddable":true,"href":"https:\/\/diariodigitalnea.com\/index.php\/wp-json\/wp\/v2\/tags?post=7961"}],"curies":[{"name":"wp","href":"https:\/\/api.w.org\/{rel}","templated":true}]}}