{"id":7864,"date":"2023-05-04T00:07:13","date_gmt":"2023-05-04T00:07:13","guid":{"rendered":"https:\/\/diariodigitalnea.com\/?p=7864"},"modified":"2023-05-04T00:07:15","modified_gmt":"2023-05-04T00:07:15","slug":"la-seleccion-argentina-tendra-su-auto-en-la-mitica-carrera-de-las-500-millas-de-indianapolis","status":"publish","type":"post","link":"https:\/\/diariodigitalnea.com\/index.php\/2023\/05\/04\/la-seleccion-argentina-tendra-su-auto-en-la-mitica-carrera-de-las-500-millas-de-indianapolis\/","title":{"rendered":"La Selecci\u00f3n argentina tendr\u00e1 su auto en la m\u00edtica carrera de las 500 Millas de Indian\u00e1polis"},"content":{"rendered":"\n<p>Agust\u00edn Canapino utilizar\u00e1 el domingo 28 de mayo un dise\u00f1o en homenaje al combinado campe\u00f3n del mundo. Las fotos del flamante veh\u00edculo.<\/p>\n\n\n\n<p><br>Agust\u00edn Canapino correr\u00e1 las 500 Millas de Indian\u00e1polis con un auto muy especial. El piloto argentino competir\u00e1 en el m\u00edtico circuito del IndyCar con un dise\u00f1o en homenaje a la Selecci\u00f3n y los campeones del mundo. En principio, solo se utilizar\u00e1 una vez, el domingo 28 de mayo.<\/p>\n\n\n\n<p><\/p>\n\n\n\n<p>\u00abEl Dallara-Chevrolet #78 de la NTT INDYCAR SERIES llevar\u00e1 los colores y el escudo de AFA celebrando los tres campeonatos del mundo obtenidos por la Argentina en el Indian\u00e1polis Motor Speedway\u00bb, inform\u00f3 la casa madre del f\u00fatbol albiceleste a trav\u00e9s de un comunicado.<\/p>\n\n\n\n<figure class=\"wp-block-image size-large\"><img fetchpriority=\"high\" decoding=\"async\" width=\"1024\" height=\"742\" src=\"https:\/\/diariodigitalnea.com\/wp-content\/uploads\/2023\/05\/AUTO-1024x742.jpg\" alt=\"\" class=\"wp-image-7866\" srcset=\"https:\/\/diariodigitalnea.com\/wp-content\/uploads\/2023\/05\/AUTO-1024x742.jpg 1024w, https:\/\/diariodigitalnea.com\/wp-content\/uploads\/2023\/05\/AUTO-300x217.jpg 300w, https:\/\/diariodigitalnea.com\/wp-content\/uploads\/2023\/05\/AUTO-768x557.jpg 768w, https:\/\/diariodigitalnea.com\/wp-content\/uploads\/2023\/05\/AUTO-160x117.jpg 160w, https:\/\/diariodigitalnea.com\/wp-content\/uploads\/2023\/05\/AUTO.jpg 1300w\" sizes=\"(max-width: 1024px) 100vw, 1024px\" \/><\/figure>\n\n\n\n<p>El auto, que ser\u00e1 conducido por Canapino, cuenta con un dise\u00f1o basado en la Copa del Mundo y los colores de Argentina. Ser\u00e1 el debut para el arrecife\u00f1o en esta m\u00edtica carrera, en la edici\u00f3n n\u00famero 107\u00ba.<\/p>\n\n\n\n<p><\/p>\n\n\n\n<p>\u00abEstas acciones destacan la uni\u00f3n entre los argentinos a trav\u00e9s del deporte. Poder hoy unir dos grandes pasiones como el f\u00fatbol y el automovilismo en una territorio extranjero es una demostraci\u00f3n de trabajo en equipo\u00bb, declar\u00f3 Chiqui Tapia.<\/p>\n\n\n\n<figure class=\"wp-block-image size-full is-resized\"><img decoding=\"async\" src=\"https:\/\/diariodigitalnea.com\/wp-content\/uploads\/2023\/05\/AUTO1.jpg\" alt=\"\" class=\"wp-image-7867\" width=\"952\" height=\"802\" srcset=\"https:\/\/diariodigitalnea.com\/wp-content\/uploads\/2023\/05\/AUTO1.jpg 697w, https:\/\/diariodigitalnea.com\/wp-content\/uploads\/2023\/05\/AUTO1-300x253.jpg 300w\" sizes=\"(max-width: 952px) 100vw, 952px\" \/><\/figure>\n\n\n\n<p>\u00abEs un orgullo para la AFA apoyar a un piloto argentino en la emblem\u00e1tica carrera 500 Millas de Indian\u00e1polis y dese\u00e1ndole lo mejor a Agust\u00edn Canapino y al equipo Juncos Hollinger Racing\u00bb, agreg\u00f3 el presidente de la Asociaci\u00f3n del F\u00fatbol Argentino<\/p>\n\n\n\n<figure class=\"wp-block-image size-full\"><img decoding=\"async\" width=\"1024\" height=\"375\" src=\"http:\/\/diariodigitalnea.com\/wp-content\/uploads\/2022\/10\/CONSTRUCAL-CON-FABRICA.jpg\" alt=\"\" class=\"wp-image-2241\" srcset=\"https:\/\/diariodigitalnea.com\/wp-content\/uploads\/2022\/10\/CONSTRUCAL-CON-FABRICA.jpg 1024w, https:\/\/diariodigitalnea.com\/wp-content\/uploads\/2022\/10\/CONSTRUCAL-CON-FABRICA-300x110.jpg 300w, https:\/\/diariodigitalnea.com\/wp-content\/uploads\/2022\/10\/CONSTRUCAL-CON-FABRICA-768x281.jpg 768w\" sizes=\"(max-width: 1024px) 100vw, 1024px\" \/><figcaption>Publicidad: ConstruCal Cales hidratas y vivas para uso vial y construcci\u00f3n TEL: 3624602737<\/figcaption><\/figure>\n","protected":false},"excerpt":{"rendered":"<p>Agust\u00edn Canapino utilizar\u00e1 el domingo 28 de mayo un dise\u00f1o en homenaje al combinado campe\u00f3n del mundo. Las fotos del flamante veh\u00edculo. Agust\u00edn Canapino correr\u00e1 las 500 Millas de Indian\u00e1polis con un auto muy especial. El piloto argentino competir\u00e1 en el m\u00edtico circuito del IndyCar con un dise\u00f1o en homenaje a la Selecci\u00f3n y los [&hellip;]<\/p>\n","protected":false},"author":4,"featured_media":7865,"comment_status":"closed","ping_status":"closed","sticky":false,"template":"","format":"standard","meta":{"om_disable_all_campaigns":false,"_monsterinsights_skip_tracking":false,"_monsterinsights_sitenote_active":false,"_monsterinsights_sitenote_note":"","_monsterinsights_sitenote_category":0,"footnotes":""},"categories":[6,7,1345],"tags":[2779,689],"class_list":["post-7864","post","type-post","status-publish","format-standard","has-post-thumbnail","hentry","category-deporte","category-espectaculos","category-tecnologia","tag-500-millas-de-indianapolis","tag-automovilismo"],"aioseo_notices":[],"amp_enabled":true,"_links":{"self":[{"href":"https:\/\/diariodigitalnea.com\/index.php\/wp-json\/wp\/v2\/posts\/7864","targetHints":{"allow":["GET"]}}],"collection":[{"href":"https:\/\/diariodigitalnea.com\/index.php\/wp-json\/wp\/v2\/posts"}],"about":[{"href":"https:\/\/diariodigitalnea.com\/index.php\/wp-json\/wp\/v2\/types\/post"}],"author":[{"embeddable":true,"href":"https:\/\/diariodigitalnea.com\/index.php\/wp-json\/wp\/v2\/users\/4"}],"replies":[{"embeddable":true,"href":"https:\/\/diariodigitalnea.com\/index.php\/wp-json\/wp\/v2\/comments?post=7864"}],"version-history":[{"count":1,"href":"https:\/\/diariodigitalnea.com\/index.php\/wp-json\/wp\/v2\/posts\/7864\/revisions"}],"predecessor-version":[{"id":7868,"href":"https:\/\/diariodigitalnea.com\/index.php\/wp-json\/wp\/v2\/posts\/7864\/revisions\/7868"}],"wp:featuredmedia":[{"embeddable":true,"href":"https:\/\/diariodigitalnea.com\/index.php\/wp-json\/wp\/v2\/media\/7865"}],"wp:attachment":[{"href":"https:\/\/diariodigitalnea.com\/index.php\/wp-json\/wp\/v2\/media?parent=7864"}],"wp:term":[{"taxonomy":"category","embeddable":true,"href":"https:\/\/diariodigitalnea.com\/index.php\/wp-json\/wp\/v2\/categories?post=7864"},{"taxonomy":"post_tag","embeddable":true,"href":"https:\/\/diariodigitalnea.com\/index.php\/wp-json\/wp\/v2\/tags?post=7864"}],"curies":[{"name":"wp","href":"https:\/\/api.w.org\/{rel}","templated":true}]}}