{"id":7859,"date":"2023-05-03T21:01:48","date_gmt":"2023-05-03T21:01:48","guid":{"rendered":"https:\/\/diariodigitalnea.com\/?p=7859"},"modified":"2023-05-03T21:03:59","modified_gmt":"2023-05-03T21:03:59","slug":"despues-de-casi-ocho-anos-benjamin-vicuna-conto-los-motivos-que-desencadenaron-su-separacion-de-pampita","status":"publish","type":"post","link":"https:\/\/diariodigitalnea.com\/index.php\/2023\/05\/03\/despues-de-casi-ocho-anos-benjamin-vicuna-conto-los-motivos-que-desencadenaron-su-separacion-de-pampita\/","title":{"rendered":"Despu\u00e9s de casi ocho a\u00f1os, Benjam\u00edn Vicu\u00f1a cont\u00f3 los motivos que desencadenaron su separaci\u00f3n de Pampita"},"content":{"rendered":"\n<p>El el marco del lanzamiento del libro que le dedic\u00f3 a su hija Blanca, el actor habl\u00f3 por primera vez del fin de su relaci\u00f3n con la modelo, con quien estuvo una d\u00e9cada.<\/p>\n\n\n\n<p>Benjam\u00edn Vicu\u00f1a siempre prefiri\u00f3 no dar detalles de su separaci\u00f3n de Pampita, ya que se dio en medio de un esc\u00e1ndalo all\u00e1 por diciembre de 2015, cuando lo encontr\u00f3 en un motorhome con la China Su\u00e1rez.Despu\u00e9s de casi ocho a\u00f1os, Benjam\u00edn Vicu\u00f1a cont\u00f3 los motivos que desencadenaron su separaci\u00f3n de Pampita.<\/p>\n\n\n\n<p> Sin embargo, despu\u00e9s de casi ocho a\u00f1os se sinti\u00f3 preparado para dar los detalles de aquellos motivos que lo fueron alejando de ella luego de haber tenido cuatro hijos y haber vivido juntos durante una d\u00e9cada.Despu\u00e9s de casi ocho a\u00f1os, Benjam\u00edn Vicu\u00f1a cont\u00f3 los motivos que desencadenaron su separaci\u00f3n de Pampita<\/p>\n\n\n\n<figure class=\"wp-block-image size-full\"><img fetchpriority=\"high\" decoding=\"async\" width=\"767\" height=\"430\" src=\"http:\/\/diariodigitalnea.com\/wp-content\/uploads\/2023\/05\/5POS6BVC4RDHVBRDLNUY34CWFQ.webp\" alt=\"\" class=\"wp-image-7861\" srcset=\"https:\/\/diariodigitalnea.com\/wp-content\/uploads\/2023\/05\/5POS6BVC4RDHVBRDLNUY34CWFQ.webp 767w, https:\/\/diariodigitalnea.com\/wp-content\/uploads\/2023\/05\/5POS6BVC4RDHVBRDLNUY34CWFQ-300x168.webp 300w\" sizes=\"(max-width: 767px) 100vw, 767px\" \/><\/figure>\n\n\n\n<p>El el marco del lanzamiento del libro que le dedic\u00f3 a su hija Blanca, el actor habl\u00f3 por primera vez del fin de su relaci\u00f3n con la modelo, con quien estuvo una d\u00e9cada.Benjam\u00edn Vicu\u00f1a siempre prefiri\u00f3 no dar detalles de su separaci\u00f3n de Pampita, ya que se dio en medio de un esc\u00e1ndalo all\u00e1 por diciembre de 2015, cuando lo encontr\u00f3 en un motorhome con la China Su\u00e1rez.<\/p>\n\n\n\n<p> Sin embargo, despu\u00e9s de casi ocho a\u00f1os se sinti\u00f3 preparado para dar los detalles de aquellos motivos que lo fueron alejando de ella luego de haber tenido cuatro hijos y haber vivido juntos durante una d\u00e9cada.<\/p>\n\n\n\n<p>En di\u00e1logo con la revista Velvet, el gal\u00e1n chileno reconoci\u00f3 que la muerte de Blanca, en septiembre de 2012, fue el principio del caos. \u201cEn alg\u00fan momento pude volver a pensar en nuestra separaci\u00f3n con Carolina. En alg\u00fan lado le\u00ed que despu\u00e9s de la muerte de un hijo el setenta y cinco por ciento de las parejas se separan. <\/p>\n\n\n\n<p>Es que es muy duro estar en ese c\u00edrculo donde se retroalimenta el dolor. Tienes que brindarle consuelo a tu pareja y es imposible porque est\u00e1s destruido, y a tu pareja le sucede lo mismo. No busco justificarlo, pero entiendo que tambi\u00e9n la tragedia nos separ\u00f3. Hoy lo que nos une es Blanca y nuestros otros hijos\u201d, explic\u00f3.<\/p>\n\n\n\n<p>El actor no mencion\u00f3 ni una palabra del d\u00eda que la modelo descubri\u00f3 su affaire con la ex Casi \u00e1ngeles, ni tampoco de las veces que se vincul\u00f3 a otras mujeres como Isabel Macedo, Romina Gaetani o Natalia Oreiro.<\/p>\n\n\n\n<p> Lo que s\u00ed qued\u00f3 claro en su momento es que Ardohain siempre luch\u00f3 por mantener a su familia de pie, y hasta acus\u00f3 a Su\u00e1rez de haber destruido cualquier tipo de posibilidad.<\/p>\n\n\n\n<p>Hoy esa historia es pasado para los protagonistas, pero la declaraciones de Vicu\u00f1a reflotaron la pol\u00e9mica escena en el set de filmaci\u00f3n de El Hilo Rojo que destruy\u00f3 el coraz\u00f3n de la pampeana.<\/p>\n","protected":false},"excerpt":{"rendered":"<p>El el marco del lanzamiento del libro que le dedic\u00f3 a su hija Blanca, el actor habl\u00f3 por primera vez del fin de su relaci\u00f3n con la modelo, con quien estuvo una d\u00e9cada. Benjam\u00edn Vicu\u00f1a siempre prefiri\u00f3 no dar detalles de su separaci\u00f3n de Pampita, ya que se dio en medio de un esc\u00e1ndalo all\u00e1 [&hellip;]<\/p>\n","protected":false},"author":3,"featured_media":7860,"comment_status":"closed","ping_status":"closed","sticky":false,"template":"","format":"standard","meta":{"om_disable_all_campaigns":false,"_monsterinsights_skip_tracking":false,"_monsterinsights_sitenote_active":false,"_monsterinsights_sitenote_note":"","_monsterinsights_sitenote_category":0,"footnotes":""},"categories":[7,95],"tags":[2777,2020,2778,1684,409,202,653],"class_list":["post-7859","post","type-post","status-publish","format-standard","has-post-thumbnail","hentry","category-espectaculos","category-informacion-general","tag-benjamin-vicuna","tag-engano","tag-libro","tag-pampita","tag-separacion","tag-tragedia","tag-traicion"],"aioseo_notices":[],"amp_enabled":true,"_links":{"self":[{"href":"https:\/\/diariodigitalnea.com\/index.php\/wp-json\/wp\/v2\/posts\/7859","targetHints":{"allow":["GET"]}}],"collection":[{"href":"https:\/\/diariodigitalnea.com\/index.php\/wp-json\/wp\/v2\/posts"}],"about":[{"href":"https:\/\/diariodigitalnea.com\/index.php\/wp-json\/wp\/v2\/types\/post"}],"author":[{"embeddable":true,"href":"https:\/\/diariodigitalnea.com\/index.php\/wp-json\/wp\/v2\/users\/3"}],"replies":[{"embeddable":true,"href":"https:\/\/diariodigitalnea.com\/index.php\/wp-json\/wp\/v2\/comments?post=7859"}],"version-history":[{"count":2,"href":"https:\/\/diariodigitalnea.com\/index.php\/wp-json\/wp\/v2\/posts\/7859\/revisions"}],"predecessor-version":[{"id":7863,"href":"https:\/\/diariodigitalnea.com\/index.php\/wp-json\/wp\/v2\/posts\/7859\/revisions\/7863"}],"wp:featuredmedia":[{"embeddable":true,"href":"https:\/\/diariodigitalnea.com\/index.php\/wp-json\/wp\/v2\/media\/7860"}],"wp:attachment":[{"href":"https:\/\/diariodigitalnea.com\/index.php\/wp-json\/wp\/v2\/media?parent=7859"}],"wp:term":[{"taxonomy":"category","embeddable":true,"href":"https:\/\/diariodigitalnea.com\/index.php\/wp-json\/wp\/v2\/categories?post=7859"},{"taxonomy":"post_tag","embeddable":true,"href":"https:\/\/diariodigitalnea.com\/index.php\/wp-json\/wp\/v2\/tags?post=7859"}],"curies":[{"name":"wp","href":"https:\/\/api.w.org\/{rel}","templated":true}]}}