{"id":7857,"date":"2023-05-03T17:04:12","date_gmt":"2023-05-03T17:04:12","guid":{"rendered":"https:\/\/diariodigitalnea.com\/?p=7857"},"modified":"2023-05-03T17:04:15","modified_gmt":"2023-05-03T17:04:15","slug":"ambar-de-benedictis-la-hija-de-juana-viale-debuto-como-modelo","status":"publish","type":"post","link":"https:\/\/diariodigitalnea.com\/index.php\/2023\/05\/03\/ambar-de-benedictis-la-hija-de-juana-viale-debuto-como-modelo\/","title":{"rendered":"\u00c1mbar de Benedictis, la hija de Juana Viale, debut\u00f3 como modelo"},"content":{"rendered":"\n<p>\u00c1mbar de Benedictis tiene un perfil m\u00e1s bajo que el de su madre, Juana Viale quien actualmente es una de las conductoras m\u00e1s prometedoras de la televisi\u00f3n a nivel nacional. La joven decidi\u00f3 escribir su propia historia y se aboc\u00f3 al mundo del modelaje a corta edad en lugar de adentrarse en el entretenimiento.<\/p>\n\n\n\n<figure class=\"wp-block-gallery has-nested-images columns-default is-cropped wp-block-gallery-1 is-layout-flex wp-block-gallery-is-layout-flex\">\n<figure class=\"wp-block-image size-large\"><img fetchpriority=\"high\" decoding=\"async\" width=\"534\" height=\"668\" data-id=\"7852\" src=\"http:\/\/diariodigitalnea.com\/wp-content\/uploads\/2023\/05\/ambar3.jpg\" alt=\"\" class=\"wp-image-7852\" srcset=\"https:\/\/diariodigitalnea.com\/wp-content\/uploads\/2023\/05\/ambar3.jpg 534w, https:\/\/diariodigitalnea.com\/wp-content\/uploads\/2023\/05\/ambar3-240x300.jpg 240w\" sizes=\"(max-width: 534px) 100vw, 534px\" \/><\/figure>\n\n\n\n<figure class=\"wp-block-image size-large\"><img decoding=\"async\" width=\"359\" height=\"461\" data-id=\"7850\" src=\"http:\/\/diariodigitalnea.com\/wp-content\/uploads\/2023\/05\/ambar.jpg\" alt=\"\" class=\"wp-image-7850\" srcset=\"https:\/\/diariodigitalnea.com\/wp-content\/uploads\/2023\/05\/ambar.jpg 359w, https:\/\/diariodigitalnea.com\/wp-content\/uploads\/2023\/05\/ambar-234x300.jpg 234w\" sizes=\"(max-width: 359px) 100vw, 359px\" \/><\/figure>\n\n\n\n<figure class=\"wp-block-image size-large\"><img decoding=\"async\" width=\"431\" height=\"447\" data-id=\"7851\" src=\"http:\/\/diariodigitalnea.com\/wp-content\/uploads\/2023\/05\/ambar2.jpg\" alt=\"\" class=\"wp-image-7851\" srcset=\"https:\/\/diariodigitalnea.com\/wp-content\/uploads\/2023\/05\/ambar2.jpg 431w, https:\/\/diariodigitalnea.com\/wp-content\/uploads\/2023\/05\/ambar2-289x300.jpg 289w\" sizes=\"(max-width: 431px) 100vw, 431px\" \/><\/figure>\n<\/figure>\n\n\n\n<p>As\u00ed, \u00c1mbar finalmente debut\u00f3 como modelo y protagoniz\u00f3 por primera vez una producci\u00f3n de fotos en ropa interior. De esta manera, la joven luci\u00f3 c\u00f3modos conjuntos de estilo deportivo as\u00ed tambi\u00e9n como remeras de algod\u00f3n sin mangas y shorts, prendas ideales para estar de entrecasa.<\/p>\n","protected":false},"excerpt":{"rendered":"<p>\u00c1mbar de Benedictis tiene un perfil m\u00e1s bajo que el de su madre, Juana Viale quien actualmente es una de las conductoras m\u00e1s prometedoras de la televisi\u00f3n a nivel nacional. La joven decidi\u00f3 escribir su propia historia y se aboc\u00f3 al mundo del modelaje a corta edad en lugar de adentrarse en el entretenimiento. As\u00ed, [&hellip;]<\/p>\n","protected":false},"author":3,"featured_media":7853,"comment_status":"closed","ping_status":"closed","sticky":false,"template":"","format":"standard","meta":{"om_disable_all_campaigns":false,"_monsterinsights_skip_tracking":false,"_monsterinsights_sitenote_active":false,"_monsterinsights_sitenote_note":"","_monsterinsights_sitenote_category":0,"footnotes":""},"categories":[7],"tags":[2775,679,2776,1195],"class_list":["post-7857","post","type-post","status-publish","format-standard","has-post-thumbnail","hentry","category-espectaculos","tag-ambar-de-benedictis","tag-juana-viale","tag-lenceria","tag-modelo"],"aioseo_notices":[],"amp_enabled":true,"_links":{"self":[{"href":"https:\/\/diariodigitalnea.com\/index.php\/wp-json\/wp\/v2\/posts\/7857","targetHints":{"allow":["GET"]}}],"collection":[{"href":"https:\/\/diariodigitalnea.com\/index.php\/wp-json\/wp\/v2\/posts"}],"about":[{"href":"https:\/\/diariodigitalnea.com\/index.php\/wp-json\/wp\/v2\/types\/post"}],"author":[{"embeddable":true,"href":"https:\/\/diariodigitalnea.com\/index.php\/wp-json\/wp\/v2\/users\/3"}],"replies":[{"embeddable":true,"href":"https:\/\/diariodigitalnea.com\/index.php\/wp-json\/wp\/v2\/comments?post=7857"}],"version-history":[{"count":1,"href":"https:\/\/diariodigitalnea.com\/index.php\/wp-json\/wp\/v2\/posts\/7857\/revisions"}],"predecessor-version":[{"id":7858,"href":"https:\/\/diariodigitalnea.com\/index.php\/wp-json\/wp\/v2\/posts\/7857\/revisions\/7858"}],"wp:featuredmedia":[{"embeddable":true,"href":"https:\/\/diariodigitalnea.com\/index.php\/wp-json\/wp\/v2\/media\/7853"}],"wp:attachment":[{"href":"https:\/\/diariodigitalnea.com\/index.php\/wp-json\/wp\/v2\/media?parent=7857"}],"wp:term":[{"taxonomy":"category","embeddable":true,"href":"https:\/\/diariodigitalnea.com\/index.php\/wp-json\/wp\/v2\/categories?post=7857"},{"taxonomy":"post_tag","embeddable":true,"href":"https:\/\/diariodigitalnea.com\/index.php\/wp-json\/wp\/v2\/tags?post=7857"}],"curies":[{"name":"wp","href":"https:\/\/api.w.org\/{rel}","templated":true}]}}