{"id":7775,"date":"2023-04-28T17:23:26","date_gmt":"2023-04-28T17:23:26","guid":{"rendered":"https:\/\/diariodigitalnea.com\/?p=7775"},"modified":"2023-04-28T17:23:27","modified_gmt":"2023-04-28T17:23:27","slug":"elida-cuesta-sera-la-candidata-a-intendente-de-resistencia-por-el-espacio-cer","status":"publish","type":"post","link":"https:\/\/diariodigitalnea.com\/index.php\/2023\/04\/28\/elida-cuesta-sera-la-candidata-a-intendente-de-resistencia-por-el-espacio-cer\/","title":{"rendered":"Elida Cuesta ser\u00e1 la candidata a Intendente de Resistencia por el espacio CER"},"content":{"rendered":"\n<p>El principal referente de la CER (Corriente de Expresi\u00f3n Renovada), Gustavo Mart\u00ednez, propuso a Elida Cuesta como candidata a intendenta de Resistencia. A trav\u00e9s de su cuenta de twitter @GustavoPorChaco y de @CerParaTodosOK, se\u00f1al\u00f3 que la actual presidenta de la Legislatura provincial es la persona para coordinar el equipo que contin\u00fae la transformaci\u00f3n de la ciudad.<\/p>\n\n\n\n<p>Venimos trabajando por una Resistencia para todos, que integra, incluye y genera m\u00e1s oportunidades para los vecinos. Queda mucho por hacer.<\/p>\n\n\n\n<p>\u201cEstamos convencidos de que la persona para continuar esta transformaci\u00f3n es<\/p>\n\n\n\n<p>Eli Cuesta como candidata a intendente\u201d, reflej\u00f3 en las redes.<\/p>\n\n\n\n<p>\u201cLa experiencia de Eli en el Ejecutivo Municipal (1995-1999), como concejal&nbsp; (2003-2011), en la Legislatura Provincial (2015-2019\/2021-2023) y su gran compromiso con la ciudad, la respaldan para este desaf\u00edo\u201d, afirm\u00f3.<\/p>\n\n\n\n<p>\u201cEs una mujer que transita espacios de toma de decisi\u00f3n con liderazgo y determinaci\u00f3n, y es el perfil que puede coordinar nuestro equipo para continuar el cambio en Resistencia\u201d, agreg\u00f3.<\/p>\n\n\n\n<p>Tambi\u00e9n se refiri\u00f3 a otros dos puntales de la CER, como son el actual secretario de Planificaci\u00f3n, Infraestructura y Ambiente, Guillermo Monz\u00f3n y el presidente del Concejo Municipal de Resistencia, Agust\u00edn Romero, que ser\u00e1n postulados como precandidatos a ocupar dos importantes funciones p\u00fablicas.<\/p>\n\n\n\n<p>\u201cAgust\u00edn y Guillermo son parte de nuestro equipo y est\u00e1n preparados para acompa\u00f1ar a Eli Cuesta, uno de ellos tomar\u00e1 el desaf\u00edo de ser presidente del Concejo Municipal y el otro asumir\u00e1 el compromiso como primer diputado provincial\u201d, manifest\u00f3.<\/p>\n\n\n\n<p>\u201cEste a\u00f1o tenemos que profundizar el cambio en nuestra ciudad y por eso queremos continuar con lo que empezamos y hacer lo que sabemos que nos falta. El Frente CER para Todos&nbsp; es la mejor alternativa para gobernar Resistencia y el Chaco\u201d, puntualiz\u00f3.<\/p>\n","protected":false},"excerpt":{"rendered":"<p>El principal referente de la CER (Corriente de Expresi\u00f3n Renovada), Gustavo Mart\u00ednez, propuso a Elida Cuesta como candidata a intendenta de Resistencia. A trav\u00e9s de su cuenta de twitter @GustavoPorChaco y de @CerParaTodosOK, se\u00f1al\u00f3 que la actual presidenta de la Legislatura provincial es la persona para coordinar el equipo que contin\u00fae la transformaci\u00f3n de la [&hellip;]<\/p>\n","protected":false},"author":3,"featured_media":7776,"comment_status":"closed","ping_status":"closed","sticky":false,"template":"","format":"standard","meta":{"om_disable_all_campaigns":false,"_monsterinsights_skip_tracking":false,"_monsterinsights_sitenote_active":false,"_monsterinsights_sitenote_note":"","_monsterinsights_sitenote_category":0,"footnotes":""},"categories":[33,4],"tags":[2742,59,599,2704],"class_list":["post-7775","post","type-post","status-publish","format-standard","has-post-thumbnail","hentry","category-chaco","category-politica","tag-elida-cuesta","tag-gustavo-martinez","tag-intendente","tag-legislatura-del-chaco"],"aioseo_notices":[],"amp_enabled":true,"_links":{"self":[{"href":"https:\/\/diariodigitalnea.com\/index.php\/wp-json\/wp\/v2\/posts\/7775","targetHints":{"allow":["GET"]}}],"collection":[{"href":"https:\/\/diariodigitalnea.com\/index.php\/wp-json\/wp\/v2\/posts"}],"about":[{"href":"https:\/\/diariodigitalnea.com\/index.php\/wp-json\/wp\/v2\/types\/post"}],"author":[{"embeddable":true,"href":"https:\/\/diariodigitalnea.com\/index.php\/wp-json\/wp\/v2\/users\/3"}],"replies":[{"embeddable":true,"href":"https:\/\/diariodigitalnea.com\/index.php\/wp-json\/wp\/v2\/comments?post=7775"}],"version-history":[{"count":1,"href":"https:\/\/diariodigitalnea.com\/index.php\/wp-json\/wp\/v2\/posts\/7775\/revisions"}],"predecessor-version":[{"id":7777,"href":"https:\/\/diariodigitalnea.com\/index.php\/wp-json\/wp\/v2\/posts\/7775\/revisions\/7777"}],"wp:featuredmedia":[{"embeddable":true,"href":"https:\/\/diariodigitalnea.com\/index.php\/wp-json\/wp\/v2\/media\/7776"}],"wp:attachment":[{"href":"https:\/\/diariodigitalnea.com\/index.php\/wp-json\/wp\/v2\/media?parent=7775"}],"wp:term":[{"taxonomy":"category","embeddable":true,"href":"https:\/\/diariodigitalnea.com\/index.php\/wp-json\/wp\/v2\/categories?post=7775"},{"taxonomy":"post_tag","embeddable":true,"href":"https:\/\/diariodigitalnea.com\/index.php\/wp-json\/wp\/v2\/tags?post=7775"}],"curies":[{"name":"wp","href":"https:\/\/api.w.org\/{rel}","templated":true}]}}