{"id":7742,"date":"2023-04-26T22:45:08","date_gmt":"2023-04-26T22:45:08","guid":{"rendered":"https:\/\/diariodigitalnea.com\/?p=7742"},"modified":"2023-04-26T22:48:52","modified_gmt":"2023-04-26T22:48:52","slug":"charla-informativa-en-el-dia-internacional-de-la-concientizacion-sobre-el-ruido","status":"publish","type":"post","link":"https:\/\/diariodigitalnea.com\/index.php\/2023\/04\/26\/charla-informativa-en-el-dia-internacional-de-la-concientizacion-sobre-el-ruido\/","title":{"rendered":"En el D\u00eda Internacional de la Concientizaci\u00f3n Sobre el Ruido: charla informativa sobre contaminaci\u00f3n sonora"},"content":{"rendered":"\n<p>El gobierno de Resistencia impuls\u00f3, este mi\u00e9rcoles, una charla informativa sobre los ruidos molestos y la contaminaci\u00f3n sonora, con el fin de capacitar a los vecinos sobre el Medio Ambiente y Desarrollo Humano.<\/p>\n\n\n\n<p><\/p>\n\n\n\n<p>Los inspectores de control ac\u00fastico ambiental expusieron sobre contaminaci\u00f3n sonora, ruidos molestos, impacto ambiental, forma de medici\u00f3n y otros aspectos en el tratamiento de esta problem\u00e1tica.<\/p>\n\n\n\n<p><\/p>\n\n\n\n<p>La jornada estuvo encabezada por el subsecretario de tr\u00e1nsito y seguridad ciudadana Mat\u00edas Breard, jefa de departamento de ruidos molestos Claudia Valenzuela y representantes de foros vecinales.<\/p>\n\n\n\n<figure class=\"wp-block-image size-large\"><img fetchpriority=\"high\" decoding=\"async\" width=\"1024\" height=\"599\" src=\"https:\/\/diariodigitalnea.com\/wp-content\/uploads\/2023\/04\/ruido5-1024x599.jpg\" alt=\"\" class=\"wp-image-7744\" srcset=\"https:\/\/diariodigitalnea.com\/wp-content\/uploads\/2023\/04\/ruido5-1024x599.jpg 1024w, https:\/\/diariodigitalnea.com\/wp-content\/uploads\/2023\/04\/ruido5-300x176.jpg 300w, https:\/\/diariodigitalnea.com\/wp-content\/uploads\/2023\/04\/ruido5-768x449.jpg 768w, https:\/\/diariodigitalnea.com\/wp-content\/uploads\/2023\/04\/ruido5.jpg 1200w\" sizes=\"(max-width: 1024px) 100vw, 1024px\" \/><\/figure>\n\n\n\n<p>El subsecretario Mat\u00edas Breard resalt\u00f3 el valor de estos eventos para concientizar sobre las consecuencias del ruido. \u201cCada tercer mi\u00e9rcoles del mes de abril se celebra el D\u00cdA INTERNACIONAL DE LA CONCIENTIZACI\u00d3N SOBRE EL RUIDO, para alertar y crear conciencia en la poblaci\u00f3n sobre los riesgos que tiene el ruido para el trastorno auditivo y su impacto en la salud, y en este sentido, hemos convocado a las autoridades municipales, agentes del \u00e1rea, a los representantes de comisiones vecinales para mantener un di\u00e1logo ameno en busca de tratar varios aspectos sobre el ruido en la ciudad\u201d.<\/p>\n\n\n\n<figure class=\"wp-block-image size-large\"><img decoding=\"async\" width=\"1024\" height=\"768\" src=\"https:\/\/diariodigitalnea.com\/wp-content\/uploads\/2023\/04\/ruidos3-1024x768.jpg\" alt=\"\" class=\"wp-image-7745\" srcset=\"https:\/\/diariodigitalnea.com\/wp-content\/uploads\/2023\/04\/ruidos3-1024x768.jpg 1024w, https:\/\/diariodigitalnea.com\/wp-content\/uploads\/2023\/04\/ruidos3-300x225.jpg 300w, https:\/\/diariodigitalnea.com\/wp-content\/uploads\/2023\/04\/ruidos3-768x576.jpg 768w, https:\/\/diariodigitalnea.com\/wp-content\/uploads\/2023\/04\/ruidos3-1536x1152.jpg 1536w, https:\/\/diariodigitalnea.com\/wp-content\/uploads\/2023\/04\/ruidos3.jpg 1600w\" sizes=\"(max-width: 1024px) 100vw, 1024px\" \/><\/figure>\n\n\n\n<p><br>\u201cVenimos trabajado incansablemente con alrededor de 50 a 60 denuncias, que son por m\u00fasica elevada en eventos no habilitados, con bandas en vivo, algunos ciudadanos que no respetan a sus vecinos, bares, boliches, kioscos, veh\u00edculos con sonidos incorporados y ca\u00f1o de escape libre, esto \u00faltimo una acci\u00f3n muy positiva con la compactaci\u00f3n de m\u00e1s de 300 ca\u00f1os de escapes antirreglamentario\u201d.<\/p>\n\n\n\n<p><\/p>\n\n\n\n<p>Breard adem\u00e1s agreg\u00f3 que, a partir de esta actividad, desde la comuna se trata de fortalecer los conocimientos de los vecinos que son los afectados por el impacto sonoro e informar c\u00f3mo se debe gestionar la denuncia, cu\u00e1l es el procedimiento que llevan adelante los inspectores, y c\u00f3mo se puede finalizar un evento, con excesivo ruido, poniendo en pr\u00e1ctica la resoluci\u00f3n 3593\/98 que nos habilita a la sanci\u00f3n y clausura del mismo\u201d, finaliz\u00f3.<\/p>\n\n\n\n<figure class=\"wp-block-image size-full\"><img decoding=\"async\" width=\"1024\" height=\"375\" src=\"http:\/\/diariodigitalnea.com\/wp-content\/uploads\/2022\/10\/CONSTRUCAL-CON-FABRICA.jpg\" alt=\"\" class=\"wp-image-2241\" srcset=\"https:\/\/diariodigitalnea.com\/wp-content\/uploads\/2022\/10\/CONSTRUCAL-CON-FABRICA.jpg 1024w, https:\/\/diariodigitalnea.com\/wp-content\/uploads\/2022\/10\/CONSTRUCAL-CON-FABRICA-300x110.jpg 300w, https:\/\/diariodigitalnea.com\/wp-content\/uploads\/2022\/10\/CONSTRUCAL-CON-FABRICA-768x281.jpg 768w\" sizes=\"(max-width: 1024px) 100vw, 1024px\" \/><figcaption>Publicidad: ConstruCal Cales hidratas y vivas para uso vial y construcci\u00f3n TEL: 3624602737<\/figcaption><\/figure>\n","protected":false},"excerpt":{"rendered":"<p>El gobierno de Resistencia impuls\u00f3, este mi\u00e9rcoles, una charla informativa sobre los ruidos molestos y la contaminaci\u00f3n sonora, con el fin de capacitar a los vecinos sobre el Medio Ambiente y Desarrollo Humano. Los inspectores de control ac\u00fastico ambiental expusieron sobre contaminaci\u00f3n sonora, ruidos molestos, impacto ambiental, forma de medici\u00f3n y otros aspectos en el [&hellip;]<\/p>\n","protected":false},"author":4,"featured_media":7743,"comment_status":"closed","ping_status":"closed","sticky":false,"template":"","format":"standard","meta":{"om_disable_all_campaigns":false,"_monsterinsights_skip_tracking":false,"_monsterinsights_sitenote_active":false,"_monsterinsights_sitenote_note":"","_monsterinsights_sitenote_category":0,"footnotes":""},"categories":[33,95,149],"tags":[2738,151,2737],"class_list":["post-7742","post","type-post","status-publish","format-standard","has-post-thumbnail","hentry","category-chaco","category-informacion-general","category-medio-ambiente","tag-desarrollo-humano","tag-medio-ambiente","tag-ruido"],"aioseo_notices":[],"amp_enabled":true,"_links":{"self":[{"href":"https:\/\/diariodigitalnea.com\/index.php\/wp-json\/wp\/v2\/posts\/7742","targetHints":{"allow":["GET"]}}],"collection":[{"href":"https:\/\/diariodigitalnea.com\/index.php\/wp-json\/wp\/v2\/posts"}],"about":[{"href":"https:\/\/diariodigitalnea.com\/index.php\/wp-json\/wp\/v2\/types\/post"}],"author":[{"embeddable":true,"href":"https:\/\/diariodigitalnea.com\/index.php\/wp-json\/wp\/v2\/users\/4"}],"replies":[{"embeddable":true,"href":"https:\/\/diariodigitalnea.com\/index.php\/wp-json\/wp\/v2\/comments?post=7742"}],"version-history":[{"count":3,"href":"https:\/\/diariodigitalnea.com\/index.php\/wp-json\/wp\/v2\/posts\/7742\/revisions"}],"predecessor-version":[{"id":7749,"href":"https:\/\/diariodigitalnea.com\/index.php\/wp-json\/wp\/v2\/posts\/7742\/revisions\/7749"}],"wp:featuredmedia":[{"embeddable":true,"href":"https:\/\/diariodigitalnea.com\/index.php\/wp-json\/wp\/v2\/media\/7743"}],"wp:attachment":[{"href":"https:\/\/diariodigitalnea.com\/index.php\/wp-json\/wp\/v2\/media?parent=7742"}],"wp:term":[{"taxonomy":"category","embeddable":true,"href":"https:\/\/diariodigitalnea.com\/index.php\/wp-json\/wp\/v2\/categories?post=7742"},{"taxonomy":"post_tag","embeddable":true,"href":"https:\/\/diariodigitalnea.com\/index.php\/wp-json\/wp\/v2\/tags?post=7742"}],"curies":[{"name":"wp","href":"https:\/\/api.w.org\/{rel}","templated":true}]}}