{"id":7683,"date":"2023-04-24T16:50:33","date_gmt":"2023-04-24T16:50:33","guid":{"rendered":"https:\/\/diariodigitalnea.com\/?p=7683"},"modified":"2023-04-24T16:50:34","modified_gmt":"2023-04-24T16:50:34","slug":"es-ley-podran-pedir-el-retiro-voluntario-quienes-esten-a-cargo-de-personas-con-discapacidad","status":"publish","type":"post","link":"https:\/\/diariodigitalnea.com\/index.php\/2023\/04\/24\/es-ley-podran-pedir-el-retiro-voluntario-quienes-esten-a-cargo-de-personas-con-discapacidad\/","title":{"rendered":"Es ley: podr\u00e1n pedir el retiro voluntario quienes est\u00e9n a cargo de personas con discapacidad"},"content":{"rendered":"\n<p>Con la premisa de construir una sociedad m\u00e1s inclusiva y con mejor calidad de vida, el Poder Legislativo sancion\u00f3 por unanimidad la Ley 3807 de retiro voluntario para el personal de la administraci\u00f3n p\u00fablica provincial que sean progenitores o familiares a cargo de personas con discapacidad. La normativa fue impulsada por la presidenta Elida Cuesta e instaura un r\u00e9gimen especial para las y los agentes con m\u00e1s de quince a\u00f1os de aportes al Instituto de Seguridad Social, Seguros y Pr\u00e9stamos (Insssep).<\/p>\n\n\n\n<p>Podr\u00e1n acogerse al beneficio a raz\u00f3n de un agente por persona con discapacidad, debidamente legitimada mediante el Certificado \u00danico de Discapacidad (CUD) emitido por el Instituto Provincial para la Inclusi\u00f3n de las Personas con Discapacidad (Iprodich).<\/p>\n\n\n\n<p>Cuesta agradeci\u00f3 el acompa\u00f1amiento de sus pares a la norma y asegur\u00f3 que desde la Legislatura chaque\u00f1a trabajan en leyes para mejorar la vida de las y los chaque\u00f1os. \u201cEsta era una demanda que ven\u00edamos trabajando hace tiempo, desde 2019, cuando lleg\u00f3 a nosotros por parte del doctor Mart\u00edn Carvajal y Graciela Aranda. Destaco el trabajo de las comisiones, de los asesores, del \u00e1rea de Discapacidad del Poder Legislativo, del Iprodich y el Insssep que trabajaron en esta normativa que viene a paliar un poco las necesidades de un mont\u00f3n de familias chaque\u00f1as, por lo que estamos en el camino correcto\u201d, manifest\u00f3.<\/p>\n\n\n\n<figure class=\"wp-block-image size-large\"><img fetchpriority=\"high\" decoding=\"async\" width=\"1024\" height=\"576\" src=\"http:\/\/diariodigitalnea.com\/wp-content\/uploads\/2023\/04\/discapacidad85-1024x576.jpg\" alt=\"\" class=\"wp-image-7686\" srcset=\"https:\/\/diariodigitalnea.com\/wp-content\/uploads\/2023\/04\/discapacidad85-1024x576.jpg 1024w, https:\/\/diariodigitalnea.com\/wp-content\/uploads\/2023\/04\/discapacidad85-300x169.jpg 300w, https:\/\/diariodigitalnea.com\/wp-content\/uploads\/2023\/04\/discapacidad85-768x432.jpg 768w, https:\/\/diariodigitalnea.com\/wp-content\/uploads\/2023\/04\/discapacidad85.jpg 1280w\" sizes=\"(max-width: 1024px) 100vw, 1024px\" \/><\/figure>\n\n\n\n<p>Por otra parte, la titular legislativa asegur\u00f3 que la contenci\u00f3n de las familias es muy importante, por lo que esta norma ayuda a transitar hacia una provincia inclusiva. \u201cCuando hablamos de un Chaco con mayor inclusi\u00f3n es importante entender lo dif\u00edcil que resulta para algunas familias costear gastos de tratamiento y cuidado de quienes lo necesitan, por lo que esta ley busca un mejor vivir para estas personas y sus familiares\u201d, resalt\u00f3 la presidenta.<\/p>\n\n\n\n<p>Asimismo, Cuesta afirm\u00f3 que la implementaci\u00f3n de esta norma no significa un mayor gasto remunerativo para el Estado y destac\u00f3 la mirada humana de todas las personas que hacen parte al Poder Legislativo. \u201cA partir de esta ley una mam\u00e1, un pap\u00e1 o cualquier familiar que est\u00e9 a cargo de una persona con discapacidad podr\u00e1 tener m\u00e1s tiempo para brindar esa atenci\u00f3n, ese cari\u00f1o, ese afecto que son tan necesarios en estos tiempos. Hoy estamos mostrando, quiz\u00e1, nuestro lado m\u00e1s humano\u201d, remarc\u00f3.<\/p>\n\n\n\n<p>La legisladora asegur\u00f3 que, adem\u00e1s, se constituir\u00e1 una comisi\u00f3n evaluadora que constatar\u00e1 la validez del tr\u00e1mite para que cada agente acceda a este beneficio, mientras que el Insssep continuar\u00e1 descontando los aportes jubilatorios para que, terminada la etapa laboral de cada agente, este pueda tramitar su jubilaci\u00f3n definitiva.<\/p>\n\n\n\n<figure class=\"wp-block-image size-large\"><img decoding=\"async\" width=\"1024\" height=\"683\" src=\"http:\/\/diariodigitalnea.com\/wp-content\/uploads\/2023\/04\/discapacidad2-1024x683.jpg\" alt=\"\" class=\"wp-image-7684\" srcset=\"https:\/\/diariodigitalnea.com\/wp-content\/uploads\/2023\/04\/discapacidad2-1024x683.jpg 1024w, https:\/\/diariodigitalnea.com\/wp-content\/uploads\/2023\/04\/discapacidad2-300x200.jpg 300w, https:\/\/diariodigitalnea.com\/wp-content\/uploads\/2023\/04\/discapacidad2-768x512.jpg 768w, https:\/\/diariodigitalnea.com\/wp-content\/uploads\/2023\/04\/discapacidad2-900x600.jpg 900w, https:\/\/diariodigitalnea.com\/wp-content\/uploads\/2023\/04\/discapacidad2.jpg 1200w\" sizes=\"(max-width: 1024px) 100vw, 1024px\" \/><\/figure>\n\n\n\n<h2 class=\"wp-block-heading\">La voluntad pol\u00edtica de mejorar la vida de la gente<\/h2>\n\n\n\n<p>Mart\u00edn Carvajal, tutor a cargo de una persona con discapacidad e impulsor de la normativa, manifest\u00f3 que esta ley es la concreci\u00f3n de a\u00f1os de trabajo y la voluntad pol\u00edtica de mejorar la vida de las familias que tienen a cargo a alguien con discapacidad. \u201cHace mucho tiempo estamos esperando ver la concreci\u00f3n de este proyecto y vimos desde un principio la voluntad pol\u00edtica de la presidenta, y de todos los legisladores, que tomaron conciencia de esta necesidad\u201d.<\/p>\n","protected":false},"excerpt":{"rendered":"<p>Con la premisa de construir una sociedad m\u00e1s inclusiva y con mejor calidad de vida, el Poder Legislativo sancion\u00f3 por unanimidad la Ley 3807 de retiro voluntario para el personal de la administraci\u00f3n p\u00fablica provincial que sean progenitores o familiares a cargo de personas con discapacidad. La normativa fue impulsada por la presidenta Elida Cuesta [&hellip;]<\/p>\n","protected":false},"author":3,"featured_media":7685,"comment_status":"closed","ping_status":"closed","sticky":false,"template":"","format":"standard","meta":{"om_disable_all_campaigns":false,"_monsterinsights_skip_tracking":false,"_monsterinsights_sitenote_active":false,"_monsterinsights_sitenote_note":"","_monsterinsights_sitenote_category":0,"footnotes":""},"categories":[33],"tags":[2704,2431,863,2703],"class_list":["post-7683","post","type-post","status-publish","format-standard","has-post-thumbnail","hentry","category-chaco","tag-legislatura-del-chaco","tag-ley","tag-personas-con-discapacidad","tag-retiro-voluntario"],"aioseo_notices":[],"amp_enabled":true,"_links":{"self":[{"href":"https:\/\/diariodigitalnea.com\/index.php\/wp-json\/wp\/v2\/posts\/7683","targetHints":{"allow":["GET"]}}],"collection":[{"href":"https:\/\/diariodigitalnea.com\/index.php\/wp-json\/wp\/v2\/posts"}],"about":[{"href":"https:\/\/diariodigitalnea.com\/index.php\/wp-json\/wp\/v2\/types\/post"}],"author":[{"embeddable":true,"href":"https:\/\/diariodigitalnea.com\/index.php\/wp-json\/wp\/v2\/users\/3"}],"replies":[{"embeddable":true,"href":"https:\/\/diariodigitalnea.com\/index.php\/wp-json\/wp\/v2\/comments?post=7683"}],"version-history":[{"count":1,"href":"https:\/\/diariodigitalnea.com\/index.php\/wp-json\/wp\/v2\/posts\/7683\/revisions"}],"predecessor-version":[{"id":7687,"href":"https:\/\/diariodigitalnea.com\/index.php\/wp-json\/wp\/v2\/posts\/7683\/revisions\/7687"}],"wp:featuredmedia":[{"embeddable":true,"href":"https:\/\/diariodigitalnea.com\/index.php\/wp-json\/wp\/v2\/media\/7685"}],"wp:attachment":[{"href":"https:\/\/diariodigitalnea.com\/index.php\/wp-json\/wp\/v2\/media?parent=7683"}],"wp:term":[{"taxonomy":"category","embeddable":true,"href":"https:\/\/diariodigitalnea.com\/index.php\/wp-json\/wp\/v2\/categories?post=7683"},{"taxonomy":"post_tag","embeddable":true,"href":"https:\/\/diariodigitalnea.com\/index.php\/wp-json\/wp\/v2\/tags?post=7683"}],"curies":[{"name":"wp","href":"https:\/\/api.w.org\/{rel}","templated":true}]}}